{"id":4054,"date":"2017-05-26T19:00:03","date_gmt":"2017-05-26T19:00:03","guid":{"rendered":"http:\/\/entandem.cat\/es\/actividades\/fi-de-curs-del-programa-amics-i-circ\/"},"modified":"2018-01-24T12:31:52","modified_gmt":"2018-01-24T12:31:52","slug":"fi-de-curs-del-programa-amics-i-circ","status":"publish","type":"post","link":"https:\/\/entandem.cat\/es\/prensa\/fi-de-curs-del-programa-amics-i-circ\/","title":{"rendered":"Fi de curs del programa Amics i Circ &#8211; betev\u00e9"},"content":{"rendered":"<h5>El projecte, destinat als joves del Bon Pastor i Bar\u00f3 de Viver, promou la salut mental, social i f\u00edsica dels adolescents.<\/h5>\n<p>Per betev\u00e9 noticies.<\/p>\n<p>La cinquena edici\u00f3 del programa Amics i Circ arriba a la cloenda amb una exhibici\u00f3 de circ. 24 joves d&#8217;entre 10 i 12 anys del Bon Pastor i Bar\u00f3 de Viver han apr\u00e8s t\u00e8cniques acrob\u00e0tiques com a activitat extraescolar. A m\u00e9s, un grup de voluntaris s&#8217;ha encarregat de fer un seguiment d&#8217;acompanyament per promoure l&#8217;autoestima dels adolescents i la confian\u00e7a en ells mateixos.<\/p>\n<p>El projecte Amics i Circ t\u00e9 com a objectiu reduir les desigualtats socials en salut i millorar les&#8230; <a href=\"http:\/\/beteve.cat\/fi-de-curs-del-programa-amics-i-circ\/\">Llegir l&#8217;article sencer. <\/a><\/p>\n<p><iframe loading=\"lazy\" src=\"https:\/\/btv.playty.com\/player#\/video?autoplay=1&amp;id=260517btv73circbaroviver\" width=\"600\" height=\"330\" frameborder=\"0\" allowfullscreen=\"allowfullscreen\"><\/iframe><\/p>\n<p>&nbsp;<\/p>\n<p>&nbsp;<\/p>\n","protected":false},"excerpt":{"rendered":"<p>El projecte, destinat als joves del Bon Pastor i Bar\u00f3 de Viver, promou la salut mental, social i f\u00edsica dels adolescents. Per betev\u00e9 noticies. La cinquena edici\u00f3 del programa Amics i Circ arriba a la cloenda amb una exhibici\u00f3 de circ. 24 joves d&#8217;entre 10 i 12 anys del Bon Pastor i Bar\u00f3 de Viver &hellip; <a href=\"https:\/\/entandem.cat\/es\/prensa\/fi-de-curs-del-programa-amics-i-circ\/\">Continued<\/a><\/p>\n","protected":false},"author":1,"featured_media":3266,"comment_status":"closed","ping_status":"open","sticky":false,"template":"","format":"standard","meta":{"footnotes":""},"categories":[319],"tags":[426,427,463,330,465,431,467,541,542,334,543,433,544,545,546,434,483,484,485,486,336,435,487,437,331,339,369,476],"class_list":["post-4054","post","type-post","status-publish","format-standard","has-post-thumbnail","hentry","category-prensa","tag-adolescencia-es","tag-adolescentes-es","tag-adolescents-es","tag-afev-es","tag-educacio-es","tag-educacion-es","tag-entandem-es","tag-exclusio-social-es","tag-exclusion-social-es","tag-fracas-escolar-es","tag-fracaso-escolar-es","tag-igualdad-es","tag-igualtat-doportunitats-es","tag-inclusio-es","tag-inclusion-es","tag-infancia-es","tag-infants-es","tag-jovenes-es","tag-joves-es","tag-mentoria-es","tag-mentoria-social-es","tag-ninas-es","tag-ninos-es","tag-voluntariado-es","tag-voluntariat-es","tag-voluntariat-social-es","tag-voluntariat-universitari-es","tag-voluntaris-es"],"yoast_head":"<!-- This site is optimized with the Yoast SEO plugin v27.0 - https:\/\/yoast.com\/product\/yoast-seo-wordpress\/ -->\n<title>Fi de curs del programa Amics i Circ - betev\u00e9 - enT\u00e0ndem<\/title>\n<meta name=\"description\" content=\"El projecte, destinat als joves del Bon Pastor i Bar\u00f3 de Viver, promou la salut mental, social i f\u00edsica dels adolescents. Per betev\u00e9 noticies.\" \/>\n<meta name=\"robots\" content=\"index, follow, max-snippet:-1, max-image-preview:large, max-video-preview:-1\" \/>\n<link rel=\"canonical\" href=\"https:\/\/entandem.cat\/es\/prensa\/fi-de-curs-del-programa-amics-i-circ\/\" \/>\n<meta property=\"og:locale\" content=\"es_ES\" \/>\n<meta property=\"og:type\" content=\"article\" \/>\n<meta property=\"og:title\" content=\"Fi de curs del programa Amics i Circ - betev\u00e9 - enT\u00e0ndem\" \/>\n<meta property=\"og:description\" content=\"El projecte, destinat als joves del Bon Pastor i Bar\u00f3 de Viver, promou la salut mental, social i f\u00edsica dels adolescents. Per betev\u00e9 noticies.\" \/>\n<meta property=\"og:url\" content=\"https:\/\/entandem.cat\/es\/prensa\/fi-de-curs-del-programa-amics-i-circ\/\" \/>\n<meta property=\"og:site_name\" content=\"enT\u00e0ndem\" \/>\n<meta property=\"article:publisher\" content=\"https:\/\/www.facebook.com\/afevcat\" \/>\n<meta property=\"article:published_time\" content=\"2017-05-26T19:00:03+00:00\" \/>\n<meta property=\"article:modified_time\" content=\"2018-01-24T12:31:52+00:00\" \/>\n<meta property=\"og:image\" content=\"https:\/\/entandem.cat\/wp-content\/uploads\/2017\/07\/2809-2.jpg\" \/>\n\t<meta property=\"og:image:width\" content=\"998\" \/>\n\t<meta property=\"og:image:height\" content=\"496\" \/>\n\t<meta property=\"og:image:type\" content=\"image\/jpeg\" \/>\n<meta name=\"author\" content=\"adminTandem\" \/>\n<meta name=\"twitter:card\" content=\"summary_large_image\" \/>\n<meta name=\"twitter:creator\" content=\"@afevcat\" \/>\n<meta name=\"twitter:site\" content=\"@afevcat\" \/>\n<meta name=\"twitter:label1\" content=\"Escrito por\" \/>\n\t<meta name=\"twitter:data1\" content=\"adminTandem\" \/>\n\t<meta name=\"twitter:label2\" content=\"Tiempo de lectura\" \/>\n\t<meta name=\"twitter:data2\" content=\"1 minuto\" \/>\n<script type=\"application\/ld+json\" class=\"yoast-schema-graph\">{\"@context\":\"https:\/\/schema.org\",\"@graph\":[{\"@type\":\"Article\",\"@id\":\"https:\/\/entandem.cat\/es\/prensa\/fi-de-curs-del-programa-amics-i-circ\/#article\",\"isPartOf\":{\"@id\":\"https:\/\/entandem.cat\/es\/prensa\/fi-de-curs-del-programa-amics-i-circ\/\"},\"author\":{\"name\":\"adminTandem\",\"@id\":\"https:\/\/entandem.cat\/#\/schema\/person\/2111428ce1954193a11054a1e2b5b0da\"},\"headline\":\"Fi de curs del programa Amics i Circ &#8211; betev\u00e9\",\"datePublished\":\"2017-05-26T19:00:03+00:00\",\"dateModified\":\"2018-01-24T12:31:52+00:00\",\"mainEntityOfPage\":{\"@id\":\"https:\/\/entandem.cat\/es\/prensa\/fi-de-curs-del-programa-amics-i-circ\/\"},\"wordCount\":128,\"publisher\":{\"@id\":\"https:\/\/entandem.cat\/#organization\"},\"image\":{\"@id\":\"https:\/\/entandem.cat\/es\/prensa\/fi-de-curs-del-programa-amics-i-circ\/#primaryimage\"},\"thumbnailUrl\":\"https:\/\/entandem.cat\/wp-content\/uploads\/2017\/07\/2809-2.jpg\",\"keywords\":[\"adolesc\u00e8ncia\",\"adolescentes\",\"adolescents\",\"afev\",\"educaci\u00f3\",\"educaci\u00f3n\",\"entandem\",\"exclusi\u00f3 social\",\"exclusi\u00f3n social\",\"frac\u00e0s escolar\",\"fracaso escolar\",\"igualdad\",\"igualtat d&#8217;oportunitats\",\"inclusi\u00f3\",\"inclusi\u00f3n\",\"inf\u00e0ncia\",\"infants\",\"jovenes\",\"joves\",\"mentoria\",\"mentoria social\",\"ni\u00f1as\",\"ni\u00f1os\",\"voluntariado\",\"voluntariat\",\"voluntariat social\",\"voluntariat universitari\",\"voluntaris\"],\"articleSection\":[\"Prensa\"],\"inLanguage\":\"es\"},{\"@type\":\"WebPage\",\"@id\":\"https:\/\/entandem.cat\/es\/prensa\/fi-de-curs-del-programa-amics-i-circ\/\",\"url\":\"https:\/\/entandem.cat\/es\/prensa\/fi-de-curs-del-programa-amics-i-circ\/\",\"name\":\"Fi de curs del programa Amics i Circ - betev\u00e9 - enT\u00e0ndem\",\"isPartOf\":{\"@id\":\"https:\/\/entandem.cat\/#website\"},\"primaryImageOfPage\":{\"@id\":\"https:\/\/entandem.cat\/es\/prensa\/fi-de-curs-del-programa-amics-i-circ\/#primaryimage\"},\"image\":{\"@id\":\"https:\/\/entandem.cat\/es\/prensa\/fi-de-curs-del-programa-amics-i-circ\/#primaryimage\"},\"thumbnailUrl\":\"https:\/\/entandem.cat\/wp-content\/uploads\/2017\/07\/2809-2.jpg\",\"datePublished\":\"2017-05-26T19:00:03+00:00\",\"dateModified\":\"2018-01-24T12:31:52+00:00\",\"description\":\"El projecte, destinat als joves del Bon Pastor i Bar\u00f3 de Viver, promou la salut mental, social i f\u00edsica dels adolescents. Per betev\u00e9 noticies.\",\"breadcrumb\":{\"@id\":\"https:\/\/entandem.cat\/es\/prensa\/fi-de-curs-del-programa-amics-i-circ\/#breadcrumb\"},\"inLanguage\":\"es\",\"potentialAction\":[{\"@type\":\"ReadAction\",\"target\":[\"https:\/\/entandem.cat\/es\/prensa\/fi-de-curs-del-programa-amics-i-circ\/\"]}]},{\"@type\":\"ImageObject\",\"inLanguage\":\"es\",\"@id\":\"https:\/\/entandem.cat\/es\/prensa\/fi-de-curs-del-programa-amics-i-circ\/#primaryimage\",\"url\":\"https:\/\/entandem.cat\/wp-content\/uploads\/2017\/07\/2809-2.jpg\",\"contentUrl\":\"https:\/\/entandem.cat\/wp-content\/uploads\/2017\/07\/2809-2.jpg\",\"width\":998,\"height\":496},{\"@type\":\"BreadcrumbList\",\"@id\":\"https:\/\/entandem.cat\/es\/prensa\/fi-de-curs-del-programa-amics-i-circ\/#breadcrumb\",\"itemListElement\":[{\"@type\":\"ListItem\",\"position\":1,\"name\":\"Inici\",\"item\":\"https:\/\/entandem.cat\/es\/\"},{\"@type\":\"ListItem\",\"position\":2,\"name\":\"Fi de curs del programa Amics i Circ &#8211; betev\u00e9\"}]},{\"@type\":\"WebSite\",\"@id\":\"https:\/\/entandem.cat\/#website\",\"url\":\"https:\/\/entandem.cat\/\",\"name\":\"enT\u00e0ndem\",\"description\":\"Voluntariat Social Universitari\",\"publisher\":{\"@id\":\"https:\/\/entandem.cat\/#organization\"},\"potentialAction\":[{\"@type\":\"SearchAction\",\"target\":{\"@type\":\"EntryPoint\",\"urlTemplate\":\"https:\/\/entandem.cat\/?s={search_term_string}\"},\"query-input\":{\"@type\":\"PropertyValueSpecification\",\"valueRequired\":true,\"valueName\":\"search_term_string\"}}],\"inLanguage\":\"es\"},{\"@type\":\"Organization\",\"@id\":\"https:\/\/entandem.cat\/#organization\",\"name\":\"enT\u00e0ndem\",\"url\":\"https:\/\/entandem.cat\/\",\"logo\":{\"@type\":\"ImageObject\",\"inLanguage\":\"es\",\"@id\":\"https:\/\/entandem.cat\/#\/schema\/logo\/image\/\",\"url\":\"https:\/\/entandem.cat\/wp-content\/uploads\/2016\/12\/logo-entandem.png\",\"contentUrl\":\"https:\/\/entandem.cat\/wp-content\/uploads\/2016\/12\/logo-entandem.png\",\"width\":166,\"height\":44,\"caption\":\"enT\u00e0ndem\"},\"image\":{\"@id\":\"https:\/\/entandem.cat\/#\/schema\/logo\/image\/\"},\"sameAs\":[\"https:\/\/www.facebook.com\/afevcat\",\"https:\/\/x.com\/afevcat\",\"https:\/\/www.instagram.com\/afevcat\/\"]},{\"@type\":\"Person\",\"@id\":\"https:\/\/entandem.cat\/#\/schema\/person\/2111428ce1954193a11054a1e2b5b0da\",\"name\":\"adminTandem\"}]}<\/script>\n<!-- \/ Yoast SEO plugin. -->","yoast_head_json":{"title":"Fi de curs del programa Amics i Circ - betev\u00e9 - enT\u00e0ndem","description":"El projecte, destinat als joves del Bon Pastor i Bar\u00f3 de Viver, promou la salut mental, social i f\u00edsica dels adolescents. Per betev\u00e9 noticies.","robots":{"index":"index","follow":"follow","max-snippet":"max-snippet:-1","max-image-preview":"max-image-preview:large","max-video-preview":"max-video-preview:-1"},"canonical":"https:\/\/entandem.cat\/es\/prensa\/fi-de-curs-del-programa-amics-i-circ\/","og_locale":"es_ES","og_type":"article","og_title":"Fi de curs del programa Amics i Circ - betev\u00e9 - enT\u00e0ndem","og_description":"El projecte, destinat als joves del Bon Pastor i Bar\u00f3 de Viver, promou la salut mental, social i f\u00edsica dels adolescents. Per betev\u00e9 noticies.","og_url":"https:\/\/entandem.cat\/es\/prensa\/fi-de-curs-del-programa-amics-i-circ\/","og_site_name":"enT\u00e0ndem","article_publisher":"https:\/\/www.facebook.com\/afevcat","article_published_time":"2017-05-26T19:00:03+00:00","article_modified_time":"2018-01-24T12:31:52+00:00","og_image":[{"width":998,"height":496,"url":"https:\/\/entandem.cat\/wp-content\/uploads\/2017\/07\/2809-2.jpg","type":"image\/jpeg"}],"author":"adminTandem","twitter_card":"summary_large_image","twitter_creator":"@afevcat","twitter_site":"@afevcat","twitter_misc":{"Escrito por":"adminTandem","Tiempo de lectura":"1 minuto"},"schema":{"@context":"https:\/\/schema.org","@graph":[{"@type":"Article","@id":"https:\/\/entandem.cat\/es\/prensa\/fi-de-curs-del-programa-amics-i-circ\/#article","isPartOf":{"@id":"https:\/\/entandem.cat\/es\/prensa\/fi-de-curs-del-programa-amics-i-circ\/"},"author":{"name":"adminTandem","@id":"https:\/\/entandem.cat\/#\/schema\/person\/2111428ce1954193a11054a1e2b5b0da"},"headline":"Fi de curs del programa Amics i Circ &#8211; betev\u00e9","datePublished":"2017-05-26T19:00:03+00:00","dateModified":"2018-01-24T12:31:52+00:00","mainEntityOfPage":{"@id":"https:\/\/entandem.cat\/es\/prensa\/fi-de-curs-del-programa-amics-i-circ\/"},"wordCount":128,"publisher":{"@id":"https:\/\/entandem.cat\/#organization"},"image":{"@id":"https:\/\/entandem.cat\/es\/prensa\/fi-de-curs-del-programa-amics-i-circ\/#primaryimage"},"thumbnailUrl":"https:\/\/entandem.cat\/wp-content\/uploads\/2017\/07\/2809-2.jpg","keywords":["adolesc\u00e8ncia","adolescentes","adolescents","afev","educaci\u00f3","educaci\u00f3n","entandem","exclusi\u00f3 social","exclusi\u00f3n social","frac\u00e0s escolar","fracaso escolar","igualdad","igualtat d&#8217;oportunitats","inclusi\u00f3","inclusi\u00f3n","inf\u00e0ncia","infants","jovenes","joves","mentoria","mentoria social","ni\u00f1as","ni\u00f1os","voluntariado","voluntariat","voluntariat social","voluntariat universitari","voluntaris"],"articleSection":["Prensa"],"inLanguage":"es"},{"@type":"WebPage","@id":"https:\/\/entandem.cat\/es\/prensa\/fi-de-curs-del-programa-amics-i-circ\/","url":"https:\/\/entandem.cat\/es\/prensa\/fi-de-curs-del-programa-amics-i-circ\/","name":"Fi de curs del programa Amics i Circ - betev\u00e9 - enT\u00e0ndem","isPartOf":{"@id":"https:\/\/entandem.cat\/#website"},"primaryImageOfPage":{"@id":"https:\/\/entandem.cat\/es\/prensa\/fi-de-curs-del-programa-amics-i-circ\/#primaryimage"},"image":{"@id":"https:\/\/entandem.cat\/es\/prensa\/fi-de-curs-del-programa-amics-i-circ\/#primaryimage"},"thumbnailUrl":"https:\/\/entandem.cat\/wp-content\/uploads\/2017\/07\/2809-2.jpg","datePublished":"2017-05-26T19:00:03+00:00","dateModified":"2018-01-24T12:31:52+00:00","description":"El projecte, destinat als joves del Bon Pastor i Bar\u00f3 de Viver, promou la salut mental, social i f\u00edsica dels adolescents. Per betev\u00e9 noticies.","breadcrumb":{"@id":"https:\/\/entandem.cat\/es\/prensa\/fi-de-curs-del-programa-amics-i-circ\/#breadcrumb"},"inLanguage":"es","potentialAction":[{"@type":"ReadAction","target":["https:\/\/entandem.cat\/es\/prensa\/fi-de-curs-del-programa-amics-i-circ\/"]}]},{"@type":"ImageObject","inLanguage":"es","@id":"https:\/\/entandem.cat\/es\/prensa\/fi-de-curs-del-programa-amics-i-circ\/#primaryimage","url":"https:\/\/entandem.cat\/wp-content\/uploads\/2017\/07\/2809-2.jpg","contentUrl":"https:\/\/entandem.cat\/wp-content\/uploads\/2017\/07\/2809-2.jpg","width":998,"height":496},{"@type":"BreadcrumbList","@id":"https:\/\/entandem.cat\/es\/prensa\/fi-de-curs-del-programa-amics-i-circ\/#breadcrumb","itemListElement":[{"@type":"ListItem","position":1,"name":"Inici","item":"https:\/\/entandem.cat\/es\/"},{"@type":"ListItem","position":2,"name":"Fi de curs del programa Amics i Circ &#8211; betev\u00e9"}]},{"@type":"WebSite","@id":"https:\/\/entandem.cat\/#website","url":"https:\/\/entandem.cat\/","name":"enT\u00e0ndem","description":"Voluntariat Social Universitari","publisher":{"@id":"https:\/\/entandem.cat\/#organization"},"potentialAction":[{"@type":"SearchAction","target":{"@type":"EntryPoint","urlTemplate":"https:\/\/entandem.cat\/?s={search_term_string}"},"query-input":{"@type":"PropertyValueSpecification","valueRequired":true,"valueName":"search_term_string"}}],"inLanguage":"es"},{"@type":"Organization","@id":"https:\/\/entandem.cat\/#organization","name":"enT\u00e0ndem","url":"https:\/\/entandem.cat\/","logo":{"@type":"ImageObject","inLanguage":"es","@id":"https:\/\/entandem.cat\/#\/schema\/logo\/image\/","url":"https:\/\/entandem.cat\/wp-content\/uploads\/2016\/12\/logo-entandem.png","contentUrl":"https:\/\/entandem.cat\/wp-content\/uploads\/2016\/12\/logo-entandem.png","width":166,"height":44,"caption":"enT\u00e0ndem"},"image":{"@id":"https:\/\/entandem.cat\/#\/schema\/logo\/image\/"},"sameAs":["https:\/\/www.facebook.com\/afevcat","https:\/\/x.com\/afevcat","https:\/\/www.instagram.com\/afevcat\/"]},{"@type":"Person","@id":"https:\/\/entandem.cat\/#\/schema\/person\/2111428ce1954193a11054a1e2b5b0da","name":"adminTandem"}]}},"_links":{"self":[{"href":"https:\/\/entandem.cat\/es\/wp-json\/wp\/v2\/posts\/4054","targetHints":{"allow":["GET"]}}],"collection":[{"href":"https:\/\/entandem.cat\/es\/wp-json\/wp\/v2\/posts"}],"about":[{"href":"https:\/\/entandem.cat\/es\/wp-json\/wp\/v2\/types\/post"}],"author":[{"embeddable":true,"href":"https:\/\/entandem.cat\/es\/wp-json\/wp\/v2\/users\/1"}],"replies":[{"embeddable":true,"href":"https:\/\/entandem.cat\/es\/wp-json\/wp\/v2\/comments?post=4054"}],"version-history":[{"count":0,"href":"https:\/\/entandem.cat\/es\/wp-json\/wp\/v2\/posts\/4054\/revisions"}],"wp:featuredmedia":[{"embeddable":true,"href":"https:\/\/entandem.cat\/es\/wp-json\/wp\/v2\/media\/3266"}],"wp:attachment":[{"href":"https:\/\/entandem.cat\/es\/wp-json\/wp\/v2\/media?parent=4054"}],"wp:term":[{"taxonomy":"category","embeddable":true,"href":"https:\/\/entandem.cat\/es\/wp-json\/wp\/v2\/categories?post=4054"},{"taxonomy":"post_tag","embeddable":true,"href":"https:\/\/entandem.cat\/es\/wp-json\/wp\/v2\/tags?post=4054"}],"curies":[{"name":"wp","href":"https:\/\/api.w.org\/{rel}","templated":true}]}}