{"id":4040,"date":"2017-03-31T12:43:34","date_gmt":"2017-03-31T12:43:34","guid":{"rendered":"http:\/\/entandem.cat\/es\/actividades\/agenda-cultural-abril-2017\/"},"modified":"2018-01-24T12:33:23","modified_gmt":"2018-01-24T12:33:23","slug":"agenda-cultural-abril-2017","status":"publish","type":"post","link":"https:\/\/entandem.cat\/es\/recursos-es\/agenda-cultural-abril-2017\/","title":{"rendered":"Agenda Cultural &#8211; Abril 2017"},"content":{"rendered":"<p><em><span style=\"color: #000000;\">Continuem a l&#8217;abril amb un recull <strong>d&#8217;activitats i sortides culturals<\/strong> pels vostres t\u00e0ndems ! Esperem que siguin del vostre inter\u00e8s!<\/span><\/em><\/p>\n<p>&nbsp;<\/p>\n<p><strong><span style=\"color: #99cc00;\">[Visita]<\/span> \u00ab <\/strong><a href=\"http:\/\/apropacultura.cat\/exposicionsFitxa.aspx?id=415\"><strong>Viatge a la historia d\u2019una ciutat<\/strong><\/a><strong> \u00bb<\/strong><\/p>\n<ul style=\"list-style-type: square;\">\n<li>De dimarts a diumenge a partir de les 10h a 17h30.<\/li>\n<li>El born Centre de Cultura i Mem\u00f2ria.<\/li>\n<li>Entrada gratu\u00efta pels t\u00e0ndems (m\u00ednim de 5 persones de la nostra organitzaci\u00f3)<\/li>\n<\/ul>\n<p><strong><span style=\"color: #99cc00;\">[Visita]<\/span> \u00ab <\/strong><a href=\"http:\/\/apropacultura.cat\/exposicionsFitxa.aspx?id=414\"><strong>La ciutat del Born<\/strong><\/a> <strong>\u00bb<\/strong><\/p>\n<ul style=\"list-style-type: square;\">\n<li>De dimarts a diumenge a partir de les 10h a 17h30.<\/li>\n<li>El born Centre de Cultura i Mem\u00f2ria.<\/li>\n<li>Entrada gratu\u00efta pels t\u00e0ndems (m\u00ednim de 5 persones de la nostra organitzaci\u00f3)<\/li>\n<\/ul>\n<p><strong><span style=\"color: #99cc00;\">[Visita]<\/span> \u00ab\u00a0<\/strong><a href=\"http:\/\/apropacultura.cat\/exposicionsFitxa.aspx?id=413\"><strong>Un mat\u00ed de contes al Born<\/strong><\/a><strong>\u00a0\u00bb<\/strong><\/p>\n<ul style=\"list-style-type: square;\">\n<li>De dimarts a diumenge a partir de les 10h a 17h30.<\/li>\n<li>El born Centre de Cultura i Mem\u00f2ria.<\/li>\n<li>Entrada gratu\u00efta pels t\u00e0ndems (m\u00ednim de 5 persones de la nostra organitzaci\u00f3)<\/li>\n<\/ul>\n<p><strong><span style=\"color: #99cc00;\">[Exposici\u00f3]<\/span> \u00ab\u00a0<\/strong><a href=\"http:\/\/guia.barcelona.cat\/ca\/detall\/la-politica-retratada-a-traves-del-dibuix-humoristic_99400480690.html\"><strong>La Pol\u00edtica retratada a trav\u00e9s del dibuix humor\u00edstic<\/strong><\/a><strong> \u00bb<\/strong><\/p>\n<ul style=\"list-style-type: square;\">\n<li>Del 14 de mar\u00e7 2017 al 11 de juny 2017, de dilluns a dissabtes de 10:00h a 20:00h \/ diumenges i festius de 10:00h a 14:30h.<\/li>\n<li><a href=\"http:\/\/guia.barcelona.cat\/ca\/detall\/palau-robert-centre-d-informacio-de-catalunya_92086011621.html\">Palau Robert &#8211; Centre d&#8217;Informaci\u00f3 de Catalunya<\/a><\/li>\n<li>Entrada gratu\u00efta<\/li>\n<\/ul>\n<p><strong><span style=\"color: #99cc00;\">[Exposici\u00f3]<\/span> <\/strong><strong>\u00ab <\/strong><a href=\"http:\/\/guia.barcelona.cat\/ca\/detall\/exposicio-barcelones-amagades-_99400480295.html\"><strong>Barcelones amagades<\/strong><\/a> <strong>\u00bb<\/strong><\/p>\n<ul style=\"list-style-type: square;\">\n<li>Del 09 de mar\u00e7 2017 al 22 de abril 2017, dilluns 16h-22h \/ de dimarts a divendres 9h30-13h30 i, de 16:00h a 22:00h \/ dissabtes de 10:30h a 13:30h i, de 16:30h a 20:30h<\/li>\n<li><a href=\"http:\/\/guia.barcelona.cat\/ca\/detall\/centre-civic-can-baste_95124132926.html\">Centre C\u00edvic Can Bast\u00e9<\/a><\/li>\n<li>Entrada gratu\u00efta<\/li>\n<\/ul>\n<p><span style=\"color: #99cc00;\"><strong>[Concurs ] <\/strong><\/span><strong>\u00ab<\/strong> <a href=\"http:\/\/guia.barcelona.cat\/ca\/detall\/festa-major-de-sant-gervasi-concurs-cartells-de-festa-major_99400480211.html\"><strong>Concurs cartells de festa major<\/strong><\/a> \u00bb<\/p>\n<ul style=\"list-style-type: square;\">\n<li>Del 14 de febrero 2017 al 29 de abril 2017<\/li>\n<li><a href=\"http:\/\/guia.barcelona.cat\/ca\/detall\/centre-civic-vil-la-florida_99400179909.html\">Centre C\u00edvic Vil\u00b7la Florida<\/a><\/li>\n<\/ul>\n<p><strong><span style=\"color: #99cc00;\">[Exposici\u00f3]<\/span> \u00ab\u00a0<\/strong><a href=\"http:\/\/guia.barcelona.cat\/ca\/detall\/dones-ficcions-i-realitats_99400479150.html\"><strong>Dones: ficcions i realitats<\/strong><\/a><strong> \u00bb<\/strong><\/p>\n<ul style=\"list-style-type: square;\">\n<li>Del 03 de mar\u00e7 2017 al 28 de maig 2017, Dimarts, dijous, divendres i dissabtes 10h \u2013 19h\u00a0 \/ dimecres de 10:00h a 20:00h \/ Diumenges i festius 10h00-14h30<\/li>\n<li><a href=\"http:\/\/guia.barcelona.cat\/ca\/detall\/museu-d-historia-de-catalunya_96025141508.html\">Museu d&#8217;Hist\u00f2ria de Catalunya<\/a><\/li>\n<li>Preu: 3,5e menors de 25 anys (L&#8217;entrada a l&#8217;exposici\u00f3 \u00e9s gratu\u00efta.el preu correspon a l&#8217;entrada al museu)<\/li>\n<\/ul>\n<p><span style=\"color: #99cc00;\">[<strong>Exposici\u00f3<\/strong>]<\/span> <strong>\u00ab<\/strong> <a href=\"http:\/\/guia.barcelona.cat\/ca\/detall\/dia-internacional-de-les-dones-exposicio-a-tu-tambe-et-pot-passar-_99400477908.html\"><strong>A tu tamb\u00e9 et pot passar!!!<\/strong><\/a><strong> \u00bb<\/strong><\/p>\n<ul style=\"list-style-type: square;\">\n<li>Del 01 de mar\u00e7 2017 al 01 de abril 2017<\/li>\n<li><a href=\"http:\/\/guia.barcelona.cat\/ca\/detall\/institut-poeta-maragall_92086007279.html\">Institut Poeta Maragall<\/a><\/li>\n<\/ul>\n<p><span style=\"color: #99cc00;\">[<strong>Activitat<\/strong>]<\/span> \u00ab <a href=\"http:\/\/www.guiadelocio.com\/barcelona\/ninos\/barcelona\/chic-y-tin\"><strong>Chic y Tin<\/strong><strong>:<\/strong> <strong>esdeveniment de fam\u00edlia de oci educaci\u00f3 i entreteniment<\/strong><\/a>\u00bb<\/p>\n<ul style=\"list-style-type: square;\">\n<li>El 1 de abril<\/li>\n<li>Pedralbes Centre<\/li>\n<li>Preu\u00a0: 5 euros (requerit per obtenir aquesta acreditaci\u00f3 per a tots els nens)<\/li>\n<\/ul>\n<p><span style=\"color: #99cc00;\">[<strong>Activitats<\/strong>]<\/span> \u00ab\u00a0 <a href=\"http:\/\/museuculturesmon.bcn.cat\/activitats-diumenge-novembre-2016\"><strong>Els diumenges ens movem!<\/strong><\/a> <strong>\u00bb<\/strong><\/p>\n<ul style=\"list-style-type: square;\">\n<li>A partir de diumenge 12 de mar\u00e7 i fins al 18 de juny el Museu Etnol\u00f2gic i Museu de Cultures del M\u00f3n de Barcelona us proposa un seguit d\u2019activitats diverses i per a tota la fam\u00edlia. Tallers, actuacions, visites guiades i les nostres exposicions estables i temporals tanquen els caps de setmana d\u2019una manera divertida i did\u00e0ctica.<\/li>\n<li>Per a reserves i m\u00e9s informaci\u00f3 telefoneu al 93.256.34.84 o adreceu-vos al correu electr\u00f2nic <a href=\"mailto:reservesmeb@bcn.cat\">reservesmeb@bcn.cat<\/a><\/li>\n<\/ul>\n<ul style=\"list-style-type: square;\">\n<li>Preu de cada activitat 3,5\u20ac\u00a0\u00a0\u00a0\u00a0\u00a0\u00a0\u00a0\u00a0<strong>\u00a0\u00a0\u00a0\u00a0\u00a0\u00a0\u00a0\u00a0\u00a0\u00a0 <\/strong><\/li>\n<\/ul>\n<p><span style=\"color: #99cc00;\"><strong>\u00a0<\/strong><\/span><strong><span style=\"color: #99cc00;\">[Cicle EstudisLaika]<\/span> \u00ab\u00a0<span style=\"color: #cc0404;\">El alucinante mundo de Norman\u00a0<\/span>\u00bb<\/strong><\/p>\n<ul style=\"list-style-type: square;\">\n<li>Dissabte 22 d\u2019abril a les 11.30h<\/li>\n<li>CaixaForum<\/li>\n<li>Preu\u00a0: 4 euros<\/li>\n<\/ul>\n<p><span style=\"color: #99cc00;\"><strong>\u00a0<\/strong><\/span><strong><span style=\"color: #99cc00;\">[CicleEstudisLaika]<\/span> \u00ab\u00a0<span style=\"color: #cc0404;\">The Boxtrolls\u00a0<\/span>\u00bb <\/strong><\/p>\n<ul style=\"list-style-type: square;\">\n<li>Dissabte 29 d\u2019abril a les 11.30h<\/li>\n<li>CaixaForum<\/li>\n<li>Preu\u00a0: 4 euros<\/li>\n<\/ul>\n<p><strong><span style=\"color: #99cc00;\">[Taller]<\/span> \u00ab <\/strong><a href=\"http:\/\/ajuntament.barcelona.cat\/biblioteques\/bibxavierbenguerel\/ca\/detall\/taller-com-filmar-amb-el-mobil_99400473584.html\"><strong>Com filmar amb el m\u00f2bil<\/strong><\/a><strong>\u00bb<\/strong><\/p>\n<ul style=\"list-style-type: square;\">\n<li>Del 20 de abril al 11 de maig2017 :\u00a0elsdijous a les 19h, elsdies 20 i 27 d\u2019abrili 4 i 11 de maig<\/li>\n<li><a href=\"http:\/\/ajuntament.barcelona.cat\/biblioteques\/bibxavierbenguerel\/ca\/detall\/biblioteca-xavier-benguerel_92086031155.html\">Biblioteca Xavier Benguerel<\/a><\/li>\n<\/ul>\n<ul style=\"list-style-type: square;\">\n<li>Preu: 13 euros.\u00a0 Cal incripci\u00f3pr\u00e8viaDurada: 4 sessions d&#8217;1h 30 minuts(6h). <strong>Cal inscripci\u00f3pr\u00e8via<\/strong>\u00a0trucant al 93 225 18 64, les places s\u00f3nlimitades<\/li>\n<\/ul>\n<p><strong><span style=\"color: #99cc00;\">[Exposici\u00f3 virtual]<\/span> \u00ab <\/strong><a href=\"http:\/\/arxiufotografic.bcn.cat\/ca\/nova-exposicio-virtual-els-estudis-de-fotografia-barcelona-al-segle-xix\"><strong>Elsestudis de fotografia a Barcelona al segle XIX<\/strong><\/a><strong>\u00bb<\/strong><\/p>\n<ul style=\"list-style-type: square;\">\n<li>De dilluns a dissabte, de 10 a 19 h. Festiustancat.<\/li>\n<li>Pla\u00e7a Pons iClerch, 2 planta 2a<\/li>\n<li>Entrada gratu\u00efta.<\/li>\n<\/ul>\n<p><strong><span style=\"color: #99cc00;\">[Teatre]<\/span>\u00ab <\/strong><a href=\"https:\/\/issuu.com\/ccdrassanes\/docs\/agenda_raval__steatre_2017?utm_medium=email&amp;sslid=MzIxtDQwMDexsDAwAQA&amp;sseid=MzQ1NTEyMjcyMAEA&amp;jobid=602cf03c-5816-4c00-9e08-0ab3899362d0\"><strong>ELRAVALESTEATRE<\/strong><\/a><strong>\u00bb<\/strong><\/p>\n<ul style=\"list-style-type: square;\">\n<li>Desde el 26 d\u2019abril al 10 de juny<\/li>\n<li>Centre C\u00edvic Drassanes<\/li>\n<li>Entrada gratu\u00efta<\/li>\n<\/ul>\n<p><strong>\u00a0<\/strong><\/p>\n","protected":false},"excerpt":{"rendered":"<p>Continuem a l&#8217;abril amb un recull d&#8217;activitats i sortides culturals pels vostres t\u00e0ndems ! Esperem que siguin del vostre inter\u00e8s! &nbsp; [Visita] \u00ab Viatge a la historia d\u2019una ciutat \u00bb De dimarts a diumenge a partir de les 10h a 17h30. El born Centre de Cultura i Mem\u00f2ria. Entrada gratu\u00efta pels t\u00e0ndems (m\u00ednim de 5 &hellip; <a href=\"https:\/\/entandem.cat\/es\/recursos-es\/agenda-cultural-abril-2017\/\">Continued<\/a><\/p>\n","protected":false},"author":1,"featured_media":2855,"comment_status":"closed","ping_status":"open","sticky":false,"template":"","format":"standard","meta":{"footnotes":""},"categories":[320],"tags":[],"class_list":["post-4040","post","type-post","status-publish","format-standard","has-post-thumbnail","hentry","category-recursos-es"],"yoast_head":"<!-- This site is optimized with the Yoast SEO plugin v27.0 - https:\/\/yoast.com\/product\/yoast-seo-wordpress\/ -->\n<title>Agenda Cultural - Abril 2017 - enT\u00e0ndem<\/title>\n<meta name=\"description\" content=\"Continuem a l&#039;abril amb un recull d&#039;activitats i sortides culturals pels vostres t\u00e0ndems ! Esperem que siguin del vostre inter\u00e8s!\" \/>\n<meta name=\"robots\" content=\"index, follow, max-snippet:-1, max-image-preview:large, max-video-preview:-1\" \/>\n<link rel=\"canonical\" href=\"https:\/\/entandem.cat\/es\/recursos-es\/agenda-cultural-abril-2017\/\" \/>\n<meta property=\"og:locale\" content=\"es_ES\" \/>\n<meta property=\"og:type\" content=\"article\" \/>\n<meta property=\"og:title\" content=\"Agenda Cultural - Abril 2017 - enT\u00e0ndem\" \/>\n<meta property=\"og:description\" content=\"Continuem a l&#039;abril amb un recull d&#039;activitats i sortides culturals pels vostres t\u00e0ndems ! Esperem que siguin del vostre inter\u00e8s!\" \/>\n<meta property=\"og:url\" content=\"https:\/\/entandem.cat\/es\/recursos-es\/agenda-cultural-abril-2017\/\" \/>\n<meta property=\"og:site_name\" content=\"enT\u00e0ndem\" \/>\n<meta property=\"article:publisher\" content=\"https:\/\/www.facebook.com\/afevcat\" \/>\n<meta property=\"article:published_time\" content=\"2017-03-31T12:43:34+00:00\" \/>\n<meta property=\"article:modified_time\" content=\"2018-01-24T12:33:23+00:00\" \/>\n<meta property=\"og:image\" content=\"https:\/\/entandem.cat\/wp-content\/uploads\/2017\/03\/Abril2017-1024x683.jpg\" \/>\n\t<meta property=\"og:image:width\" content=\"1024\" \/>\n\t<meta property=\"og:image:height\" content=\"683\" \/>\n\t<meta property=\"og:image:type\" content=\"image\/jpeg\" \/>\n<meta name=\"author\" content=\"adminTandem\" \/>\n<meta name=\"twitter:card\" content=\"summary_large_image\" \/>\n<meta name=\"twitter:creator\" content=\"@afevcat\" \/>\n<meta name=\"twitter:site\" content=\"@afevcat\" \/>\n<meta name=\"twitter:label1\" content=\"Escrito por\" \/>\n\t<meta name=\"twitter:data1\" content=\"adminTandem\" \/>\n\t<meta name=\"twitter:label2\" content=\"Tiempo de lectura\" \/>\n\t<meta name=\"twitter:data2\" content=\"3 minutos\" \/>\n<script type=\"application\/ld+json\" class=\"yoast-schema-graph\">{\"@context\":\"https:\/\/schema.org\",\"@graph\":[{\"@type\":\"Article\",\"@id\":\"https:\/\/entandem.cat\/es\/recursos-es\/agenda-cultural-abril-2017\/#article\",\"isPartOf\":{\"@id\":\"https:\/\/entandem.cat\/es\/recursos-es\/agenda-cultural-abril-2017\/\"},\"author\":{\"name\":\"adminTandem\",\"@id\":\"https:\/\/entandem.cat\/#\/schema\/person\/2111428ce1954193a11054a1e2b5b0da\"},\"headline\":\"Agenda Cultural &#8211; Abril 2017\",\"datePublished\":\"2017-03-31T12:43:34+00:00\",\"dateModified\":\"2018-01-24T12:33:23+00:00\",\"mainEntityOfPage\":{\"@id\":\"https:\/\/entandem.cat\/es\/recursos-es\/agenda-cultural-abril-2017\/\"},\"wordCount\":560,\"publisher\":{\"@id\":\"https:\/\/entandem.cat\/#organization\"},\"image\":{\"@id\":\"https:\/\/entandem.cat\/es\/recursos-es\/agenda-cultural-abril-2017\/#primaryimage\"},\"thumbnailUrl\":\"https:\/\/entandem.cat\/wp-content\/uploads\/2017\/03\/Abril2017.jpg\",\"articleSection\":[\"Recursos\"],\"inLanguage\":\"es\"},{\"@type\":\"WebPage\",\"@id\":\"https:\/\/entandem.cat\/es\/recursos-es\/agenda-cultural-abril-2017\/\",\"url\":\"https:\/\/entandem.cat\/es\/recursos-es\/agenda-cultural-abril-2017\/\",\"name\":\"Agenda Cultural - Abril 2017 - enT\u00e0ndem\",\"isPartOf\":{\"@id\":\"https:\/\/entandem.cat\/#website\"},\"primaryImageOfPage\":{\"@id\":\"https:\/\/entandem.cat\/es\/recursos-es\/agenda-cultural-abril-2017\/#primaryimage\"},\"image\":{\"@id\":\"https:\/\/entandem.cat\/es\/recursos-es\/agenda-cultural-abril-2017\/#primaryimage\"},\"thumbnailUrl\":\"https:\/\/entandem.cat\/wp-content\/uploads\/2017\/03\/Abril2017.jpg\",\"datePublished\":\"2017-03-31T12:43:34+00:00\",\"dateModified\":\"2018-01-24T12:33:23+00:00\",\"description\":\"Continuem a l'abril amb un recull d'activitats i sortides culturals pels vostres t\u00e0ndems ! Esperem que siguin del vostre inter\u00e8s!\",\"breadcrumb\":{\"@id\":\"https:\/\/entandem.cat\/es\/recursos-es\/agenda-cultural-abril-2017\/#breadcrumb\"},\"inLanguage\":\"es\",\"potentialAction\":[{\"@type\":\"ReadAction\",\"target\":[\"https:\/\/entandem.cat\/es\/recursos-es\/agenda-cultural-abril-2017\/\"]}]},{\"@type\":\"ImageObject\",\"inLanguage\":\"es\",\"@id\":\"https:\/\/entandem.cat\/es\/recursos-es\/agenda-cultural-abril-2017\/#primaryimage\",\"url\":\"https:\/\/entandem.cat\/wp-content\/uploads\/2017\/03\/Abril2017.jpg\",\"contentUrl\":\"https:\/\/entandem.cat\/wp-content\/uploads\/2017\/03\/Abril2017.jpg\",\"width\":5184,\"height\":3456},{\"@type\":\"BreadcrumbList\",\"@id\":\"https:\/\/entandem.cat\/es\/recursos-es\/agenda-cultural-abril-2017\/#breadcrumb\",\"itemListElement\":[{\"@type\":\"ListItem\",\"position\":1,\"name\":\"Inici\",\"item\":\"https:\/\/entandem.cat\/es\/\"},{\"@type\":\"ListItem\",\"position\":2,\"name\":\"Agenda Cultural &#8211; Abril 2017\"}]},{\"@type\":\"WebSite\",\"@id\":\"https:\/\/entandem.cat\/#website\",\"url\":\"https:\/\/entandem.cat\/\",\"name\":\"enT\u00e0ndem\",\"description\":\"Voluntariat Social Universitari\",\"publisher\":{\"@id\":\"https:\/\/entandem.cat\/#organization\"},\"potentialAction\":[{\"@type\":\"SearchAction\",\"target\":{\"@type\":\"EntryPoint\",\"urlTemplate\":\"https:\/\/entandem.cat\/?s={search_term_string}\"},\"query-input\":{\"@type\":\"PropertyValueSpecification\",\"valueRequired\":true,\"valueName\":\"search_term_string\"}}],\"inLanguage\":\"es\"},{\"@type\":\"Organization\",\"@id\":\"https:\/\/entandem.cat\/#organization\",\"name\":\"enT\u00e0ndem\",\"url\":\"https:\/\/entandem.cat\/\",\"logo\":{\"@type\":\"ImageObject\",\"inLanguage\":\"es\",\"@id\":\"https:\/\/entandem.cat\/#\/schema\/logo\/image\/\",\"url\":\"https:\/\/entandem.cat\/wp-content\/uploads\/2016\/12\/logo-entandem.png\",\"contentUrl\":\"https:\/\/entandem.cat\/wp-content\/uploads\/2016\/12\/logo-entandem.png\",\"width\":166,\"height\":44,\"caption\":\"enT\u00e0ndem\"},\"image\":{\"@id\":\"https:\/\/entandem.cat\/#\/schema\/logo\/image\/\"},\"sameAs\":[\"https:\/\/www.facebook.com\/afevcat\",\"https:\/\/x.com\/afevcat\",\"https:\/\/www.instagram.com\/afevcat\/\"]},{\"@type\":\"Person\",\"@id\":\"https:\/\/entandem.cat\/#\/schema\/person\/2111428ce1954193a11054a1e2b5b0da\",\"name\":\"adminTandem\"}]}<\/script>\n<!-- \/ Yoast SEO plugin. -->","yoast_head_json":{"title":"Agenda Cultural - Abril 2017 - enT\u00e0ndem","description":"Continuem a l'abril amb un recull d'activitats i sortides culturals pels vostres t\u00e0ndems ! Esperem que siguin del vostre inter\u00e8s!","robots":{"index":"index","follow":"follow","max-snippet":"max-snippet:-1","max-image-preview":"max-image-preview:large","max-video-preview":"max-video-preview:-1"},"canonical":"https:\/\/entandem.cat\/es\/recursos-es\/agenda-cultural-abril-2017\/","og_locale":"es_ES","og_type":"article","og_title":"Agenda Cultural - Abril 2017 - enT\u00e0ndem","og_description":"Continuem a l'abril amb un recull d'activitats i sortides culturals pels vostres t\u00e0ndems ! Esperem que siguin del vostre inter\u00e8s!","og_url":"https:\/\/entandem.cat\/es\/recursos-es\/agenda-cultural-abril-2017\/","og_site_name":"enT\u00e0ndem","article_publisher":"https:\/\/www.facebook.com\/afevcat","article_published_time":"2017-03-31T12:43:34+00:00","article_modified_time":"2018-01-24T12:33:23+00:00","og_image":[{"width":1024,"height":683,"url":"https:\/\/entandem.cat\/wp-content\/uploads\/2017\/03\/Abril2017-1024x683.jpg","type":"image\/jpeg"}],"author":"adminTandem","twitter_card":"summary_large_image","twitter_creator":"@afevcat","twitter_site":"@afevcat","twitter_misc":{"Escrito por":"adminTandem","Tiempo de lectura":"3 minutos"},"schema":{"@context":"https:\/\/schema.org","@graph":[{"@type":"Article","@id":"https:\/\/entandem.cat\/es\/recursos-es\/agenda-cultural-abril-2017\/#article","isPartOf":{"@id":"https:\/\/entandem.cat\/es\/recursos-es\/agenda-cultural-abril-2017\/"},"author":{"name":"adminTandem","@id":"https:\/\/entandem.cat\/#\/schema\/person\/2111428ce1954193a11054a1e2b5b0da"},"headline":"Agenda Cultural &#8211; Abril 2017","datePublished":"2017-03-31T12:43:34+00:00","dateModified":"2018-01-24T12:33:23+00:00","mainEntityOfPage":{"@id":"https:\/\/entandem.cat\/es\/recursos-es\/agenda-cultural-abril-2017\/"},"wordCount":560,"publisher":{"@id":"https:\/\/entandem.cat\/#organization"},"image":{"@id":"https:\/\/entandem.cat\/es\/recursos-es\/agenda-cultural-abril-2017\/#primaryimage"},"thumbnailUrl":"https:\/\/entandem.cat\/wp-content\/uploads\/2017\/03\/Abril2017.jpg","articleSection":["Recursos"],"inLanguage":"es"},{"@type":"WebPage","@id":"https:\/\/entandem.cat\/es\/recursos-es\/agenda-cultural-abril-2017\/","url":"https:\/\/entandem.cat\/es\/recursos-es\/agenda-cultural-abril-2017\/","name":"Agenda Cultural - Abril 2017 - enT\u00e0ndem","isPartOf":{"@id":"https:\/\/entandem.cat\/#website"},"primaryImageOfPage":{"@id":"https:\/\/entandem.cat\/es\/recursos-es\/agenda-cultural-abril-2017\/#primaryimage"},"image":{"@id":"https:\/\/entandem.cat\/es\/recursos-es\/agenda-cultural-abril-2017\/#primaryimage"},"thumbnailUrl":"https:\/\/entandem.cat\/wp-content\/uploads\/2017\/03\/Abril2017.jpg","datePublished":"2017-03-31T12:43:34+00:00","dateModified":"2018-01-24T12:33:23+00:00","description":"Continuem a l'abril amb un recull d'activitats i sortides culturals pels vostres t\u00e0ndems ! Esperem que siguin del vostre inter\u00e8s!","breadcrumb":{"@id":"https:\/\/entandem.cat\/es\/recursos-es\/agenda-cultural-abril-2017\/#breadcrumb"},"inLanguage":"es","potentialAction":[{"@type":"ReadAction","target":["https:\/\/entandem.cat\/es\/recursos-es\/agenda-cultural-abril-2017\/"]}]},{"@type":"ImageObject","inLanguage":"es","@id":"https:\/\/entandem.cat\/es\/recursos-es\/agenda-cultural-abril-2017\/#primaryimage","url":"https:\/\/entandem.cat\/wp-content\/uploads\/2017\/03\/Abril2017.jpg","contentUrl":"https:\/\/entandem.cat\/wp-content\/uploads\/2017\/03\/Abril2017.jpg","width":5184,"height":3456},{"@type":"BreadcrumbList","@id":"https:\/\/entandem.cat\/es\/recursos-es\/agenda-cultural-abril-2017\/#breadcrumb","itemListElement":[{"@type":"ListItem","position":1,"name":"Inici","item":"https:\/\/entandem.cat\/es\/"},{"@type":"ListItem","position":2,"name":"Agenda Cultural &#8211; Abril 2017"}]},{"@type":"WebSite","@id":"https:\/\/entandem.cat\/#website","url":"https:\/\/entandem.cat\/","name":"enT\u00e0ndem","description":"Voluntariat Social Universitari","publisher":{"@id":"https:\/\/entandem.cat\/#organization"},"potentialAction":[{"@type":"SearchAction","target":{"@type":"EntryPoint","urlTemplate":"https:\/\/entandem.cat\/?s={search_term_string}"},"query-input":{"@type":"PropertyValueSpecification","valueRequired":true,"valueName":"search_term_string"}}],"inLanguage":"es"},{"@type":"Organization","@id":"https:\/\/entandem.cat\/#organization","name":"enT\u00e0ndem","url":"https:\/\/entandem.cat\/","logo":{"@type":"ImageObject","inLanguage":"es","@id":"https:\/\/entandem.cat\/#\/schema\/logo\/image\/","url":"https:\/\/entandem.cat\/wp-content\/uploads\/2016\/12\/logo-entandem.png","contentUrl":"https:\/\/entandem.cat\/wp-content\/uploads\/2016\/12\/logo-entandem.png","width":166,"height":44,"caption":"enT\u00e0ndem"},"image":{"@id":"https:\/\/entandem.cat\/#\/schema\/logo\/image\/"},"sameAs":["https:\/\/www.facebook.com\/afevcat","https:\/\/x.com\/afevcat","https:\/\/www.instagram.com\/afevcat\/"]},{"@type":"Person","@id":"https:\/\/entandem.cat\/#\/schema\/person\/2111428ce1954193a11054a1e2b5b0da","name":"adminTandem"}]}},"_links":{"self":[{"href":"https:\/\/entandem.cat\/es\/wp-json\/wp\/v2\/posts\/4040","targetHints":{"allow":["GET"]}}],"collection":[{"href":"https:\/\/entandem.cat\/es\/wp-json\/wp\/v2\/posts"}],"about":[{"href":"https:\/\/entandem.cat\/es\/wp-json\/wp\/v2\/types\/post"}],"author":[{"embeddable":true,"href":"https:\/\/entandem.cat\/es\/wp-json\/wp\/v2\/users\/1"}],"replies":[{"embeddable":true,"href":"https:\/\/entandem.cat\/es\/wp-json\/wp\/v2\/comments?post=4040"}],"version-history":[{"count":0,"href":"https:\/\/entandem.cat\/es\/wp-json\/wp\/v2\/posts\/4040\/revisions"}],"wp:featuredmedia":[{"embeddable":true,"href":"https:\/\/entandem.cat\/es\/wp-json\/wp\/v2\/media\/2855"}],"wp:attachment":[{"href":"https:\/\/entandem.cat\/es\/wp-json\/wp\/v2\/media?parent=4040"}],"wp:term":[{"taxonomy":"category","embeddable":true,"href":"https:\/\/entandem.cat\/es\/wp-json\/wp\/v2\/categories?post=4040"},{"taxonomy":"post_tag","embeddable":true,"href":"https:\/\/entandem.cat\/es\/wp-json\/wp\/v2\/tags?post=4040"}],"curies":[{"name":"wp","href":"https:\/\/api.w.org\/{rel}","templated":true}]}}