{"id":4030,"date":"2016-02-26T11:01:32","date_gmt":"2016-02-26T11:01:32","guid":{"rendered":"http:\/\/entandem.cat\/es\/actividades\/miguel-lozano-subcampio-del-mon-dapnea-es-el-nou-padri-de-lafev\/"},"modified":"2018-01-24T12:34:35","modified_gmt":"2018-01-24T12:34:35","slug":"miguel-lozano-subcampio-del-mon-dapnea-es-el-nou-padri-de-lafev","status":"publish","type":"post","link":"https:\/\/entandem.cat\/es\/sabias-que\/miguel-lozano-subcampio-del-mon-dapnea-es-el-nou-padri-de-lafev\/","title":{"rendered":"Miguel Lozano, subcampi\u00f3 del m\u00f3n d\u2019apnea, \u00e9s el nou padr\u00ed de l\u2019AFEV"},"content":{"rendered":"<p>L\u2019esportista Miguel Lozano ha escollit apadrinar l\u2019AFEV en la seva missi\u00f3 d\u2019actuar contra les desigualtat socials. El catal\u00e0, segon classificat en la competici\u00f3 mundial d\u2019apnea de 2015 i r\u00e8cord d\u2019Espanya en submergir-se a 76 metres de profunditat en la modalitat de pes constant sense aletes, coneix b\u00e9 els avantatges de treballar en equip i, especialment en parelles. El <strong>treball a dos<\/strong> li permet millorar la seva seguretat i augmentar el seu rendiment. Igual que Lozano, l\u2019AFEV ha apostat pel treball en parelles en el seu projecte enT\u00e0ndem, que tamb\u00e9 t\u00e9 un doble objectiu: desenvolupar les habilitats socials, descobrir motivacions noves i evitar el frac\u00e0s escolar d\u2019infants i adolescents. Per una altra banda tamb\u00e9 promou la ciutadania activa implicant a estudiants universitaris\/\u00e0ries en un projecte social de solidaritat inter-generacional.<\/p>\n<blockquote>\n<p>\u201cdotze persones han trepitjat la lluna al llarg de la hist\u00f2ria de la humanitat. Per\u00f2 nom\u00e9s sis hem baixat fins 120 metres de profunditat en una sola respiraci\u00f3.\u201d<\/p>\n<\/blockquote>\n<p>Amb <strong>enT\u00e0ndem<\/strong> lluitem contra les desigualtats per evitar una societat m\u00e9s polaritzada. A Catalunya 1 de cada 4 nens i nenes viu en situaci\u00f3 de pobresa, i 1 de cada 3 deixa l\u2019institut abans d\u2019acabar l\u2019educaci\u00f3 obligat\u00f2ria. Mitjan\u00e7ant aquest projecte joves voluntaris, els mentors i mentores, acompanyen durant dues hores a la setmana a un infant o adolescent, el mentorat, fora del seu horari escolar. Ho fan tot transmetent les claus que necessitem per a integrar-nos a la societat on ens ha tocat viure. Aquest acompanyament no \u00e9s un refor\u00e7 escolar sin\u00f3 un intercanvi de coneixements entre dues persones que tenen una vida diferent per\u00f2 que comparteixen la mateixa ciutat i societat i el fet de trobar-se en algun punt de l\u2019itinerari formatiu.<\/p>\n<blockquote>\n<p>Igual que Lozano, l\u2019AFEV ha apostat pel treball en parelles en el seu projecte enT\u00e0ndem, que tamb\u00e9 t\u00e9 un doble objectiu: desenvolupar les habilitats socials, descobrir motivacions noves i evitar el frac\u00e0s escolar d\u2019infants i adolescents.<\/p>\n<\/blockquote>\n<p><strong>Millor en equip<\/strong><\/p>\n<p>Un centenar d\u2019estudiants universitaris voluntaris participen dins la nostra associaci\u00f3 de forma totalment altruista, per construir una societat m\u00e9s solid\u00e0ria. Igual que ells i elles, el submarinista catal\u00e0 ha mostrat des de ben jove la seva inquietud per compartir coneixements. Per aix\u00f2, Lozano, jugador de b\u00e0squet des de petit, es va convertir en entrenador quan encara era adolescent. Una inquietud que mant\u00e9 encara avui impartint cursos d\u2019apnea a nivell internacional.<\/p>\n<p>Aquest esportista \u00e9s un bon exemple a seguir pels nostres joves. La seva tenacitat l\u2019ha dut al cim d\u2019un esport poc reconegut, malgrat el risc i l\u2019esfor\u00e7 que requereix. Com sintetitza el propi Lozano: \u201cdotze persones han trepitjat la lluna al llarg de la hist\u00f2ria de la humanitat. Per\u00f2 nom\u00e9s sis hem baixat fins 120 metres de profunditat en una sola respiraci\u00f3.\u201d Tot i aix\u00ed, aquestes dificultats no han frenat al catal\u00e0 d\u2019empaitar el seu somni, i per aquest motiu ell anima als joves a <strong>lluitar per all\u00f2 que els motiva<\/strong>. T\u00e9 aquesta passi\u00f3 des de petit, ja des de la seva infantesa li agradava observar amb el seu pare els animals sota l\u2019aigua. Aix\u00ed, va descobrir l\u2019apnea i va decidir anar a viure a Egipte el 2008 per dedicar-se professionalment a la competici\u00f3, la formaci\u00f3 i la divulgaci\u00f3 de l\u2019apnea esportiva. El seu esfor\u00e7, la seva const\u00e0ncia i el seu comprom\u00eds s\u00f3n el que l\u2019ha ajudat a construir-se un futur digne.<\/p>\n<p>El recolzament d\u2019aquest campi\u00f3 mundial a enT\u00e0ndem posa de manifest la import\u00e0ncia d\u2019actuar contra les desigualtats socials des de la inf\u00e0ncia. Com en Miguel Lozano, l\u2019AFEV defensa que en equip es poden aconseguir millors resultats, per\u00f2, a difer\u00e8ncia que en l\u2019esport, <strong>l\u2019equip de l\u2019AFEV \u00e9s tota la societat en general<\/strong>.<\/p>\n<p><em>Si t\u2019ha agradat l\u2019article\u2026 fantifica\u2019l!<\/em><\/p>\n","protected":false},"excerpt":{"rendered":"<p>L\u2019esportista Miguel Lozano ha escollit apadrinar l\u2019AFEV en la seva missi\u00f3 d\u2019actuar contra les desigualtat socials. El catal\u00e0, segon classificat en la competici\u00f3 mundial d\u2019apnea de 2015 i r\u00e8cord d\u2019Espanya en submergir-se a 76 metres de profunditat en la modalitat de pes constant sense aletes, coneix b\u00e9 els avantatges de treballar en equip i, especialment &hellip; <a href=\"https:\/\/entandem.cat\/es\/sabias-que\/miguel-lozano-subcampio-del-mon-dapnea-es-el-nou-padri-de-lafev\/\">Continued<\/a><\/p>\n","protected":false},"author":1,"featured_media":3903,"comment_status":"closed","ping_status":"open","sticky":false,"template":"","format":"standard","meta":{"footnotes":""},"categories":[321],"tags":[],"class_list":["post-4030","post","type-post","status-publish","format-standard","has-post-thumbnail","hentry","category-sabias-que"],"yoast_head":"<!-- This site is optimized with the Yoast SEO plugin v27.0 - https:\/\/yoast.com\/product\/yoast-seo-wordpress\/ -->\n<title>Miguel Lozano, subcampi\u00f3 del m\u00f3n d\u2019apnea, \u00e9s el nou padr\u00ed de l\u2019AFEV - enT\u00e0ndem<\/title>\n<meta name=\"robots\" content=\"index, follow, max-snippet:-1, max-image-preview:large, max-video-preview:-1\" \/>\n<link rel=\"canonical\" href=\"https:\/\/entandem.cat\/es\/sabias-que\/miguel-lozano-subcampio-del-mon-dapnea-es-el-nou-padri-de-lafev\/\" \/>\n<meta property=\"og:locale\" content=\"es_ES\" \/>\n<meta property=\"og:type\" content=\"article\" \/>\n<meta property=\"og:title\" content=\"Miguel Lozano, subcampi\u00f3 del m\u00f3n d\u2019apnea, \u00e9s el nou padr\u00ed de l\u2019AFEV - enT\u00e0ndem\" \/>\n<meta property=\"og:description\" content=\"L\u2019esportista Miguel Lozano ha escollit apadrinar l\u2019AFEV en la seva missi\u00f3 d\u2019actuar contra les desigualtat socials. El catal\u00e0, segon classificat en la competici\u00f3 mundial d\u2019apnea de 2015 i r\u00e8cord d\u2019Espanya en submergir-se a 76 metres de profunditat en la modalitat de pes constant sense aletes, coneix b\u00e9 els avantatges de treballar en equip i, especialment &hellip; Continued\" \/>\n<meta property=\"og:url\" content=\"https:\/\/entandem.cat\/es\/sabias-que\/miguel-lozano-subcampio-del-mon-dapnea-es-el-nou-padri-de-lafev\/\" \/>\n<meta property=\"og:site_name\" content=\"enT\u00e0ndem\" \/>\n<meta property=\"article:publisher\" content=\"https:\/\/www.facebook.com\/afevcat\" \/>\n<meta property=\"article:published_time\" content=\"2016-02-26T11:01:32+00:00\" \/>\n<meta property=\"article:modified_time\" content=\"2018-01-24T12:34:35+00:00\" \/>\n<meta property=\"og:image\" content=\"https:\/\/entandem.cat\/wp-content\/uploads\/2016\/02\/miguel-lozano-piscina-web-modif.jpg\" \/>\n\t<meta property=\"og:image:width\" content=\"1433\" \/>\n\t<meta property=\"og:image:height\" content=\"740\" \/>\n\t<meta property=\"og:image:type\" content=\"image\/jpeg\" \/>\n<meta name=\"author\" content=\"adminTandem\" \/>\n<meta name=\"twitter:card\" content=\"summary_large_image\" \/>\n<meta name=\"twitter:creator\" content=\"@afevcat\" \/>\n<meta name=\"twitter:site\" content=\"@afevcat\" \/>\n<meta name=\"twitter:label1\" content=\"Escrito por\" \/>\n\t<meta name=\"twitter:data1\" content=\"adminTandem\" \/>\n\t<meta name=\"twitter:label2\" content=\"Tiempo de lectura\" \/>\n\t<meta name=\"twitter:data2\" content=\"3 minutos\" \/>\n<script type=\"application\/ld+json\" class=\"yoast-schema-graph\">{\"@context\":\"https:\/\/schema.org\",\"@graph\":[{\"@type\":\"Article\",\"@id\":\"https:\/\/entandem.cat\/es\/sabias-que\/miguel-lozano-subcampio-del-mon-dapnea-es-el-nou-padri-de-lafev\/#article\",\"isPartOf\":{\"@id\":\"https:\/\/entandem.cat\/es\/sabias-que\/miguel-lozano-subcampio-del-mon-dapnea-es-el-nou-padri-de-lafev\/\"},\"author\":{\"name\":\"adminTandem\",\"@id\":\"https:\/\/entandem.cat\/#\/schema\/person\/2111428ce1954193a11054a1e2b5b0da\"},\"headline\":\"Miguel Lozano, subcampi\u00f3 del m\u00f3n d\u2019apnea, \u00e9s el nou padr\u00ed de l\u2019AFEV\",\"datePublished\":\"2016-02-26T11:01:32+00:00\",\"dateModified\":\"2018-01-24T12:34:35+00:00\",\"mainEntityOfPage\":{\"@id\":\"https:\/\/entandem.cat\/es\/sabias-que\/miguel-lozano-subcampio-del-mon-dapnea-es-el-nou-padri-de-lafev\/\"},\"wordCount\":667,\"publisher\":{\"@id\":\"https:\/\/entandem.cat\/#organization\"},\"image\":{\"@id\":\"https:\/\/entandem.cat\/es\/sabias-que\/miguel-lozano-subcampio-del-mon-dapnea-es-el-nou-padri-de-lafev\/#primaryimage\"},\"thumbnailUrl\":\"https:\/\/entandem.cat\/wp-content\/uploads\/2016\/02\/miguel-lozano-piscina-web-modif.jpg\",\"articleSection\":[\"Sab\u00edas que\"],\"inLanguage\":\"es\"},{\"@type\":\"WebPage\",\"@id\":\"https:\/\/entandem.cat\/es\/sabias-que\/miguel-lozano-subcampio-del-mon-dapnea-es-el-nou-padri-de-lafev\/\",\"url\":\"https:\/\/entandem.cat\/es\/sabias-que\/miguel-lozano-subcampio-del-mon-dapnea-es-el-nou-padri-de-lafev\/\",\"name\":\"Miguel Lozano, subcampi\u00f3 del m\u00f3n d\u2019apnea, \u00e9s el nou padr\u00ed de l\u2019AFEV - enT\u00e0ndem\",\"isPartOf\":{\"@id\":\"https:\/\/entandem.cat\/#website\"},\"primaryImageOfPage\":{\"@id\":\"https:\/\/entandem.cat\/es\/sabias-que\/miguel-lozano-subcampio-del-mon-dapnea-es-el-nou-padri-de-lafev\/#primaryimage\"},\"image\":{\"@id\":\"https:\/\/entandem.cat\/es\/sabias-que\/miguel-lozano-subcampio-del-mon-dapnea-es-el-nou-padri-de-lafev\/#primaryimage\"},\"thumbnailUrl\":\"https:\/\/entandem.cat\/wp-content\/uploads\/2016\/02\/miguel-lozano-piscina-web-modif.jpg\",\"datePublished\":\"2016-02-26T11:01:32+00:00\",\"dateModified\":\"2018-01-24T12:34:35+00:00\",\"breadcrumb\":{\"@id\":\"https:\/\/entandem.cat\/es\/sabias-que\/miguel-lozano-subcampio-del-mon-dapnea-es-el-nou-padri-de-lafev\/#breadcrumb\"},\"inLanguage\":\"es\",\"potentialAction\":[{\"@type\":\"ReadAction\",\"target\":[\"https:\/\/entandem.cat\/es\/sabias-que\/miguel-lozano-subcampio-del-mon-dapnea-es-el-nou-padri-de-lafev\/\"]}]},{\"@type\":\"ImageObject\",\"inLanguage\":\"es\",\"@id\":\"https:\/\/entandem.cat\/es\/sabias-que\/miguel-lozano-subcampio-del-mon-dapnea-es-el-nou-padri-de-lafev\/#primaryimage\",\"url\":\"https:\/\/entandem.cat\/wp-content\/uploads\/2016\/02\/miguel-lozano-piscina-web-modif.jpg\",\"contentUrl\":\"https:\/\/entandem.cat\/wp-content\/uploads\/2016\/02\/miguel-lozano-piscina-web-modif.jpg\",\"width\":1433,\"height\":740},{\"@type\":\"BreadcrumbList\",\"@id\":\"https:\/\/entandem.cat\/es\/sabias-que\/miguel-lozano-subcampio-del-mon-dapnea-es-el-nou-padri-de-lafev\/#breadcrumb\",\"itemListElement\":[{\"@type\":\"ListItem\",\"position\":1,\"name\":\"Inici\",\"item\":\"https:\/\/entandem.cat\/es\/\"},{\"@type\":\"ListItem\",\"position\":2,\"name\":\"Miguel Lozano, subcampi\u00f3 del m\u00f3n d\u2019apnea, \u00e9s el nou padr\u00ed de l\u2019AFEV\"}]},{\"@type\":\"WebSite\",\"@id\":\"https:\/\/entandem.cat\/#website\",\"url\":\"https:\/\/entandem.cat\/\",\"name\":\"enT\u00e0ndem\",\"description\":\"Voluntariat Social Universitari\",\"publisher\":{\"@id\":\"https:\/\/entandem.cat\/#organization\"},\"potentialAction\":[{\"@type\":\"SearchAction\",\"target\":{\"@type\":\"EntryPoint\",\"urlTemplate\":\"https:\/\/entandem.cat\/?s={search_term_string}\"},\"query-input\":{\"@type\":\"PropertyValueSpecification\",\"valueRequired\":true,\"valueName\":\"search_term_string\"}}],\"inLanguage\":\"es\"},{\"@type\":\"Organization\",\"@id\":\"https:\/\/entandem.cat\/#organization\",\"name\":\"enT\u00e0ndem\",\"url\":\"https:\/\/entandem.cat\/\",\"logo\":{\"@type\":\"ImageObject\",\"inLanguage\":\"es\",\"@id\":\"https:\/\/entandem.cat\/#\/schema\/logo\/image\/\",\"url\":\"https:\/\/entandem.cat\/wp-content\/uploads\/2016\/12\/logo-entandem.png\",\"contentUrl\":\"https:\/\/entandem.cat\/wp-content\/uploads\/2016\/12\/logo-entandem.png\",\"width\":166,\"height\":44,\"caption\":\"enT\u00e0ndem\"},\"image\":{\"@id\":\"https:\/\/entandem.cat\/#\/schema\/logo\/image\/\"},\"sameAs\":[\"https:\/\/www.facebook.com\/afevcat\",\"https:\/\/x.com\/afevcat\",\"https:\/\/www.instagram.com\/afevcat\/\"]},{\"@type\":\"Person\",\"@id\":\"https:\/\/entandem.cat\/#\/schema\/person\/2111428ce1954193a11054a1e2b5b0da\",\"name\":\"adminTandem\"}]}<\/script>\n<!-- \/ Yoast SEO plugin. -->","yoast_head_json":{"title":"Miguel Lozano, subcampi\u00f3 del m\u00f3n d\u2019apnea, \u00e9s el nou padr\u00ed de l\u2019AFEV - enT\u00e0ndem","robots":{"index":"index","follow":"follow","max-snippet":"max-snippet:-1","max-image-preview":"max-image-preview:large","max-video-preview":"max-video-preview:-1"},"canonical":"https:\/\/entandem.cat\/es\/sabias-que\/miguel-lozano-subcampio-del-mon-dapnea-es-el-nou-padri-de-lafev\/","og_locale":"es_ES","og_type":"article","og_title":"Miguel Lozano, subcampi\u00f3 del m\u00f3n d\u2019apnea, \u00e9s el nou padr\u00ed de l\u2019AFEV - enT\u00e0ndem","og_description":"L\u2019esportista Miguel Lozano ha escollit apadrinar l\u2019AFEV en la seva missi\u00f3 d\u2019actuar contra les desigualtat socials. El catal\u00e0, segon classificat en la competici\u00f3 mundial d\u2019apnea de 2015 i r\u00e8cord d\u2019Espanya en submergir-se a 76 metres de profunditat en la modalitat de pes constant sense aletes, coneix b\u00e9 els avantatges de treballar en equip i, especialment &hellip; Continued","og_url":"https:\/\/entandem.cat\/es\/sabias-que\/miguel-lozano-subcampio-del-mon-dapnea-es-el-nou-padri-de-lafev\/","og_site_name":"enT\u00e0ndem","article_publisher":"https:\/\/www.facebook.com\/afevcat","article_published_time":"2016-02-26T11:01:32+00:00","article_modified_time":"2018-01-24T12:34:35+00:00","og_image":[{"width":1433,"height":740,"url":"https:\/\/entandem.cat\/wp-content\/uploads\/2016\/02\/miguel-lozano-piscina-web-modif.jpg","type":"image\/jpeg"}],"author":"adminTandem","twitter_card":"summary_large_image","twitter_creator":"@afevcat","twitter_site":"@afevcat","twitter_misc":{"Escrito por":"adminTandem","Tiempo de lectura":"3 minutos"},"schema":{"@context":"https:\/\/schema.org","@graph":[{"@type":"Article","@id":"https:\/\/entandem.cat\/es\/sabias-que\/miguel-lozano-subcampio-del-mon-dapnea-es-el-nou-padri-de-lafev\/#article","isPartOf":{"@id":"https:\/\/entandem.cat\/es\/sabias-que\/miguel-lozano-subcampio-del-mon-dapnea-es-el-nou-padri-de-lafev\/"},"author":{"name":"adminTandem","@id":"https:\/\/entandem.cat\/#\/schema\/person\/2111428ce1954193a11054a1e2b5b0da"},"headline":"Miguel Lozano, subcampi\u00f3 del m\u00f3n d\u2019apnea, \u00e9s el nou padr\u00ed de l\u2019AFEV","datePublished":"2016-02-26T11:01:32+00:00","dateModified":"2018-01-24T12:34:35+00:00","mainEntityOfPage":{"@id":"https:\/\/entandem.cat\/es\/sabias-que\/miguel-lozano-subcampio-del-mon-dapnea-es-el-nou-padri-de-lafev\/"},"wordCount":667,"publisher":{"@id":"https:\/\/entandem.cat\/#organization"},"image":{"@id":"https:\/\/entandem.cat\/es\/sabias-que\/miguel-lozano-subcampio-del-mon-dapnea-es-el-nou-padri-de-lafev\/#primaryimage"},"thumbnailUrl":"https:\/\/entandem.cat\/wp-content\/uploads\/2016\/02\/miguel-lozano-piscina-web-modif.jpg","articleSection":["Sab\u00edas que"],"inLanguage":"es"},{"@type":"WebPage","@id":"https:\/\/entandem.cat\/es\/sabias-que\/miguel-lozano-subcampio-del-mon-dapnea-es-el-nou-padri-de-lafev\/","url":"https:\/\/entandem.cat\/es\/sabias-que\/miguel-lozano-subcampio-del-mon-dapnea-es-el-nou-padri-de-lafev\/","name":"Miguel Lozano, subcampi\u00f3 del m\u00f3n d\u2019apnea, \u00e9s el nou padr\u00ed de l\u2019AFEV - enT\u00e0ndem","isPartOf":{"@id":"https:\/\/entandem.cat\/#website"},"primaryImageOfPage":{"@id":"https:\/\/entandem.cat\/es\/sabias-que\/miguel-lozano-subcampio-del-mon-dapnea-es-el-nou-padri-de-lafev\/#primaryimage"},"image":{"@id":"https:\/\/entandem.cat\/es\/sabias-que\/miguel-lozano-subcampio-del-mon-dapnea-es-el-nou-padri-de-lafev\/#primaryimage"},"thumbnailUrl":"https:\/\/entandem.cat\/wp-content\/uploads\/2016\/02\/miguel-lozano-piscina-web-modif.jpg","datePublished":"2016-02-26T11:01:32+00:00","dateModified":"2018-01-24T12:34:35+00:00","breadcrumb":{"@id":"https:\/\/entandem.cat\/es\/sabias-que\/miguel-lozano-subcampio-del-mon-dapnea-es-el-nou-padri-de-lafev\/#breadcrumb"},"inLanguage":"es","potentialAction":[{"@type":"ReadAction","target":["https:\/\/entandem.cat\/es\/sabias-que\/miguel-lozano-subcampio-del-mon-dapnea-es-el-nou-padri-de-lafev\/"]}]},{"@type":"ImageObject","inLanguage":"es","@id":"https:\/\/entandem.cat\/es\/sabias-que\/miguel-lozano-subcampio-del-mon-dapnea-es-el-nou-padri-de-lafev\/#primaryimage","url":"https:\/\/entandem.cat\/wp-content\/uploads\/2016\/02\/miguel-lozano-piscina-web-modif.jpg","contentUrl":"https:\/\/entandem.cat\/wp-content\/uploads\/2016\/02\/miguel-lozano-piscina-web-modif.jpg","width":1433,"height":740},{"@type":"BreadcrumbList","@id":"https:\/\/entandem.cat\/es\/sabias-que\/miguel-lozano-subcampio-del-mon-dapnea-es-el-nou-padri-de-lafev\/#breadcrumb","itemListElement":[{"@type":"ListItem","position":1,"name":"Inici","item":"https:\/\/entandem.cat\/es\/"},{"@type":"ListItem","position":2,"name":"Miguel Lozano, subcampi\u00f3 del m\u00f3n d\u2019apnea, \u00e9s el nou padr\u00ed de l\u2019AFEV"}]},{"@type":"WebSite","@id":"https:\/\/entandem.cat\/#website","url":"https:\/\/entandem.cat\/","name":"enT\u00e0ndem","description":"Voluntariat Social Universitari","publisher":{"@id":"https:\/\/entandem.cat\/#organization"},"potentialAction":[{"@type":"SearchAction","target":{"@type":"EntryPoint","urlTemplate":"https:\/\/entandem.cat\/?s={search_term_string}"},"query-input":{"@type":"PropertyValueSpecification","valueRequired":true,"valueName":"search_term_string"}}],"inLanguage":"es"},{"@type":"Organization","@id":"https:\/\/entandem.cat\/#organization","name":"enT\u00e0ndem","url":"https:\/\/entandem.cat\/","logo":{"@type":"ImageObject","inLanguage":"es","@id":"https:\/\/entandem.cat\/#\/schema\/logo\/image\/","url":"https:\/\/entandem.cat\/wp-content\/uploads\/2016\/12\/logo-entandem.png","contentUrl":"https:\/\/entandem.cat\/wp-content\/uploads\/2016\/12\/logo-entandem.png","width":166,"height":44,"caption":"enT\u00e0ndem"},"image":{"@id":"https:\/\/entandem.cat\/#\/schema\/logo\/image\/"},"sameAs":["https:\/\/www.facebook.com\/afevcat","https:\/\/x.com\/afevcat","https:\/\/www.instagram.com\/afevcat\/"]},{"@type":"Person","@id":"https:\/\/entandem.cat\/#\/schema\/person\/2111428ce1954193a11054a1e2b5b0da","name":"adminTandem"}]}},"_links":{"self":[{"href":"https:\/\/entandem.cat\/es\/wp-json\/wp\/v2\/posts\/4030","targetHints":{"allow":["GET"]}}],"collection":[{"href":"https:\/\/entandem.cat\/es\/wp-json\/wp\/v2\/posts"}],"about":[{"href":"https:\/\/entandem.cat\/es\/wp-json\/wp\/v2\/types\/post"}],"author":[{"embeddable":true,"href":"https:\/\/entandem.cat\/es\/wp-json\/wp\/v2\/users\/1"}],"replies":[{"embeddable":true,"href":"https:\/\/entandem.cat\/es\/wp-json\/wp\/v2\/comments?post=4030"}],"version-history":[{"count":0,"href":"https:\/\/entandem.cat\/es\/wp-json\/wp\/v2\/posts\/4030\/revisions"}],"wp:featuredmedia":[{"embeddable":true,"href":"https:\/\/entandem.cat\/es\/wp-json\/wp\/v2\/media\/3903"}],"wp:attachment":[{"href":"https:\/\/entandem.cat\/es\/wp-json\/wp\/v2\/media?parent=4030"}],"wp:term":[{"taxonomy":"category","embeddable":true,"href":"https:\/\/entandem.cat\/es\/wp-json\/wp\/v2\/categories?post=4030"},{"taxonomy":"post_tag","embeddable":true,"href":"https:\/\/entandem.cat\/es\/wp-json\/wp\/v2\/tags?post=4030"}],"curies":[{"name":"wp","href":"https:\/\/api.w.org\/{rel}","templated":true}]}}