{"id":4024,"date":"2015-12-03T11:02:18","date_gmt":"2015-12-03T11:02:18","guid":{"rendered":"http:\/\/entandem.cat\/es\/actividades\/cronica-duna-ambaixadora-paris-novembre15\/"},"modified":"2020-09-15T14:22:38","modified_gmt":"2020-09-15T14:22:38","slug":"cronica-duna-ambaixadora-paris-novembre15","status":"publish","type":"post","link":"https:\/\/entandem.cat\/es\/testimonios\/cronica-duna-ambaixadora-paris-novembre15\/","title":{"rendered":"Cr\u00f2nica d\u2019una ambaixadora: Par\u00eds novembre\u201915"},"content":{"rendered":"<div class=\"td-post-featured-image\">\n<h6><em>Equip d&#8217;ambaixadors i ambaixadores de diferents delegacions de l&#8217;AFEV<\/em><\/h6>\n<\/div>\n<p>L\u2019<span class=\"hiddenSpellError\">AFEV<\/span>\u00a0t\u00e9 com a missi\u00f3 involucrar joves en les seves activitats de participaci\u00f3 solid\u00e0ria i d\u00f3na espais d\u2019expressi\u00f3 per a les persones que estan al centre del seu projecte. Les bec\u00e0ries o volunt\u00e0ries poden ser \u201cambaixadores\u00a0<span class=\"hiddenSpellError\">AFEV<\/span>\u201d i representar l\u2019entitat a les trobades a Par\u00eds que es fan anualment. Els intercanvis i reflexions permeten millorar el funcionament dels acompanyaments i la comunicaci\u00f3 entre els diferents actors del projecte.\u00a0<span class=\"hiddenSpellError\">Clothilde<\/span>\u00a0<span class=\"hiddenSpellError\">Mabille<\/span>, ambaixadora de l\u2019<span class=\"hiddenSpellError\">AFEV<\/span>\u00a0a Barcelona, va participar en una d\u2019aquestes trobades el 21 de novembre passat. Aqu\u00ed us deixem la seva cr\u00f2nica.<\/p>\n<p><span class=\"hiddenGrammarError\">\u201c<\/span>Amb una certa aprensi\u00f3 torno a Par\u00eds, justament una setmana despr\u00e9s dels atemptats.<\/p>\n<p>Tot i sentir-me cada cop menys francesa, ja que les fronteres em semblen absurdes i tan artificials \u2013per\u00f2 aix\u00f2 \u00e9s un altre tema- ning\u00fa no pot ser insensible a crims injustos.<\/p>\n<p>Temia arribar enmig d\u2019un ambient taciturn, per\u00f2 vaig sortir de la trobada d\u2019ambaixadors de l\u2019<span class=\"hiddenSpellError\">AFEV<\/span>\u00a0del dissabte 21 de novembre plena d\u2019esperan\u00e7a i amb els \u00e0nims ben amunt. Vinguts de tota Fran\u00e7a i de Barcelona, ens reun\u00edem a Par\u00eds per a compartir el nostre comprom\u00eds amb aquesta associaci\u00f3.<\/p>\n<p>El dia comen\u00e7\u00e0 amb un esmorzar c\u00e0lid. En cinc minuts ja coneix\u00edem els nostres noms i compart\u00edem la nostra experi\u00e8ncia al voltant d\u2019un bufet. Parlant de les nostres ciutats, dels nostres projectes, del que ens va dur a l\u2019<span class=\"hiddenSpellError\">AFEV<\/span>\u00a0i a ser ambaixador o ambaixadora\u2026 Ning\u00fa no \u00e9s aqu\u00ed per casualitat\u2026<\/p>\n<p>Vam dedicar el mat\u00ed a parlar de forma intensa i rica sobre els atemptats del 13 de novembre, que ens afecten com a \u00e9ssers humans, com a ciutadans francesos, com a joves i com a voluntaris\u2026 Cal que ho parlem amb l\u2019infant o adolescent que acompanyem cada setmana? Com ho expliquem, i quines paraules podem fer servir quan els mitjans de comunicaci\u00f3 ja utilitzen i gasten les paraules fins a treure\u2019ls el sentit\u2026 Emoci\u00f3, escolta, respecte\u2026 calidesa humana; \u00e9s el que est\u00e0vem sentint gr\u00e0cies a l\u2019entitat.<\/p>\n<p>Arrib\u00e0 l\u2019esperat moment del dinar! L\u2019\u00e0pat es componia d\u2019especialitats de cada regi\u00f3, que cadasc\u00fa havia dut. Vam seguir intercanviant parers sobre els nostres projectes i les nostres ganes d\u2019actuar! Tots\u00a0ens sentim petits davant de tan bona voluntat i dedicaci\u00f3\u2026 per\u00f2 tamb\u00e9 ens sentim acompanyats i enfortits compartint ideals.<\/p>\n<p>Les xerrades de la tarda se centraren en el nostre paper com a ambaixadors: eixos de comunicaci\u00f3 entre els diferents nuclis de l\u2019<span class=\"hiddenSpellError\">AFEV<\/span>, representaci\u00f3 dels voluntaris, contactes seguits entre els ambaixadors\u2026 I sobretot actuar! Les iniciatives flueixen i ja tenim moltes idees i projectes.<\/p>\n<p>El temps marxava volant\u2026 El dia s\u2019acabava i ens quedaven prou coses per comentar. Despr\u00e9s de compartir tant, ens costava separar-nos. Davant de la porta de la seu de l\u2019associaci\u00f3, sota la pluja parisenca, ens vam quedar una estona per acomiadar-nos, per\u00f2 els trens no esperaven i un per un vam anar marxant.<\/p>\n<p>Aquestes trobades en persona s\u00f3n molt escasses, per\u00f2 gr\u00e0cies a Internet i a les xarxes socials estem en contacte. Tan bon punt vaig tornar a casa vaig rebre la foto que ens hav\u00edem fet i ja s\u00f3c part del grup de\u00a0Facebook\u00a0dels ambaixadors\u00a0<span class=\"hiddenSpellError\">AFEV<\/span>.<\/p>\n<p>Com sempre, despr\u00e9s de les reunions\u00a0em sento lleugera, alegre i plena d\u2019esperan\u00e7a\u2026 Em fa feli\u00e7 veure que som cada cop m\u00e9s, tan diferents per\u00f2 compartint els mateixos ideals i amb ganes d\u2019actuar plegats per un m\u00f3n m\u00e9s just.<\/p>\n<p>No exagero quan dic que l\u2019<span class=\"hiddenSpellError\">AFEV<\/span>\u00a0m\u2019ha canviat. Aquesta entitat ha portat respostes concretes a les meves interrogacions sobre com actuar. Em sento part d\u2019una gran comunitat de joves compromesos.<\/p>\n<p>Torno a Barcelona, on em sento\u00a0tant\u00a0a casa com a Par\u00eds\u2026 on hi he conegut, tamb\u00e9, joves que em fan tenir fe en el futur i em procuren l\u2019energia necess\u00e0ria per lluitar contra les desigualtats i per actuar per tal de canviar el nostre m\u00f3n.<\/p>\n<p>Estic orgullosa de la nostra joventut!\u201d<\/p>\n<p>&nbsp;<\/p>\n<h6><em>Clothilde<\/em><\/h6>\n<h6><em>Ex-bec\u00e0ria, volunt\u00e0ria i ambaixadora Afev Barcelona<\/em><\/h6>\n<figure id=\"attachment_17663\" class=\"wp-caption alignnone\"><a href=\"http:\/\/fanmedia.s3-eu-west-1.amazonaws.com\/wp-content\/uploads\/2015\/12\/03120246\/Ambassa.jpg\"><img loading=\"lazy\" decoding=\"async\" class=\"size-medium wp-image-17663\" src=\"http:\/\/fanmedia.s3-eu-west-1.amazonaws.com\/wp-content\/uploads\/2015\/12\/03120246\/Ambassa-300x182.jpg\" sizes=\"auto, (max-width: 300px) 100vw, 300px\" srcset=\"http:\/\/fanmedia.s3-eu-west-1.amazonaws.com\/wp-content\/uploads\/2015\/12\/03120246\/Ambassa-300x182.jpg 300w, http:\/\/fanmedia.s3-eu-west-1.amazonaws.com\/wp-content\/uploads\/2015\/12\/03120246\/Ambassa-150x91.jpg 150w, http:\/\/fanmedia.s3-eu-west-1.amazonaws.com\/wp-content\/uploads\/2015\/12\/03120246\/Ambassa-1024x622.jpg 1024w, http:\/\/fanmedia.s3-eu-west-1.amazonaws.com\/wp-content\/uploads\/2015\/12\/03120246\/Ambassa-696x423.jpg 696w, http:\/\/fanmedia.s3-eu-west-1.amazonaws.com\/wp-content\/uploads\/2015\/12\/03120246\/Ambassa-1068x649.jpg 1068w, http:\/\/fanmedia.s3-eu-west-1.amazonaws.com\/wp-content\/uploads\/2015\/12\/03120246\/Ambassa-691x420.jpg 691w\" alt=\"Equip d'ambaixadors i ambaixadores de diferents delegacions de l'AFEV\" width=\"300\" height=\"182\" \/><\/a><\/figure>\n","protected":false},"excerpt":{"rendered":"<p>Equip d&#8217;ambaixadors i ambaixadores de diferents delegacions de l&#8217;AFEV L\u2019AFEV\u00a0t\u00e9 com a missi\u00f3 involucrar joves en les seves activitats de participaci\u00f3 solid\u00e0ria i d\u00f3na espais d\u2019expressi\u00f3 per a les persones que estan al centre del seu projecte. Les bec\u00e0ries o volunt\u00e0ries poden ser \u201cambaixadores\u00a0AFEV\u201d i representar l\u2019entitat a les trobades a Par\u00eds que es fan &hellip; <a href=\"https:\/\/entandem.cat\/es\/testimonios\/cronica-duna-ambaixadora-paris-novembre15\/\">Continued<\/a><\/p>\n","protected":false},"author":1,"featured_media":3931,"comment_status":"closed","ping_status":"open","sticky":false,"template":"","format":"standard","meta":{"footnotes":""},"categories":[742],"tags":[],"class_list":["post-4024","post","type-post","status-publish","format-standard","has-post-thumbnail","hentry","category-testimonios"],"yoast_head":"<!-- This site is optimized with the Yoast SEO plugin v27.0 - https:\/\/yoast.com\/product\/yoast-seo-wordpress\/ -->\n<title>Cr\u00f2nica d\u2019una ambaixadora: Par\u00eds novembre\u201915 - enT\u00e0ndem<\/title>\n<meta name=\"robots\" content=\"index, follow, max-snippet:-1, max-image-preview:large, max-video-preview:-1\" \/>\n<link rel=\"canonical\" href=\"https:\/\/entandem.cat\/es\/testimonios\/cronica-duna-ambaixadora-paris-novembre15\/\" \/>\n<meta property=\"og:locale\" content=\"es_ES\" \/>\n<meta property=\"og:type\" content=\"article\" \/>\n<meta property=\"og:title\" content=\"Cr\u00f2nica d\u2019una ambaixadora: Par\u00eds novembre\u201915 - enT\u00e0ndem\" \/>\n<meta property=\"og:description\" content=\"Equip d&#8217;ambaixadors i ambaixadores de diferents delegacions de l&#8217;AFEV L\u2019AFEV\u00a0t\u00e9 com a missi\u00f3 involucrar joves en les seves activitats de participaci\u00f3 solid\u00e0ria i d\u00f3na espais d\u2019expressi\u00f3 per a les persones que estan al centre del seu projecte. Les bec\u00e0ries o volunt\u00e0ries poden ser \u201cambaixadores\u00a0AFEV\u201d i representar l\u2019entitat a les trobades a Par\u00eds que es fan &hellip; Continued\" \/>\n<meta property=\"og:url\" content=\"https:\/\/entandem.cat\/es\/testimonios\/cronica-duna-ambaixadora-paris-novembre15\/\" \/>\n<meta property=\"og:site_name\" content=\"enT\u00e0ndem\" \/>\n<meta property=\"article:publisher\" content=\"https:\/\/www.facebook.com\/afevcat\" \/>\n<meta property=\"article:published_time\" content=\"2015-12-03T11:02:18+00:00\" \/>\n<meta property=\"article:modified_time\" content=\"2020-09-15T14:22:38+00:00\" \/>\n<meta property=\"og:image\" content=\"https:\/\/entandem.cat\/wp-content\/uploads\/2015\/12\/12967463_1788200804741486_2798412507355536095_o.jpg\" \/>\n\t<meta property=\"og:image:width\" content=\"2935\" \/>\n\t<meta property=\"og:image:height\" content=\"1428\" \/>\n\t<meta property=\"og:image:type\" content=\"image\/jpeg\" \/>\n<meta name=\"author\" content=\"adminTandem\" \/>\n<meta name=\"twitter:card\" content=\"summary_large_image\" \/>\n<meta name=\"twitter:creator\" content=\"@afevcat\" \/>\n<meta name=\"twitter:site\" content=\"@afevcat\" \/>\n<meta name=\"twitter:label1\" content=\"Escrito por\" \/>\n\t<meta name=\"twitter:data1\" content=\"adminTandem\" \/>\n\t<meta name=\"twitter:label2\" content=\"Tiempo de lectura\" \/>\n\t<meta name=\"twitter:data2\" content=\"4 minutos\" \/>\n<script type=\"application\/ld+json\" class=\"yoast-schema-graph\">{\"@context\":\"https:\/\/schema.org\",\"@graph\":[{\"@type\":\"Article\",\"@id\":\"https:\/\/entandem.cat\/es\/testimonios\/cronica-duna-ambaixadora-paris-novembre15\/#article\",\"isPartOf\":{\"@id\":\"https:\/\/entandem.cat\/es\/testimonios\/cronica-duna-ambaixadora-paris-novembre15\/\"},\"author\":{\"name\":\"adminTandem\",\"@id\":\"https:\/\/entandem.cat\/#\/schema\/person\/2111428ce1954193a11054a1e2b5b0da\"},\"headline\":\"Cr\u00f2nica d\u2019una ambaixadora: Par\u00eds novembre\u201915\",\"datePublished\":\"2015-12-03T11:02:18+00:00\",\"dateModified\":\"2020-09-15T14:22:38+00:00\",\"mainEntityOfPage\":{\"@id\":\"https:\/\/entandem.cat\/es\/testimonios\/cronica-duna-ambaixadora-paris-novembre15\/\"},\"wordCount\":718,\"publisher\":{\"@id\":\"https:\/\/entandem.cat\/#organization\"},\"image\":{\"@id\":\"https:\/\/entandem.cat\/es\/testimonios\/cronica-duna-ambaixadora-paris-novembre15\/#primaryimage\"},\"thumbnailUrl\":\"https:\/\/entandem.cat\/wp-content\/uploads\/2015\/12\/12967463_1788200804741486_2798412507355536095_o.jpg\",\"articleSection\":[\"Testimonios\"],\"inLanguage\":\"es\"},{\"@type\":\"WebPage\",\"@id\":\"https:\/\/entandem.cat\/es\/testimonios\/cronica-duna-ambaixadora-paris-novembre15\/\",\"url\":\"https:\/\/entandem.cat\/es\/testimonios\/cronica-duna-ambaixadora-paris-novembre15\/\",\"name\":\"Cr\u00f2nica d\u2019una ambaixadora: Par\u00eds novembre\u201915 - enT\u00e0ndem\",\"isPartOf\":{\"@id\":\"https:\/\/entandem.cat\/#website\"},\"primaryImageOfPage\":{\"@id\":\"https:\/\/entandem.cat\/es\/testimonios\/cronica-duna-ambaixadora-paris-novembre15\/#primaryimage\"},\"image\":{\"@id\":\"https:\/\/entandem.cat\/es\/testimonios\/cronica-duna-ambaixadora-paris-novembre15\/#primaryimage\"},\"thumbnailUrl\":\"https:\/\/entandem.cat\/wp-content\/uploads\/2015\/12\/12967463_1788200804741486_2798412507355536095_o.jpg\",\"datePublished\":\"2015-12-03T11:02:18+00:00\",\"dateModified\":\"2020-09-15T14:22:38+00:00\",\"breadcrumb\":{\"@id\":\"https:\/\/entandem.cat\/es\/testimonios\/cronica-duna-ambaixadora-paris-novembre15\/#breadcrumb\"},\"inLanguage\":\"es\",\"potentialAction\":[{\"@type\":\"ReadAction\",\"target\":[\"https:\/\/entandem.cat\/es\/testimonios\/cronica-duna-ambaixadora-paris-novembre15\/\"]}]},{\"@type\":\"ImageObject\",\"inLanguage\":\"es\",\"@id\":\"https:\/\/entandem.cat\/es\/testimonios\/cronica-duna-ambaixadora-paris-novembre15\/#primaryimage\",\"url\":\"https:\/\/entandem.cat\/wp-content\/uploads\/2015\/12\/12967463_1788200804741486_2798412507355536095_o.jpg\",\"contentUrl\":\"https:\/\/entandem.cat\/wp-content\/uploads\/2015\/12\/12967463_1788200804741486_2798412507355536095_o.jpg\",\"width\":2935,\"height\":1428},{\"@type\":\"BreadcrumbList\",\"@id\":\"https:\/\/entandem.cat\/es\/testimonios\/cronica-duna-ambaixadora-paris-novembre15\/#breadcrumb\",\"itemListElement\":[{\"@type\":\"ListItem\",\"position\":1,\"name\":\"Inici\",\"item\":\"https:\/\/entandem.cat\/es\/\"},{\"@type\":\"ListItem\",\"position\":2,\"name\":\"Cr\u00f2nica d\u2019una ambaixadora: Par\u00eds novembre\u201915\"}]},{\"@type\":\"WebSite\",\"@id\":\"https:\/\/entandem.cat\/#website\",\"url\":\"https:\/\/entandem.cat\/\",\"name\":\"enT\u00e0ndem\",\"description\":\"Voluntariat Social Universitari\",\"publisher\":{\"@id\":\"https:\/\/entandem.cat\/#organization\"},\"potentialAction\":[{\"@type\":\"SearchAction\",\"target\":{\"@type\":\"EntryPoint\",\"urlTemplate\":\"https:\/\/entandem.cat\/?s={search_term_string}\"},\"query-input\":{\"@type\":\"PropertyValueSpecification\",\"valueRequired\":true,\"valueName\":\"search_term_string\"}}],\"inLanguage\":\"es\"},{\"@type\":\"Organization\",\"@id\":\"https:\/\/entandem.cat\/#organization\",\"name\":\"enT\u00e0ndem\",\"url\":\"https:\/\/entandem.cat\/\",\"logo\":{\"@type\":\"ImageObject\",\"inLanguage\":\"es\",\"@id\":\"https:\/\/entandem.cat\/#\/schema\/logo\/image\/\",\"url\":\"https:\/\/entandem.cat\/wp-content\/uploads\/2016\/12\/logo-entandem.png\",\"contentUrl\":\"https:\/\/entandem.cat\/wp-content\/uploads\/2016\/12\/logo-entandem.png\",\"width\":166,\"height\":44,\"caption\":\"enT\u00e0ndem\"},\"image\":{\"@id\":\"https:\/\/entandem.cat\/#\/schema\/logo\/image\/\"},\"sameAs\":[\"https:\/\/www.facebook.com\/afevcat\",\"https:\/\/x.com\/afevcat\",\"https:\/\/www.instagram.com\/afevcat\/\"]},{\"@type\":\"Person\",\"@id\":\"https:\/\/entandem.cat\/#\/schema\/person\/2111428ce1954193a11054a1e2b5b0da\",\"name\":\"adminTandem\"}]}<\/script>\n<!-- \/ Yoast SEO plugin. -->","yoast_head_json":{"title":"Cr\u00f2nica d\u2019una ambaixadora: Par\u00eds novembre\u201915 - enT\u00e0ndem","robots":{"index":"index","follow":"follow","max-snippet":"max-snippet:-1","max-image-preview":"max-image-preview:large","max-video-preview":"max-video-preview:-1"},"canonical":"https:\/\/entandem.cat\/es\/testimonios\/cronica-duna-ambaixadora-paris-novembre15\/","og_locale":"es_ES","og_type":"article","og_title":"Cr\u00f2nica d\u2019una ambaixadora: Par\u00eds novembre\u201915 - enT\u00e0ndem","og_description":"Equip d&#8217;ambaixadors i ambaixadores de diferents delegacions de l&#8217;AFEV L\u2019AFEV\u00a0t\u00e9 com a missi\u00f3 involucrar joves en les seves activitats de participaci\u00f3 solid\u00e0ria i d\u00f3na espais d\u2019expressi\u00f3 per a les persones que estan al centre del seu projecte. Les bec\u00e0ries o volunt\u00e0ries poden ser \u201cambaixadores\u00a0AFEV\u201d i representar l\u2019entitat a les trobades a Par\u00eds que es fan &hellip; Continued","og_url":"https:\/\/entandem.cat\/es\/testimonios\/cronica-duna-ambaixadora-paris-novembre15\/","og_site_name":"enT\u00e0ndem","article_publisher":"https:\/\/www.facebook.com\/afevcat","article_published_time":"2015-12-03T11:02:18+00:00","article_modified_time":"2020-09-15T14:22:38+00:00","og_image":[{"width":2935,"height":1428,"url":"https:\/\/entandem.cat\/wp-content\/uploads\/2015\/12\/12967463_1788200804741486_2798412507355536095_o.jpg","type":"image\/jpeg"}],"author":"adminTandem","twitter_card":"summary_large_image","twitter_creator":"@afevcat","twitter_site":"@afevcat","twitter_misc":{"Escrito por":"adminTandem","Tiempo de lectura":"4 minutos"},"schema":{"@context":"https:\/\/schema.org","@graph":[{"@type":"Article","@id":"https:\/\/entandem.cat\/es\/testimonios\/cronica-duna-ambaixadora-paris-novembre15\/#article","isPartOf":{"@id":"https:\/\/entandem.cat\/es\/testimonios\/cronica-duna-ambaixadora-paris-novembre15\/"},"author":{"name":"adminTandem","@id":"https:\/\/entandem.cat\/#\/schema\/person\/2111428ce1954193a11054a1e2b5b0da"},"headline":"Cr\u00f2nica d\u2019una ambaixadora: Par\u00eds novembre\u201915","datePublished":"2015-12-03T11:02:18+00:00","dateModified":"2020-09-15T14:22:38+00:00","mainEntityOfPage":{"@id":"https:\/\/entandem.cat\/es\/testimonios\/cronica-duna-ambaixadora-paris-novembre15\/"},"wordCount":718,"publisher":{"@id":"https:\/\/entandem.cat\/#organization"},"image":{"@id":"https:\/\/entandem.cat\/es\/testimonios\/cronica-duna-ambaixadora-paris-novembre15\/#primaryimage"},"thumbnailUrl":"https:\/\/entandem.cat\/wp-content\/uploads\/2015\/12\/12967463_1788200804741486_2798412507355536095_o.jpg","articleSection":["Testimonios"],"inLanguage":"es"},{"@type":"WebPage","@id":"https:\/\/entandem.cat\/es\/testimonios\/cronica-duna-ambaixadora-paris-novembre15\/","url":"https:\/\/entandem.cat\/es\/testimonios\/cronica-duna-ambaixadora-paris-novembre15\/","name":"Cr\u00f2nica d\u2019una ambaixadora: Par\u00eds novembre\u201915 - enT\u00e0ndem","isPartOf":{"@id":"https:\/\/entandem.cat\/#website"},"primaryImageOfPage":{"@id":"https:\/\/entandem.cat\/es\/testimonios\/cronica-duna-ambaixadora-paris-novembre15\/#primaryimage"},"image":{"@id":"https:\/\/entandem.cat\/es\/testimonios\/cronica-duna-ambaixadora-paris-novembre15\/#primaryimage"},"thumbnailUrl":"https:\/\/entandem.cat\/wp-content\/uploads\/2015\/12\/12967463_1788200804741486_2798412507355536095_o.jpg","datePublished":"2015-12-03T11:02:18+00:00","dateModified":"2020-09-15T14:22:38+00:00","breadcrumb":{"@id":"https:\/\/entandem.cat\/es\/testimonios\/cronica-duna-ambaixadora-paris-novembre15\/#breadcrumb"},"inLanguage":"es","potentialAction":[{"@type":"ReadAction","target":["https:\/\/entandem.cat\/es\/testimonios\/cronica-duna-ambaixadora-paris-novembre15\/"]}]},{"@type":"ImageObject","inLanguage":"es","@id":"https:\/\/entandem.cat\/es\/testimonios\/cronica-duna-ambaixadora-paris-novembre15\/#primaryimage","url":"https:\/\/entandem.cat\/wp-content\/uploads\/2015\/12\/12967463_1788200804741486_2798412507355536095_o.jpg","contentUrl":"https:\/\/entandem.cat\/wp-content\/uploads\/2015\/12\/12967463_1788200804741486_2798412507355536095_o.jpg","width":2935,"height":1428},{"@type":"BreadcrumbList","@id":"https:\/\/entandem.cat\/es\/testimonios\/cronica-duna-ambaixadora-paris-novembre15\/#breadcrumb","itemListElement":[{"@type":"ListItem","position":1,"name":"Inici","item":"https:\/\/entandem.cat\/es\/"},{"@type":"ListItem","position":2,"name":"Cr\u00f2nica d\u2019una ambaixadora: Par\u00eds novembre\u201915"}]},{"@type":"WebSite","@id":"https:\/\/entandem.cat\/#website","url":"https:\/\/entandem.cat\/","name":"enT\u00e0ndem","description":"Voluntariat Social Universitari","publisher":{"@id":"https:\/\/entandem.cat\/#organization"},"potentialAction":[{"@type":"SearchAction","target":{"@type":"EntryPoint","urlTemplate":"https:\/\/entandem.cat\/?s={search_term_string}"},"query-input":{"@type":"PropertyValueSpecification","valueRequired":true,"valueName":"search_term_string"}}],"inLanguage":"es"},{"@type":"Organization","@id":"https:\/\/entandem.cat\/#organization","name":"enT\u00e0ndem","url":"https:\/\/entandem.cat\/","logo":{"@type":"ImageObject","inLanguage":"es","@id":"https:\/\/entandem.cat\/#\/schema\/logo\/image\/","url":"https:\/\/entandem.cat\/wp-content\/uploads\/2016\/12\/logo-entandem.png","contentUrl":"https:\/\/entandem.cat\/wp-content\/uploads\/2016\/12\/logo-entandem.png","width":166,"height":44,"caption":"enT\u00e0ndem"},"image":{"@id":"https:\/\/entandem.cat\/#\/schema\/logo\/image\/"},"sameAs":["https:\/\/www.facebook.com\/afevcat","https:\/\/x.com\/afevcat","https:\/\/www.instagram.com\/afevcat\/"]},{"@type":"Person","@id":"https:\/\/entandem.cat\/#\/schema\/person\/2111428ce1954193a11054a1e2b5b0da","name":"adminTandem"}]}},"_links":{"self":[{"href":"https:\/\/entandem.cat\/es\/wp-json\/wp\/v2\/posts\/4024","targetHints":{"allow":["GET"]}}],"collection":[{"href":"https:\/\/entandem.cat\/es\/wp-json\/wp\/v2\/posts"}],"about":[{"href":"https:\/\/entandem.cat\/es\/wp-json\/wp\/v2\/types\/post"}],"author":[{"embeddable":true,"href":"https:\/\/entandem.cat\/es\/wp-json\/wp\/v2\/users\/1"}],"replies":[{"embeddable":true,"href":"https:\/\/entandem.cat\/es\/wp-json\/wp\/v2\/comments?post=4024"}],"version-history":[{"count":0,"href":"https:\/\/entandem.cat\/es\/wp-json\/wp\/v2\/posts\/4024\/revisions"}],"wp:featuredmedia":[{"embeddable":true,"href":"https:\/\/entandem.cat\/es\/wp-json\/wp\/v2\/media\/3931"}],"wp:attachment":[{"href":"https:\/\/entandem.cat\/es\/wp-json\/wp\/v2\/media?parent=4024"}],"wp:term":[{"taxonomy":"category","embeddable":true,"href":"https:\/\/entandem.cat\/es\/wp-json\/wp\/v2\/categories?post=4024"},{"taxonomy":"post_tag","embeddable":true,"href":"https:\/\/entandem.cat\/es\/wp-json\/wp\/v2\/tags?post=4024"}],"curies":[{"name":"wp","href":"https:\/\/api.w.org\/{rel}","templated":true}]}}