{"id":4022,"date":"2015-11-30T11:01:56","date_gmt":"2015-11-30T11:01:56","guid":{"rendered":"http:\/\/entandem.cat\/es\/actividades\/despres-del-black-friday-cyber-monday-dema-es-givingtuesday\/"},"modified":"2018-01-24T12:36:36","modified_gmt":"2018-01-24T12:36:36","slug":"despres-del-black-friday-cyber-monday-dema-es-givingtuesday","status":"publish","type":"post","link":"https:\/\/entandem.cat\/es\/sabias-que\/despres-del-black-friday-cyber-monday-dema-es-givingtuesday\/","title":{"rendered":"Despr\u00e9s del Black Friday i Cyber Monday\u2026 Dem\u00e0 \u00e9s #GivingTuesday!"},"content":{"rendered":"<h4><span style=\"color: #ff0000;\">UN MOVIMENT GLOBAL<\/span><\/h4>\n<p>#GIVINGTUESDAY \u00e9s un moviment global nascut ara fa 4 anys que est\u00e0 present en m\u00e9s de 68 pa\u00efsos. Va ser creat per l\u2019organitzaci\u00f3 americana 92Y i compta amb el suport de\u00a0la Fundaci\u00f3 de les Nacions Unides. El dia 1 de desembre del 2015 \u00e9s el dimarts triat\u00a0per DONAR. Ser\u00e0 UN DIA PER DONAR, un dia per promoure la solidaritat, la col\u00b7laboraci\u00f3, les donacions. Que ning\u00fa es quedi sense provar el que \u00e9s fer alguna cosa pels altres!.<\/p>\n<p>A Espanya, la iniciativa \u00e9s possible gr\u00e0cies a l\u2019impuls de <em>Zohar y Valores &amp; Marqueting<\/em>\u00a0i fins al dia d\u2019avui compta amb les seg\u00fcents organitzacions promotores: Acci\u00f3n contra el Hambre, Adsis, Aldeas infantiles, Anesvad, Asociaci\u00f3n Espa\u00f1ola Contra el C\u00e1ncer, Banc d\u2019Aliments, Banc de Sang, Cruz Roja, Educo, Fundaci\u00f3n Josep Carreras, M\u00e9dicos del Mundo, M\u00e9dicos sin Fronteras, Oxfam Intermon, Plan International, Taula d\u2019entitats del Tercer Sector Social de Catalunya, Unicef, VHIR i WWF.<\/p>\n<blockquote>\n<p>El dia 1 de Desembre comen\u00e7a un corrent positiu de solidaritat, que volem duri tot l\u2019any.<\/p>\n<\/blockquote>\n<h4><span style=\"color: #ff0000;\">QU\u00c8 PRET\u00c9N<\/span><\/h4>\n<p>En l\u2019\u00e0mbit espanyol,\u00a0segons dades de l\u2019Associaci\u00f3 Espanyola de Fundraising, solament el 20% de la poblaci\u00f3 col\u00b7labora amb alguna ONG a escala\u00a0econ\u00f2mica, mentre que en pa\u00efsos com Alemanya, It\u00e0lia, Fran\u00e7a o UK es troben en percentatges\u00a0del 34%, 38%, 49% i 55% respectivament. Tot i aix\u00f2,\u00a0som un dels primers pa\u00efsos en donaci\u00f3 d\u2019\u00f2rgans i donaci\u00f3 de sang.<\/p>\n<p>Aquest moviment a Espanya vol animar a la donaci\u00f3, ja sigui de sang, d\u2019aliments, de medul\u00b7la, de materials, d\u2019hores a trav\u00e9s del voluntariat, o de diners per a les moltes causes socials que requereixen la nostra atenci\u00f3 i dedicaci\u00f3. L\u20191 de Desembre ser\u00e0 <em>Un dia per DONAR<\/em> i per demostrar-nos a nosaltres mateixos que la solidaritat \u00e9s important, que hi ha moltes persones que necessiten la nostra ajuda, que el planeta requereix que actuem, que la recerca biom\u00e8dica necessita descobriments nous que alleugin el dolor i el sofriment, que al final, quan un D\u00d3NA, SE SENT UNA MICA MILLOR.<\/p>\n<p>Volem que el dia 1 de desembre sigui un EMPENTA a la nostra solidaritat, a ser voluntaris si mai hem fet el pas, a realitzar una donaci\u00f3 si mai abans ho hem fet, a aportar alguna cosa que tenim i que ja no utilitzem perqu\u00e8 altres persones puguin fer-ne \u00fas; en definitiva, que sigui el punt d\u2019inici d\u2019un corrent de solidaritat que envaeixi els nostres carrers, els nostres pobles i ciutats, que ens faci m\u00e9s humans. El dia 1 de Desembre comen\u00e7a un corrent positiu de solidaritat que volem duri tot l\u2019any.<\/p>\n<p>&nbsp;<\/p>\n<h4><span style=\"color: #ff0000;\">TOTHOM POT FER ALGUNA COSA<\/span><\/h4>\n<p>I tothom est\u00e0 incl\u00f2s. Totes les ONGs, petites o grans, que vulguin impulsar un projecte estan convidades a participar. I totes les persones que no estiguin vinculades a cap ONG tamb\u00e9. Siguis un particular, una fam\u00edlia, la classe d\u2019un col\u00b7legi o el col\u00b7legi sencer, la facultat de medicina o d\u2019hist\u00f2ria de l\u2019art, o la universitat al complet, treballis en una petita empresa o en una\u00a0gran multinacional, tots podem fer alguna cosa per participar en aquest moviment. A www.givingtuesday.es podr\u00e0s veure idees que t\u2019inspirin per poder fer alguna cosa pels altres. Si es vol, es pot!<\/p>\n<blockquote>\n<p>Sempre vas voler fer alguna cosa pels altres? Aquesta \u00e9s la teva ocasi\u00f3!<\/p>\n<\/blockquote>\n<h4><span style=\"color: #ff0000;\">\u00c9S MOLT SENZILL<\/span><\/h4>\n<p>El moviment ja ha comen\u00e7at a Espanya i dem\u00e0 \u00e9s el gran dia!<br \/>\n Dep\u00e8n de tu que es converteixi en un corrent de solidaritat que estimuli les donacions. Entra a\u00a0www.givingtuesday.es i penja el projecte amb el qual vols fer-ho possible. Moltes gr\u00e0cies!<\/p>\n<p>Juan Mezo @JuanMezo<br \/>\n Valores &amp; Marketing<br \/>\n Empresa impulsora de Giving Tuesday al nostre pa\u00eds<\/p>\n","protected":false},"excerpt":{"rendered":"<p>UN MOVIMENT GLOBAL #GIVINGTUESDAY \u00e9s un moviment global nascut ara fa 4 anys que est\u00e0 present en m\u00e9s de 68 pa\u00efsos. Va ser creat per l\u2019organitzaci\u00f3 americana 92Y i compta amb el suport de\u00a0la Fundaci\u00f3 de les Nacions Unides. El dia 1 de desembre del 2015 \u00e9s el dimarts triat\u00a0per DONAR. Ser\u00e0 UN DIA PER &hellip; <a href=\"https:\/\/entandem.cat\/es\/sabias-que\/despres-del-black-friday-cyber-monday-dema-es-givingtuesday\/\">Continued<\/a><\/p>\n","protected":false},"author":1,"featured_media":3915,"comment_status":"closed","ping_status":"open","sticky":false,"template":"","format":"standard","meta":{"footnotes":""},"categories":[321],"tags":[],"class_list":["post-4022","post","type-post","status-publish","format-standard","has-post-thumbnail","hentry","category-sabias-que"],"yoast_head":"<!-- This site is optimized with the Yoast SEO plugin v27.0 - https:\/\/yoast.com\/product\/yoast-seo-wordpress\/ -->\n<title>Despr\u00e9s del Black Friday i Cyber Monday\u2026 Dem\u00e0 \u00e9s #GivingTuesday! - enT\u00e0ndem<\/title>\n<meta name=\"robots\" content=\"index, follow, max-snippet:-1, max-image-preview:large, max-video-preview:-1\" \/>\n<link rel=\"canonical\" href=\"https:\/\/entandem.cat\/es\/sabias-que\/despres-del-black-friday-cyber-monday-dema-es-givingtuesday\/\" \/>\n<meta property=\"og:locale\" content=\"es_ES\" \/>\n<meta property=\"og:type\" content=\"article\" \/>\n<meta property=\"og:title\" content=\"Despr\u00e9s del Black Friday i Cyber Monday\u2026 Dem\u00e0 \u00e9s #GivingTuesday! - enT\u00e0ndem\" \/>\n<meta property=\"og:description\" content=\"UN MOVIMENT GLOBAL #GIVINGTUESDAY \u00e9s un moviment global nascut ara fa 4 anys que est\u00e0 present en m\u00e9s de 68 pa\u00efsos. Va ser creat per l\u2019organitzaci\u00f3 americana 92Y i compta amb el suport de\u00a0la Fundaci\u00f3 de les Nacions Unides. El dia 1 de desembre del 2015 \u00e9s el dimarts triat\u00a0per DONAR. Ser\u00e0 UN DIA PER &hellip; Continued\" \/>\n<meta property=\"og:url\" content=\"https:\/\/entandem.cat\/es\/sabias-que\/despres-del-black-friday-cyber-monday-dema-es-givingtuesday\/\" \/>\n<meta property=\"og:site_name\" content=\"enT\u00e0ndem\" \/>\n<meta property=\"article:publisher\" content=\"https:\/\/www.facebook.com\/afevcat\" \/>\n<meta property=\"article:published_time\" content=\"2015-11-30T11:01:56+00:00\" \/>\n<meta property=\"article:modified_time\" content=\"2018-01-24T12:36:36+00:00\" \/>\n<meta property=\"og:image\" content=\"https:\/\/entandem.cat\/wp-content\/uploads\/2015\/11\/giving-tuesday-2016-salud-mental-espa\u00f1a.jpg\" \/>\n\t<meta property=\"og:image:width\" content=\"646\" \/>\n\t<meta property=\"og:image:height\" content=\"373\" \/>\n\t<meta property=\"og:image:type\" content=\"image\/jpeg\" \/>\n<meta name=\"author\" content=\"adminTandem\" \/>\n<meta name=\"twitter:card\" content=\"summary_large_image\" \/>\n<meta name=\"twitter:creator\" content=\"@afevcat\" \/>\n<meta name=\"twitter:site\" content=\"@afevcat\" \/>\n<meta name=\"twitter:label1\" content=\"Escrito por\" \/>\n\t<meta name=\"twitter:data1\" content=\"adminTandem\" \/>\n\t<meta name=\"twitter:label2\" content=\"Tiempo de lectura\" \/>\n\t<meta name=\"twitter:data2\" content=\"3 minutos\" \/>\n<script type=\"application\/ld+json\" class=\"yoast-schema-graph\">{\"@context\":\"https:\/\/schema.org\",\"@graph\":[{\"@type\":\"Article\",\"@id\":\"https:\/\/entandem.cat\/es\/sabias-que\/despres-del-black-friday-cyber-monday-dema-es-givingtuesday\/#article\",\"isPartOf\":{\"@id\":\"https:\/\/entandem.cat\/es\/sabias-que\/despres-del-black-friday-cyber-monday-dema-es-givingtuesday\/\"},\"author\":{\"name\":\"adminTandem\",\"@id\":\"https:\/\/entandem.cat\/#\/schema\/person\/2111428ce1954193a11054a1e2b5b0da\"},\"headline\":\"Despr\u00e9s del Black Friday i Cyber Monday\u2026 Dem\u00e0 \u00e9s #GivingTuesday!\",\"datePublished\":\"2015-11-30T11:01:56+00:00\",\"dateModified\":\"2018-01-24T12:36:36+00:00\",\"mainEntityOfPage\":{\"@id\":\"https:\/\/entandem.cat\/es\/sabias-que\/despres-del-black-friday-cyber-monday-dema-es-givingtuesday\/\"},\"wordCount\":654,\"publisher\":{\"@id\":\"https:\/\/entandem.cat\/#organization\"},\"image\":{\"@id\":\"https:\/\/entandem.cat\/es\/sabias-que\/despres-del-black-friday-cyber-monday-dema-es-givingtuesday\/#primaryimage\"},\"thumbnailUrl\":\"https:\/\/entandem.cat\/wp-content\/uploads\/2015\/11\/giving-tuesday-2016-salud-mental-espa\u00f1a.jpg\",\"articleSection\":[\"Sab\u00edas que\"],\"inLanguage\":\"es\"},{\"@type\":\"WebPage\",\"@id\":\"https:\/\/entandem.cat\/es\/sabias-que\/despres-del-black-friday-cyber-monday-dema-es-givingtuesday\/\",\"url\":\"https:\/\/entandem.cat\/es\/sabias-que\/despres-del-black-friday-cyber-monday-dema-es-givingtuesday\/\",\"name\":\"Despr\u00e9s del Black Friday i Cyber Monday\u2026 Dem\u00e0 \u00e9s #GivingTuesday! - enT\u00e0ndem\",\"isPartOf\":{\"@id\":\"https:\/\/entandem.cat\/#website\"},\"primaryImageOfPage\":{\"@id\":\"https:\/\/entandem.cat\/es\/sabias-que\/despres-del-black-friday-cyber-monday-dema-es-givingtuesday\/#primaryimage\"},\"image\":{\"@id\":\"https:\/\/entandem.cat\/es\/sabias-que\/despres-del-black-friday-cyber-monday-dema-es-givingtuesday\/#primaryimage\"},\"thumbnailUrl\":\"https:\/\/entandem.cat\/wp-content\/uploads\/2015\/11\/giving-tuesday-2016-salud-mental-espa\u00f1a.jpg\",\"datePublished\":\"2015-11-30T11:01:56+00:00\",\"dateModified\":\"2018-01-24T12:36:36+00:00\",\"breadcrumb\":{\"@id\":\"https:\/\/entandem.cat\/es\/sabias-que\/despres-del-black-friday-cyber-monday-dema-es-givingtuesday\/#breadcrumb\"},\"inLanguage\":\"es\",\"potentialAction\":[{\"@type\":\"ReadAction\",\"target\":[\"https:\/\/entandem.cat\/es\/sabias-que\/despres-del-black-friday-cyber-monday-dema-es-givingtuesday\/\"]}]},{\"@type\":\"ImageObject\",\"inLanguage\":\"es\",\"@id\":\"https:\/\/entandem.cat\/es\/sabias-que\/despres-del-black-friday-cyber-monday-dema-es-givingtuesday\/#primaryimage\",\"url\":\"https:\/\/entandem.cat\/wp-content\/uploads\/2015\/11\/giving-tuesday-2016-salud-mental-espa\u00f1a.jpg\",\"contentUrl\":\"https:\/\/entandem.cat\/wp-content\/uploads\/2015\/11\/giving-tuesday-2016-salud-mental-espa\u00f1a.jpg\",\"width\":646,\"height\":373},{\"@type\":\"BreadcrumbList\",\"@id\":\"https:\/\/entandem.cat\/es\/sabias-que\/despres-del-black-friday-cyber-monday-dema-es-givingtuesday\/#breadcrumb\",\"itemListElement\":[{\"@type\":\"ListItem\",\"position\":1,\"name\":\"Inici\",\"item\":\"https:\/\/entandem.cat\/es\/\"},{\"@type\":\"ListItem\",\"position\":2,\"name\":\"Despr\u00e9s del Black Friday i Cyber Monday\u2026 Dem\u00e0 \u00e9s #GivingTuesday!\"}]},{\"@type\":\"WebSite\",\"@id\":\"https:\/\/entandem.cat\/#website\",\"url\":\"https:\/\/entandem.cat\/\",\"name\":\"enT\u00e0ndem\",\"description\":\"Voluntariat Social Universitari\",\"publisher\":{\"@id\":\"https:\/\/entandem.cat\/#organization\"},\"potentialAction\":[{\"@type\":\"SearchAction\",\"target\":{\"@type\":\"EntryPoint\",\"urlTemplate\":\"https:\/\/entandem.cat\/?s={search_term_string}\"},\"query-input\":{\"@type\":\"PropertyValueSpecification\",\"valueRequired\":true,\"valueName\":\"search_term_string\"}}],\"inLanguage\":\"es\"},{\"@type\":\"Organization\",\"@id\":\"https:\/\/entandem.cat\/#organization\",\"name\":\"enT\u00e0ndem\",\"url\":\"https:\/\/entandem.cat\/\",\"logo\":{\"@type\":\"ImageObject\",\"inLanguage\":\"es\",\"@id\":\"https:\/\/entandem.cat\/#\/schema\/logo\/image\/\",\"url\":\"https:\/\/entandem.cat\/wp-content\/uploads\/2016\/12\/logo-entandem.png\",\"contentUrl\":\"https:\/\/entandem.cat\/wp-content\/uploads\/2016\/12\/logo-entandem.png\",\"width\":166,\"height\":44,\"caption\":\"enT\u00e0ndem\"},\"image\":{\"@id\":\"https:\/\/entandem.cat\/#\/schema\/logo\/image\/\"},\"sameAs\":[\"https:\/\/www.facebook.com\/afevcat\",\"https:\/\/x.com\/afevcat\",\"https:\/\/www.instagram.com\/afevcat\/\"]},{\"@type\":\"Person\",\"@id\":\"https:\/\/entandem.cat\/#\/schema\/person\/2111428ce1954193a11054a1e2b5b0da\",\"name\":\"adminTandem\"}]}<\/script>\n<!-- \/ Yoast SEO plugin. -->","yoast_head_json":{"title":"Despr\u00e9s del Black Friday i Cyber Monday\u2026 Dem\u00e0 \u00e9s #GivingTuesday! - enT\u00e0ndem","robots":{"index":"index","follow":"follow","max-snippet":"max-snippet:-1","max-image-preview":"max-image-preview:large","max-video-preview":"max-video-preview:-1"},"canonical":"https:\/\/entandem.cat\/es\/sabias-que\/despres-del-black-friday-cyber-monday-dema-es-givingtuesday\/","og_locale":"es_ES","og_type":"article","og_title":"Despr\u00e9s del Black Friday i Cyber Monday\u2026 Dem\u00e0 \u00e9s #GivingTuesday! - enT\u00e0ndem","og_description":"UN MOVIMENT GLOBAL #GIVINGTUESDAY \u00e9s un moviment global nascut ara fa 4 anys que est\u00e0 present en m\u00e9s de 68 pa\u00efsos. Va ser creat per l\u2019organitzaci\u00f3 americana 92Y i compta amb el suport de\u00a0la Fundaci\u00f3 de les Nacions Unides. El dia 1 de desembre del 2015 \u00e9s el dimarts triat\u00a0per DONAR. Ser\u00e0 UN DIA PER &hellip; Continued","og_url":"https:\/\/entandem.cat\/es\/sabias-que\/despres-del-black-friday-cyber-monday-dema-es-givingtuesday\/","og_site_name":"enT\u00e0ndem","article_publisher":"https:\/\/www.facebook.com\/afevcat","article_published_time":"2015-11-30T11:01:56+00:00","article_modified_time":"2018-01-24T12:36:36+00:00","og_image":[{"width":646,"height":373,"url":"https:\/\/entandem.cat\/wp-content\/uploads\/2015\/11\/giving-tuesday-2016-salud-mental-espa\u00f1a.jpg","type":"image\/jpeg"}],"author":"adminTandem","twitter_card":"summary_large_image","twitter_creator":"@afevcat","twitter_site":"@afevcat","twitter_misc":{"Escrito por":"adminTandem","Tiempo de lectura":"3 minutos"},"schema":{"@context":"https:\/\/schema.org","@graph":[{"@type":"Article","@id":"https:\/\/entandem.cat\/es\/sabias-que\/despres-del-black-friday-cyber-monday-dema-es-givingtuesday\/#article","isPartOf":{"@id":"https:\/\/entandem.cat\/es\/sabias-que\/despres-del-black-friday-cyber-monday-dema-es-givingtuesday\/"},"author":{"name":"adminTandem","@id":"https:\/\/entandem.cat\/#\/schema\/person\/2111428ce1954193a11054a1e2b5b0da"},"headline":"Despr\u00e9s del Black Friday i Cyber Monday\u2026 Dem\u00e0 \u00e9s #GivingTuesday!","datePublished":"2015-11-30T11:01:56+00:00","dateModified":"2018-01-24T12:36:36+00:00","mainEntityOfPage":{"@id":"https:\/\/entandem.cat\/es\/sabias-que\/despres-del-black-friday-cyber-monday-dema-es-givingtuesday\/"},"wordCount":654,"publisher":{"@id":"https:\/\/entandem.cat\/#organization"},"image":{"@id":"https:\/\/entandem.cat\/es\/sabias-que\/despres-del-black-friday-cyber-monday-dema-es-givingtuesday\/#primaryimage"},"thumbnailUrl":"https:\/\/entandem.cat\/wp-content\/uploads\/2015\/11\/giving-tuesday-2016-salud-mental-espa\u00f1a.jpg","articleSection":["Sab\u00edas que"],"inLanguage":"es"},{"@type":"WebPage","@id":"https:\/\/entandem.cat\/es\/sabias-que\/despres-del-black-friday-cyber-monday-dema-es-givingtuesday\/","url":"https:\/\/entandem.cat\/es\/sabias-que\/despres-del-black-friday-cyber-monday-dema-es-givingtuesday\/","name":"Despr\u00e9s del Black Friday i Cyber Monday\u2026 Dem\u00e0 \u00e9s #GivingTuesday! - enT\u00e0ndem","isPartOf":{"@id":"https:\/\/entandem.cat\/#website"},"primaryImageOfPage":{"@id":"https:\/\/entandem.cat\/es\/sabias-que\/despres-del-black-friday-cyber-monday-dema-es-givingtuesday\/#primaryimage"},"image":{"@id":"https:\/\/entandem.cat\/es\/sabias-que\/despres-del-black-friday-cyber-monday-dema-es-givingtuesday\/#primaryimage"},"thumbnailUrl":"https:\/\/entandem.cat\/wp-content\/uploads\/2015\/11\/giving-tuesday-2016-salud-mental-espa\u00f1a.jpg","datePublished":"2015-11-30T11:01:56+00:00","dateModified":"2018-01-24T12:36:36+00:00","breadcrumb":{"@id":"https:\/\/entandem.cat\/es\/sabias-que\/despres-del-black-friday-cyber-monday-dema-es-givingtuesday\/#breadcrumb"},"inLanguage":"es","potentialAction":[{"@type":"ReadAction","target":["https:\/\/entandem.cat\/es\/sabias-que\/despres-del-black-friday-cyber-monday-dema-es-givingtuesday\/"]}]},{"@type":"ImageObject","inLanguage":"es","@id":"https:\/\/entandem.cat\/es\/sabias-que\/despres-del-black-friday-cyber-monday-dema-es-givingtuesday\/#primaryimage","url":"https:\/\/entandem.cat\/wp-content\/uploads\/2015\/11\/giving-tuesday-2016-salud-mental-espa\u00f1a.jpg","contentUrl":"https:\/\/entandem.cat\/wp-content\/uploads\/2015\/11\/giving-tuesday-2016-salud-mental-espa\u00f1a.jpg","width":646,"height":373},{"@type":"BreadcrumbList","@id":"https:\/\/entandem.cat\/es\/sabias-que\/despres-del-black-friday-cyber-monday-dema-es-givingtuesday\/#breadcrumb","itemListElement":[{"@type":"ListItem","position":1,"name":"Inici","item":"https:\/\/entandem.cat\/es\/"},{"@type":"ListItem","position":2,"name":"Despr\u00e9s del Black Friday i Cyber Monday\u2026 Dem\u00e0 \u00e9s #GivingTuesday!"}]},{"@type":"WebSite","@id":"https:\/\/entandem.cat\/#website","url":"https:\/\/entandem.cat\/","name":"enT\u00e0ndem","description":"Voluntariat Social Universitari","publisher":{"@id":"https:\/\/entandem.cat\/#organization"},"potentialAction":[{"@type":"SearchAction","target":{"@type":"EntryPoint","urlTemplate":"https:\/\/entandem.cat\/?s={search_term_string}"},"query-input":{"@type":"PropertyValueSpecification","valueRequired":true,"valueName":"search_term_string"}}],"inLanguage":"es"},{"@type":"Organization","@id":"https:\/\/entandem.cat\/#organization","name":"enT\u00e0ndem","url":"https:\/\/entandem.cat\/","logo":{"@type":"ImageObject","inLanguage":"es","@id":"https:\/\/entandem.cat\/#\/schema\/logo\/image\/","url":"https:\/\/entandem.cat\/wp-content\/uploads\/2016\/12\/logo-entandem.png","contentUrl":"https:\/\/entandem.cat\/wp-content\/uploads\/2016\/12\/logo-entandem.png","width":166,"height":44,"caption":"enT\u00e0ndem"},"image":{"@id":"https:\/\/entandem.cat\/#\/schema\/logo\/image\/"},"sameAs":["https:\/\/www.facebook.com\/afevcat","https:\/\/x.com\/afevcat","https:\/\/www.instagram.com\/afevcat\/"]},{"@type":"Person","@id":"https:\/\/entandem.cat\/#\/schema\/person\/2111428ce1954193a11054a1e2b5b0da","name":"adminTandem"}]}},"_links":{"self":[{"href":"https:\/\/entandem.cat\/es\/wp-json\/wp\/v2\/posts\/4022","targetHints":{"allow":["GET"]}}],"collection":[{"href":"https:\/\/entandem.cat\/es\/wp-json\/wp\/v2\/posts"}],"about":[{"href":"https:\/\/entandem.cat\/es\/wp-json\/wp\/v2\/types\/post"}],"author":[{"embeddable":true,"href":"https:\/\/entandem.cat\/es\/wp-json\/wp\/v2\/users\/1"}],"replies":[{"embeddable":true,"href":"https:\/\/entandem.cat\/es\/wp-json\/wp\/v2\/comments?post=4022"}],"version-history":[{"count":0,"href":"https:\/\/entandem.cat\/es\/wp-json\/wp\/v2\/posts\/4022\/revisions"}],"wp:featuredmedia":[{"embeddable":true,"href":"https:\/\/entandem.cat\/es\/wp-json\/wp\/v2\/media\/3915"}],"wp:attachment":[{"href":"https:\/\/entandem.cat\/es\/wp-json\/wp\/v2\/media?parent=4022"}],"wp:term":[{"taxonomy":"category","embeddable":true,"href":"https:\/\/entandem.cat\/es\/wp-json\/wp\/v2\/categories?post=4022"},{"taxonomy":"post_tag","embeddable":true,"href":"https:\/\/entandem.cat\/es\/wp-json\/wp\/v2\/tags?post=4022"}],"curies":[{"name":"wp","href":"https:\/\/api.w.org\/{rel}","templated":true}]}}