{"id":3989,"date":"2020-01-13T18:00:39","date_gmt":"2020-01-13T18:00:39","guid":{"rendered":"http:\/\/entandem.cat\/es\/actividades\/trobar-nos-amb-un-professional\/"},"modified":"2021-04-16T11:14:45","modified_gmt":"2021-04-16T11:14:45","slug":"trobar-nos-amb-un-professional","status":"publish","type":"post","link":"https:\/\/entandem.cat\/es\/recursos-es\/trobar-nos-amb-un-professional\/","title":{"rendered":"Encontrarnos con un profesional"},"content":{"rendered":"<h4><span style=\"color: #ff0000;\"><strong>Finalidad<\/strong><\/span><\/h4>\n<p>En las clases de 3\u00ba y 4\u00ba de ESO, los y las adolescentes se encuentran en un momento importante de su trayectoria escolar donde aparece la problem\u00e1tica de la orientaci\u00f3n: el joven tiene que proyectar su trayectoria escolar y profesional.<\/p>\n<\/p>\n<p>Una de las finalidades de vuestro acompa\u00f1amiento es favorecer el control de esta \u201ctrayectoria\u201d y desarrollar la autonom\u00eda del joven. Para lo cual, pod\u00e9is ayudarlo a usar los recursos de su entorno, a saber moverse en una aproximaci\u00f3n concreta del mundo laboral. Un encuentro con un profesional puede ser una apertura, una herramienta que permita desestressar la elecci\u00f3n de la orientaci\u00f3n del joven, en la medida que este no ha tenido una trayectoria linial de \u00e9xito.<\/p>\n<\/p>\n<h4><span style=\"color: #ff0000;\"><strong>C\u00f3mo hacerlo?<\/strong><\/span><\/h4>\n<p><span style=\"color: #0000ff;\"><em>Antes:<\/em><\/span><\/p>\n<p>Para preparar el encuentro con un profesional, tienes que haber hablado previamente con el joven de su orientaci\u00f3n escolar y profesional:<\/p>\n<p>\u2013 C\u00f3mo ve \u00e9l\/ella la prolongaci\u00f3n de sus estudios (desprendido de la ESO): aspira a un aprendizaje corto o m\u00e1s bien a estudios universitarios? Qu\u00e9 actividades y profesiones le gustan?<\/p>\n<\/p>\n<p>Puede ser de utilidad ir al punto de informaci\u00f3n del estudiante o punto joven (se puede encontrar en el centro c\u00edvico, biblioteca del barrio, etc), para informarse de las profesiones que interesan al joven que acompa\u00f1\u00e1is\u2026<\/p>\n<\/p>\n<p>En funci\u00f3n de los intereses del joven hacia una o m\u00e1s profesiones, buscar juntos las personas con las cuales nos reuniremos:<\/p>\n<p>\u2013 Pedir por los orientadores acad\u00e9micos.<\/p>\n<p>\u2013 Redactar una carta de motivaci\u00f3n para pedir cita a varias personas y telefonearlas.<\/p>\n<\/p>\n<p>Una vez el profesional haya respondido positivamente a un encuentro y la cita sea fijada:<\/p>\n<p>Preparar las preguntas que le haremos.<\/p>\n<\/p>\n<p><span style=\"color: #0000ff;\"><em>Mientras tanto:<\/em><\/span><\/p>\n<p>Recordar a la persona que el joven est\u00e1 aqu\u00ed por su inter\u00e9s a su orientaci\u00f3n, para recibir informaci\u00f3n concreta de las profesiones. El joven puede entonces hacer sus preguntas e interactuar libremente con el trabajador. Vosotros est\u00e1is ah\u00ed para acompa\u00f1ar el joven, ayudar a romper el hielo y eventualmente reorientar diplom\u00e1ticamente la conversaci\u00f3n, pero es el joven qui\u00e9n tiene que intervenir, haciendo las preguntas que ya se hab\u00eda planteado y escrito.<\/p>\n<\/p>\n<p><span style=\"color: #0000ff;\"><em>Despu\u00e9s:<\/em><\/span><\/p>\n<p>Hablar del encuentro, de la comprensi\u00f3n y percepci\u00f3n de la\/las profesiones: si el encuentro responde a sus expectativas, si llega a hacerse una idea de la profesi\u00f3n elegida y su proyecci\u00f3n\u2026 Escribir un resumen de la entrevista para retener la informaci\u00f3n y poder hablar con su familia, profesores o compa\u00f1eros.<\/p>\n<p>Despu\u00e9s de esta informaci\u00f3n obtenida, hay que dar otro paso? Visitar a alguno\/a otro profesional?<\/p>\n<\/p>\n<h4><span style=\"color: #ff0000;\"><strong>Atenci\u00f3n!<\/strong><\/span><\/h4>\n<ul>\n<li>Puede haber una diferencia entre aquello que el joven puede querer hacer y sus aspiraciones reales. El encuentro puede ayudar a desmitificar una profesi\u00f3n, permitir una proyecci\u00f3n personal.<\/li>\n<li>Tened en cuenta preparar bien el encuentro y no obstinaros en caso de que no funcione para as\u00ed evitar la decepci\u00f3n del joven.<\/li>\n<li>No os limit\u00e9is solo a aquello que el estudiante quiera hacer, el objetivo es abrirse a posibilidades; incitarlo a repetir la experiencia.<\/li>\n<li>Lo importante es la gesti\u00f3n de la investigaci\u00f3n, y que el joven con el tiempo, pueda hacerlo sin vosotros, puesto que dudas hay toda la vida, lo importante es saberlas resolver.<\/li>\n<\/ul>\n<h4><span style=\"color: #ff0000;\"><strong>Recursos<\/strong><\/span><\/h4>\n<ul>\n<li>Puntos de informaci\u00f3n del estudiante o juveniles<\/li>\n<li>Redes personales<\/li>\n<li>Internet<\/li>\n<\/ul>\n<p><span style=\"color: #0000ff;\"><strong>Otros recursos<\/strong><\/span><\/p>\n<p>Participar en un foro de profesiones; ayudar en busca de unas pr\u00e1cticas; descubrir las diferentes profesiones dentro de un sector; visitar una empresa; visitar la universidad\u2026<\/p>\n<p>Fichas para organizar diferentes actividades o con ideas para realizar tu acompa\u00f1amiento: visita la <a href=\"https:\/\/entandem.cat\/es\/recursos-es\/acompanyateca\/\">acompa\u00f1ateca<\/a>.<\/p><\/p>\n","protected":false},"excerpt":{"rendered":"<p>Finalidad En las clases de 3\u00ba y 4\u00ba de ESO, los y las adolescentes se encuentran en un momento importante de su trayectoria escolar donde aparece la problem\u00e1tica de la orientaci\u00f3n: el joven tiene que proyectar su trayectoria escolar y profesional. Una de las finalidades de vuestro acompa\u00f1amiento es favorecer el control de esta \u201ctrayectoria\u201d &hellip; <a href=\"https:\/\/entandem.cat\/es\/recursos-es\/trobar-nos-amb-un-professional\/\">Continued<\/a><\/p>\n","protected":false},"author":1,"featured_media":8524,"comment_status":"closed","ping_status":"open","sticky":false,"template":"","format":"standard","meta":{"footnotes":""},"categories":[320],"tags":[],"class_list":["post-3989","post","type-post","status-publish","format-standard","has-post-thumbnail","hentry","category-recursos-es"],"yoast_head":"<!-- This site is optimized with the Yoast SEO plugin v27.0 - https:\/\/yoast.com\/product\/yoast-seo-wordpress\/ -->\n<title>Encontrarnos con un profesional - enT\u00e0ndem<\/title>\n<meta name=\"robots\" content=\"index, follow, max-snippet:-1, max-image-preview:large, max-video-preview:-1\" \/>\n<link rel=\"canonical\" href=\"https:\/\/entandem.cat\/es\/recursos-es\/trobar-nos-amb-un-professional\/\" \/>\n<meta property=\"og:locale\" content=\"es_ES\" \/>\n<meta property=\"og:type\" content=\"article\" \/>\n<meta property=\"og:title\" content=\"Encontrarnos con un profesional - enT\u00e0ndem\" \/>\n<meta property=\"og:description\" content=\"Finalidad En las clases de 3\u00ba y 4\u00ba de ESO, los y las adolescentes se encuentran en un momento importante de su trayectoria escolar donde aparece la problem\u00e1tica de la orientaci\u00f3n: el joven tiene que proyectar su trayectoria escolar y profesional. Una de las finalidades de vuestro acompa\u00f1amiento es favorecer el control de esta \u201ctrayectoria\u201d &hellip; Continued\" \/>\n<meta property=\"og:url\" content=\"https:\/\/entandem.cat\/es\/recursos-es\/trobar-nos-amb-un-professional\/\" \/>\n<meta property=\"og:site_name\" content=\"enT\u00e0ndem\" \/>\n<meta property=\"article:publisher\" content=\"https:\/\/www.facebook.com\/afevcat\" \/>\n<meta property=\"article:published_time\" content=\"2020-01-13T18:00:39+00:00\" \/>\n<meta property=\"article:modified_time\" content=\"2021-04-16T11:14:45+00:00\" \/>\n<meta property=\"og:image\" content=\"https:\/\/entandem.cat\/wp-content\/uploads\/2020\/01\/NV-Fitxa-pedagogica-Trobar-nos-amb-un-professional-CAST.jpg\" \/>\n\t<meta property=\"og:image:width\" content=\"1200\" \/>\n\t<meta property=\"og:image:height\" content=\"800\" \/>\n\t<meta property=\"og:image:type\" content=\"image\/jpeg\" \/>\n<meta name=\"author\" content=\"adminTandem\" \/>\n<meta name=\"twitter:card\" content=\"summary_large_image\" \/>\n<meta name=\"twitter:creator\" content=\"@afevcat\" \/>\n<meta name=\"twitter:site\" content=\"@afevcat\" \/>\n<meta name=\"twitter:label1\" content=\"Escrito por\" \/>\n\t<meta name=\"twitter:data1\" content=\"adminTandem\" \/>\n\t<meta name=\"twitter:label2\" content=\"Tiempo de lectura\" \/>\n\t<meta name=\"twitter:data2\" content=\"3 minutos\" \/>\n<script type=\"application\/ld+json\" class=\"yoast-schema-graph\">{\"@context\":\"https:\/\/schema.org\",\"@graph\":[{\"@type\":\"Article\",\"@id\":\"https:\/\/entandem.cat\/es\/recursos-es\/trobar-nos-amb-un-professional\/#article\",\"isPartOf\":{\"@id\":\"https:\/\/entandem.cat\/es\/recursos-es\/trobar-nos-amb-un-professional\/\"},\"author\":{\"name\":\"adminTandem\",\"@id\":\"https:\/\/entandem.cat\/#\/schema\/person\/2111428ce1954193a11054a1e2b5b0da\"},\"headline\":\"Encontrarnos con un profesional\",\"datePublished\":\"2020-01-13T18:00:39+00:00\",\"dateModified\":\"2021-04-16T11:14:45+00:00\",\"mainEntityOfPage\":{\"@id\":\"https:\/\/entandem.cat\/es\/recursos-es\/trobar-nos-amb-un-professional\/\"},\"wordCount\":618,\"publisher\":{\"@id\":\"https:\/\/entandem.cat\/#organization\"},\"image\":{\"@id\":\"https:\/\/entandem.cat\/es\/recursos-es\/trobar-nos-amb-un-professional\/#primaryimage\"},\"thumbnailUrl\":\"https:\/\/entandem.cat\/wp-content\/uploads\/2020\/01\/NV-Fitxa-pedagogica-Trobar-nos-amb-un-professional-CAST.jpg\",\"articleSection\":[\"Recursos\"],\"inLanguage\":\"es\"},{\"@type\":\"WebPage\",\"@id\":\"https:\/\/entandem.cat\/es\/recursos-es\/trobar-nos-amb-un-professional\/\",\"url\":\"https:\/\/entandem.cat\/es\/recursos-es\/trobar-nos-amb-un-professional\/\",\"name\":\"Encontrarnos con un profesional - enT\u00e0ndem\",\"isPartOf\":{\"@id\":\"https:\/\/entandem.cat\/#website\"},\"primaryImageOfPage\":{\"@id\":\"https:\/\/entandem.cat\/es\/recursos-es\/trobar-nos-amb-un-professional\/#primaryimage\"},\"image\":{\"@id\":\"https:\/\/entandem.cat\/es\/recursos-es\/trobar-nos-amb-un-professional\/#primaryimage\"},\"thumbnailUrl\":\"https:\/\/entandem.cat\/wp-content\/uploads\/2020\/01\/NV-Fitxa-pedagogica-Trobar-nos-amb-un-professional-CAST.jpg\",\"datePublished\":\"2020-01-13T18:00:39+00:00\",\"dateModified\":\"2021-04-16T11:14:45+00:00\",\"breadcrumb\":{\"@id\":\"https:\/\/entandem.cat\/es\/recursos-es\/trobar-nos-amb-un-professional\/#breadcrumb\"},\"inLanguage\":\"es\",\"potentialAction\":[{\"@type\":\"ReadAction\",\"target\":[\"https:\/\/entandem.cat\/es\/recursos-es\/trobar-nos-amb-un-professional\/\"]}]},{\"@type\":\"ImageObject\",\"inLanguage\":\"es\",\"@id\":\"https:\/\/entandem.cat\/es\/recursos-es\/trobar-nos-amb-un-professional\/#primaryimage\",\"url\":\"https:\/\/entandem.cat\/wp-content\/uploads\/2020\/01\/NV-Fitxa-pedagogica-Trobar-nos-amb-un-professional-CAST.jpg\",\"contentUrl\":\"https:\/\/entandem.cat\/wp-content\/uploads\/2020\/01\/NV-Fitxa-pedagogica-Trobar-nos-amb-un-professional-CAST.jpg\",\"width\":1200,\"height\":800},{\"@type\":\"BreadcrumbList\",\"@id\":\"https:\/\/entandem.cat\/es\/recursos-es\/trobar-nos-amb-un-professional\/#breadcrumb\",\"itemListElement\":[{\"@type\":\"ListItem\",\"position\":1,\"name\":\"Inici\",\"item\":\"https:\/\/entandem.cat\/es\/\"},{\"@type\":\"ListItem\",\"position\":2,\"name\":\"Encontrarnos con un profesional\"}]},{\"@type\":\"WebSite\",\"@id\":\"https:\/\/entandem.cat\/#website\",\"url\":\"https:\/\/entandem.cat\/\",\"name\":\"enT\u00e0ndem\",\"description\":\"Voluntariat Social Universitari\",\"publisher\":{\"@id\":\"https:\/\/entandem.cat\/#organization\"},\"potentialAction\":[{\"@type\":\"SearchAction\",\"target\":{\"@type\":\"EntryPoint\",\"urlTemplate\":\"https:\/\/entandem.cat\/?s={search_term_string}\"},\"query-input\":{\"@type\":\"PropertyValueSpecification\",\"valueRequired\":true,\"valueName\":\"search_term_string\"}}],\"inLanguage\":\"es\"},{\"@type\":\"Organization\",\"@id\":\"https:\/\/entandem.cat\/#organization\",\"name\":\"enT\u00e0ndem\",\"url\":\"https:\/\/entandem.cat\/\",\"logo\":{\"@type\":\"ImageObject\",\"inLanguage\":\"es\",\"@id\":\"https:\/\/entandem.cat\/#\/schema\/logo\/image\/\",\"url\":\"https:\/\/entandem.cat\/wp-content\/uploads\/2016\/12\/logo-entandem.png\",\"contentUrl\":\"https:\/\/entandem.cat\/wp-content\/uploads\/2016\/12\/logo-entandem.png\",\"width\":166,\"height\":44,\"caption\":\"enT\u00e0ndem\"},\"image\":{\"@id\":\"https:\/\/entandem.cat\/#\/schema\/logo\/image\/\"},\"sameAs\":[\"https:\/\/www.facebook.com\/afevcat\",\"https:\/\/x.com\/afevcat\",\"https:\/\/www.instagram.com\/afevcat\/\"]},{\"@type\":\"Person\",\"@id\":\"https:\/\/entandem.cat\/#\/schema\/person\/2111428ce1954193a11054a1e2b5b0da\",\"name\":\"adminTandem\"}]}<\/script>\n<!-- \/ Yoast SEO plugin. -->","yoast_head_json":{"title":"Encontrarnos con un profesional - enT\u00e0ndem","robots":{"index":"index","follow":"follow","max-snippet":"max-snippet:-1","max-image-preview":"max-image-preview:large","max-video-preview":"max-video-preview:-1"},"canonical":"https:\/\/entandem.cat\/es\/recursos-es\/trobar-nos-amb-un-professional\/","og_locale":"es_ES","og_type":"article","og_title":"Encontrarnos con un profesional - enT\u00e0ndem","og_description":"Finalidad En las clases de 3\u00ba y 4\u00ba de ESO, los y las adolescentes se encuentran en un momento importante de su trayectoria escolar donde aparece la problem\u00e1tica de la orientaci\u00f3n: el joven tiene que proyectar su trayectoria escolar y profesional. Una de las finalidades de vuestro acompa\u00f1amiento es favorecer el control de esta \u201ctrayectoria\u201d &hellip; Continued","og_url":"https:\/\/entandem.cat\/es\/recursos-es\/trobar-nos-amb-un-professional\/","og_site_name":"enT\u00e0ndem","article_publisher":"https:\/\/www.facebook.com\/afevcat","article_published_time":"2020-01-13T18:00:39+00:00","article_modified_time":"2021-04-16T11:14:45+00:00","og_image":[{"width":1200,"height":800,"url":"https:\/\/entandem.cat\/wp-content\/uploads\/2020\/01\/NV-Fitxa-pedagogica-Trobar-nos-amb-un-professional-CAST.jpg","type":"image\/jpeg"}],"author":"adminTandem","twitter_card":"summary_large_image","twitter_creator":"@afevcat","twitter_site":"@afevcat","twitter_misc":{"Escrito por":"adminTandem","Tiempo de lectura":"3 minutos"},"schema":{"@context":"https:\/\/schema.org","@graph":[{"@type":"Article","@id":"https:\/\/entandem.cat\/es\/recursos-es\/trobar-nos-amb-un-professional\/#article","isPartOf":{"@id":"https:\/\/entandem.cat\/es\/recursos-es\/trobar-nos-amb-un-professional\/"},"author":{"name":"adminTandem","@id":"https:\/\/entandem.cat\/#\/schema\/person\/2111428ce1954193a11054a1e2b5b0da"},"headline":"Encontrarnos con un profesional","datePublished":"2020-01-13T18:00:39+00:00","dateModified":"2021-04-16T11:14:45+00:00","mainEntityOfPage":{"@id":"https:\/\/entandem.cat\/es\/recursos-es\/trobar-nos-amb-un-professional\/"},"wordCount":618,"publisher":{"@id":"https:\/\/entandem.cat\/#organization"},"image":{"@id":"https:\/\/entandem.cat\/es\/recursos-es\/trobar-nos-amb-un-professional\/#primaryimage"},"thumbnailUrl":"https:\/\/entandem.cat\/wp-content\/uploads\/2020\/01\/NV-Fitxa-pedagogica-Trobar-nos-amb-un-professional-CAST.jpg","articleSection":["Recursos"],"inLanguage":"es"},{"@type":"WebPage","@id":"https:\/\/entandem.cat\/es\/recursos-es\/trobar-nos-amb-un-professional\/","url":"https:\/\/entandem.cat\/es\/recursos-es\/trobar-nos-amb-un-professional\/","name":"Encontrarnos con un profesional - enT\u00e0ndem","isPartOf":{"@id":"https:\/\/entandem.cat\/#website"},"primaryImageOfPage":{"@id":"https:\/\/entandem.cat\/es\/recursos-es\/trobar-nos-amb-un-professional\/#primaryimage"},"image":{"@id":"https:\/\/entandem.cat\/es\/recursos-es\/trobar-nos-amb-un-professional\/#primaryimage"},"thumbnailUrl":"https:\/\/entandem.cat\/wp-content\/uploads\/2020\/01\/NV-Fitxa-pedagogica-Trobar-nos-amb-un-professional-CAST.jpg","datePublished":"2020-01-13T18:00:39+00:00","dateModified":"2021-04-16T11:14:45+00:00","breadcrumb":{"@id":"https:\/\/entandem.cat\/es\/recursos-es\/trobar-nos-amb-un-professional\/#breadcrumb"},"inLanguage":"es","potentialAction":[{"@type":"ReadAction","target":["https:\/\/entandem.cat\/es\/recursos-es\/trobar-nos-amb-un-professional\/"]}]},{"@type":"ImageObject","inLanguage":"es","@id":"https:\/\/entandem.cat\/es\/recursos-es\/trobar-nos-amb-un-professional\/#primaryimage","url":"https:\/\/entandem.cat\/wp-content\/uploads\/2020\/01\/NV-Fitxa-pedagogica-Trobar-nos-amb-un-professional-CAST.jpg","contentUrl":"https:\/\/entandem.cat\/wp-content\/uploads\/2020\/01\/NV-Fitxa-pedagogica-Trobar-nos-amb-un-professional-CAST.jpg","width":1200,"height":800},{"@type":"BreadcrumbList","@id":"https:\/\/entandem.cat\/es\/recursos-es\/trobar-nos-amb-un-professional\/#breadcrumb","itemListElement":[{"@type":"ListItem","position":1,"name":"Inici","item":"https:\/\/entandem.cat\/es\/"},{"@type":"ListItem","position":2,"name":"Encontrarnos con un profesional"}]},{"@type":"WebSite","@id":"https:\/\/entandem.cat\/#website","url":"https:\/\/entandem.cat\/","name":"enT\u00e0ndem","description":"Voluntariat Social Universitari","publisher":{"@id":"https:\/\/entandem.cat\/#organization"},"potentialAction":[{"@type":"SearchAction","target":{"@type":"EntryPoint","urlTemplate":"https:\/\/entandem.cat\/?s={search_term_string}"},"query-input":{"@type":"PropertyValueSpecification","valueRequired":true,"valueName":"search_term_string"}}],"inLanguage":"es"},{"@type":"Organization","@id":"https:\/\/entandem.cat\/#organization","name":"enT\u00e0ndem","url":"https:\/\/entandem.cat\/","logo":{"@type":"ImageObject","inLanguage":"es","@id":"https:\/\/entandem.cat\/#\/schema\/logo\/image\/","url":"https:\/\/entandem.cat\/wp-content\/uploads\/2016\/12\/logo-entandem.png","contentUrl":"https:\/\/entandem.cat\/wp-content\/uploads\/2016\/12\/logo-entandem.png","width":166,"height":44,"caption":"enT\u00e0ndem"},"image":{"@id":"https:\/\/entandem.cat\/#\/schema\/logo\/image\/"},"sameAs":["https:\/\/www.facebook.com\/afevcat","https:\/\/x.com\/afevcat","https:\/\/www.instagram.com\/afevcat\/"]},{"@type":"Person","@id":"https:\/\/entandem.cat\/#\/schema\/person\/2111428ce1954193a11054a1e2b5b0da","name":"adminTandem"}]}},"_links":{"self":[{"href":"https:\/\/entandem.cat\/es\/wp-json\/wp\/v2\/posts\/3989","targetHints":{"allow":["GET"]}}],"collection":[{"href":"https:\/\/entandem.cat\/es\/wp-json\/wp\/v2\/posts"}],"about":[{"href":"https:\/\/entandem.cat\/es\/wp-json\/wp\/v2\/types\/post"}],"author":[{"embeddable":true,"href":"https:\/\/entandem.cat\/es\/wp-json\/wp\/v2\/users\/1"}],"replies":[{"embeddable":true,"href":"https:\/\/entandem.cat\/es\/wp-json\/wp\/v2\/comments?post=3989"}],"version-history":[{"count":0,"href":"https:\/\/entandem.cat\/es\/wp-json\/wp\/v2\/posts\/3989\/revisions"}],"wp:featuredmedia":[{"embeddable":true,"href":"https:\/\/entandem.cat\/es\/wp-json\/wp\/v2\/media\/8524"}],"wp:attachment":[{"href":"https:\/\/entandem.cat\/es\/wp-json\/wp\/v2\/media?parent=3989"}],"wp:term":[{"taxonomy":"category","embeddable":true,"href":"https:\/\/entandem.cat\/es\/wp-json\/wp\/v2\/categories?post=3989"},{"taxonomy":"post_tag","embeddable":true,"href":"https:\/\/entandem.cat\/es\/wp-json\/wp\/v2\/tags?post=3989"}],"curies":[{"name":"wp","href":"https:\/\/api.w.org\/{rel}","templated":true}]}}