{"id":3864,"date":"2017-12-19T15:51:17","date_gmt":"2017-12-19T15:51:17","guid":{"rendered":"http:\/\/entandem.cat\/es\/actividades\/afev-10-anys-testimoni-de-la-julia-abello\/"},"modified":"2020-09-15T14:22:35","modified_gmt":"2020-09-15T14:22:35","slug":"afev-10-anys-testimoni-de-la-julia-abello","status":"publish","type":"post","link":"https:\/\/entandem.cat\/es\/testimonios\/afev-10-anys-testimoni-de-la-julia-abello\/","title":{"rendered":"AFEV 10 anys testimoni de la J\u00falia Abell\u00f3"},"content":{"rendered":"<h6><strong>La J\u00falia va ser volunt\u00e0ria a l&#8217;AFEV al barri del Clot i comparteix amb nosaltres el seu testimoni.<\/strong><\/h6>\n<p>&nbsp;<\/p>\n<p>\u00abS\u00f3c la J\u00falia. Fa uns quants anys vaig participar al projecte d\u2019acompanyament individual de l\u2019AFEV, una nova experi\u00e8ncia per mi. Aquell espai m\u2019obria les portes i em convidava a viure en primera persona la realitat d\u2019un barri de Barcelona amb els i les adolescents que hi feien vida.<\/p>\n<p><strong>Tenir aquella oportunitat va promoure el contacte \u00a0directe amb aquest entorn, la vida del dia a dia, em traslladava l\u2019aprenentatge de la universitat a la realitat, als reptes, a l\u2019experi\u00e8ncia viscuda<\/strong>.Valo enormement aquesta viv\u00e8ncia perqu\u00e8 permetia aquest vincle, teoria i pr\u00e0ctica a la vegada.<\/p>\n<p>M\u00e9s enll\u00e0 d\u2019aquest record,<strong> el que vam arribar a teixir entre els nois i noies participants aix\u00ed com els pr\u00f2pis volunt\u00e0ris i volunt\u00e0ries va ser amistat, reciprocitat i idees, moltes idees!!<\/strong> Vam organitzar-nos per cr\u00e8ixer i aprendre junts.<\/p>\n<p>Aix\u00ed que d\u00f3no les gr\u00e0cies per tot el coneixement compartit i esdevingut d\u2019aquesta experi\u00e8ncia, l\u2019amor regalat i el vincle promogut entre tots i totes, una bonica hist\u00f2ria que recomano a tothom que vulgui gaudir d\u2019un espai d\u2019igualtat, propostes i diversi\u00f3.<\/p>\n<p>Felicitats per aquests 10 anys de vida, seguiu creixent i feu cr\u00e8ixer!!\u00bb<\/p>\n","protected":false},"excerpt":{"rendered":"<p>La J\u00falia va ser volunt\u00e0ria a l&#8217;AFEV al barri del Clot i comparteix amb nosaltres el seu testimoni. &nbsp; \u00abS\u00f3c la J\u00falia. Fa uns quants anys vaig participar al projecte d\u2019acompanyament individual de l\u2019AFEV, una nova experi\u00e8ncia per mi. Aquell espai m\u2019obria les portes i em convidava a viure en primera persona la realitat d\u2019un &hellip; <a href=\"https:\/\/entandem.cat\/es\/testimonios\/afev-10-anys-testimoni-de-la-julia-abello\/\">Continued<\/a><\/p>\n","protected":false},"author":1,"featured_media":3725,"comment_status":"closed","ping_status":"open","sticky":false,"template":"","format":"standard","meta":{"footnotes":""},"categories":[742],"tags":[474,462,463,330,464,467,336,470,471,339,476],"class_list":["post-3864","post","type-post","status-publish","format-standard","has-post-thumbnail","hentry","category-testimonios","tag-acompanyament-educatiu-es","tag-acompanyaments-es","tag-adolescents-es","tag-afev-es","tag-autoestima-es","tag-entandem-es","tag-mentoria-social-es","tag-tandems-es","tag-testimoni-es","tag-voluntariat-social-es","tag-voluntaris-es"],"yoast_head":"<!-- This site is optimized with the Yoast SEO plugin v27.0 - https:\/\/yoast.com\/product\/yoast-seo-wordpress\/ -->\n<title>AFEV 10 anys testimoni de la J\u00falia Abell\u00f3 - enT\u00e0ndem<\/title>\n<meta name=\"robots\" content=\"index, follow, max-snippet:-1, max-image-preview:large, max-video-preview:-1\" \/>\n<link rel=\"canonical\" href=\"https:\/\/entandem.cat\/es\/testimonios\/afev-10-anys-testimoni-de-la-julia-abello\/\" \/>\n<meta property=\"og:locale\" content=\"es_ES\" \/>\n<meta property=\"og:type\" content=\"article\" \/>\n<meta property=\"og:title\" content=\"AFEV 10 anys testimoni de la J\u00falia Abell\u00f3 - enT\u00e0ndem\" \/>\n<meta property=\"og:description\" content=\"La J\u00falia va ser volunt\u00e0ria a l&#8217;AFEV al barri del Clot i comparteix amb nosaltres el seu testimoni. &nbsp; \u00abS\u00f3c la J\u00falia. Fa uns quants anys vaig participar al projecte d\u2019acompanyament individual de l\u2019AFEV, una nova experi\u00e8ncia per mi. Aquell espai m\u2019obria les portes i em convidava a viure en primera persona la realitat d\u2019un &hellip; Continued\" \/>\n<meta property=\"og:url\" content=\"https:\/\/entandem.cat\/es\/testimonios\/afev-10-anys-testimoni-de-la-julia-abello\/\" \/>\n<meta property=\"og:site_name\" content=\"enT\u00e0ndem\" \/>\n<meta property=\"article:publisher\" content=\"https:\/\/www.facebook.com\/afevcat\" \/>\n<meta property=\"article:published_time\" content=\"2017-12-19T15:51:17+00:00\" \/>\n<meta property=\"article:modified_time\" content=\"2020-09-15T14:22:35+00:00\" \/>\n<meta property=\"og:image\" content=\"https:\/\/entandem.cat\/wp-content\/uploads\/2017\/12\/julia.jpg\" \/>\n\t<meta property=\"og:image:width\" content=\"768\" \/>\n\t<meta property=\"og:image:height\" content=\"512\" \/>\n\t<meta property=\"og:image:type\" content=\"image\/jpeg\" \/>\n<meta name=\"author\" content=\"adminTandem\" \/>\n<meta name=\"twitter:card\" content=\"summary_large_image\" \/>\n<meta name=\"twitter:creator\" content=\"@afevcat\" \/>\n<meta name=\"twitter:site\" content=\"@afevcat\" \/>\n<meta name=\"twitter:label1\" content=\"Escrito por\" \/>\n\t<meta name=\"twitter:data1\" content=\"adminTandem\" \/>\n\t<meta name=\"twitter:label2\" content=\"Tiempo de lectura\" \/>\n\t<meta name=\"twitter:data2\" content=\"1 minuto\" \/>\n<script type=\"application\/ld+json\" class=\"yoast-schema-graph\">{\"@context\":\"https:\/\/schema.org\",\"@graph\":[{\"@type\":\"Article\",\"@id\":\"https:\/\/entandem.cat\/es\/testimonios\/afev-10-anys-testimoni-de-la-julia-abello\/#article\",\"isPartOf\":{\"@id\":\"https:\/\/entandem.cat\/es\/testimonios\/afev-10-anys-testimoni-de-la-julia-abello\/\"},\"author\":{\"name\":\"adminTandem\",\"@id\":\"https:\/\/entandem.cat\/#\/schema\/person\/2111428ce1954193a11054a1e2b5b0da\"},\"headline\":\"AFEV 10 anys testimoni de la J\u00falia Abell\u00f3\",\"datePublished\":\"2017-12-19T15:51:17+00:00\",\"dateModified\":\"2020-09-15T14:22:35+00:00\",\"mainEntityOfPage\":{\"@id\":\"https:\/\/entandem.cat\/es\/testimonios\/afev-10-anys-testimoni-de-la-julia-abello\/\"},\"wordCount\":239,\"publisher\":{\"@id\":\"https:\/\/entandem.cat\/#organization\"},\"image\":{\"@id\":\"https:\/\/entandem.cat\/es\/testimonios\/afev-10-anys-testimoni-de-la-julia-abello\/#primaryimage\"},\"thumbnailUrl\":\"https:\/\/entandem.cat\/wp-content\/uploads\/2017\/12\/julia.jpg\",\"keywords\":[\"acompanyament educatiu\",\"acompanyaments\",\"adolescents\",\"afev\",\"autoestima\",\"entandem\",\"mentoria social\",\"t\u00e0ndems\",\"testimoni\",\"voluntariat social\",\"voluntaris\"],\"articleSection\":[\"Testimonios\"],\"inLanguage\":\"es\"},{\"@type\":\"WebPage\",\"@id\":\"https:\/\/entandem.cat\/es\/testimonios\/afev-10-anys-testimoni-de-la-julia-abello\/\",\"url\":\"https:\/\/entandem.cat\/es\/testimonios\/afev-10-anys-testimoni-de-la-julia-abello\/\",\"name\":\"AFEV 10 anys testimoni de la J\u00falia Abell\u00f3 - enT\u00e0ndem\",\"isPartOf\":{\"@id\":\"https:\/\/entandem.cat\/#website\"},\"primaryImageOfPage\":{\"@id\":\"https:\/\/entandem.cat\/es\/testimonios\/afev-10-anys-testimoni-de-la-julia-abello\/#primaryimage\"},\"image\":{\"@id\":\"https:\/\/entandem.cat\/es\/testimonios\/afev-10-anys-testimoni-de-la-julia-abello\/#primaryimage\"},\"thumbnailUrl\":\"https:\/\/entandem.cat\/wp-content\/uploads\/2017\/12\/julia.jpg\",\"datePublished\":\"2017-12-19T15:51:17+00:00\",\"dateModified\":\"2020-09-15T14:22:35+00:00\",\"breadcrumb\":{\"@id\":\"https:\/\/entandem.cat\/es\/testimonios\/afev-10-anys-testimoni-de-la-julia-abello\/#breadcrumb\"},\"inLanguage\":\"es\",\"potentialAction\":[{\"@type\":\"ReadAction\",\"target\":[\"https:\/\/entandem.cat\/es\/testimonios\/afev-10-anys-testimoni-de-la-julia-abello\/\"]}]},{\"@type\":\"ImageObject\",\"inLanguage\":\"es\",\"@id\":\"https:\/\/entandem.cat\/es\/testimonios\/afev-10-anys-testimoni-de-la-julia-abello\/#primaryimage\",\"url\":\"https:\/\/entandem.cat\/wp-content\/uploads\/2017\/12\/julia.jpg\",\"contentUrl\":\"https:\/\/entandem.cat\/wp-content\/uploads\/2017\/12\/julia.jpg\",\"width\":768,\"height\":512},{\"@type\":\"BreadcrumbList\",\"@id\":\"https:\/\/entandem.cat\/es\/testimonios\/afev-10-anys-testimoni-de-la-julia-abello\/#breadcrumb\",\"itemListElement\":[{\"@type\":\"ListItem\",\"position\":1,\"name\":\"Inici\",\"item\":\"https:\/\/entandem.cat\/es\/\"},{\"@type\":\"ListItem\",\"position\":2,\"name\":\"AFEV 10 anys testimoni de la J\u00falia Abell\u00f3\"}]},{\"@type\":\"WebSite\",\"@id\":\"https:\/\/entandem.cat\/#website\",\"url\":\"https:\/\/entandem.cat\/\",\"name\":\"enT\u00e0ndem\",\"description\":\"Voluntariat Social Universitari\",\"publisher\":{\"@id\":\"https:\/\/entandem.cat\/#organization\"},\"potentialAction\":[{\"@type\":\"SearchAction\",\"target\":{\"@type\":\"EntryPoint\",\"urlTemplate\":\"https:\/\/entandem.cat\/?s={search_term_string}\"},\"query-input\":{\"@type\":\"PropertyValueSpecification\",\"valueRequired\":true,\"valueName\":\"search_term_string\"}}],\"inLanguage\":\"es\"},{\"@type\":\"Organization\",\"@id\":\"https:\/\/entandem.cat\/#organization\",\"name\":\"enT\u00e0ndem\",\"url\":\"https:\/\/entandem.cat\/\",\"logo\":{\"@type\":\"ImageObject\",\"inLanguage\":\"es\",\"@id\":\"https:\/\/entandem.cat\/#\/schema\/logo\/image\/\",\"url\":\"https:\/\/entandem.cat\/wp-content\/uploads\/2016\/12\/logo-entandem.png\",\"contentUrl\":\"https:\/\/entandem.cat\/wp-content\/uploads\/2016\/12\/logo-entandem.png\",\"width\":166,\"height\":44,\"caption\":\"enT\u00e0ndem\"},\"image\":{\"@id\":\"https:\/\/entandem.cat\/#\/schema\/logo\/image\/\"},\"sameAs\":[\"https:\/\/www.facebook.com\/afevcat\",\"https:\/\/x.com\/afevcat\",\"https:\/\/www.instagram.com\/afevcat\/\"]},{\"@type\":\"Person\",\"@id\":\"https:\/\/entandem.cat\/#\/schema\/person\/2111428ce1954193a11054a1e2b5b0da\",\"name\":\"adminTandem\"}]}<\/script>\n<!-- \/ Yoast SEO plugin. -->","yoast_head_json":{"title":"AFEV 10 anys testimoni de la J\u00falia Abell\u00f3 - enT\u00e0ndem","robots":{"index":"index","follow":"follow","max-snippet":"max-snippet:-1","max-image-preview":"max-image-preview:large","max-video-preview":"max-video-preview:-1"},"canonical":"https:\/\/entandem.cat\/es\/testimonios\/afev-10-anys-testimoni-de-la-julia-abello\/","og_locale":"es_ES","og_type":"article","og_title":"AFEV 10 anys testimoni de la J\u00falia Abell\u00f3 - enT\u00e0ndem","og_description":"La J\u00falia va ser volunt\u00e0ria a l&#8217;AFEV al barri del Clot i comparteix amb nosaltres el seu testimoni. &nbsp; \u00abS\u00f3c la J\u00falia. Fa uns quants anys vaig participar al projecte d\u2019acompanyament individual de l\u2019AFEV, una nova experi\u00e8ncia per mi. Aquell espai m\u2019obria les portes i em convidava a viure en primera persona la realitat d\u2019un &hellip; Continued","og_url":"https:\/\/entandem.cat\/es\/testimonios\/afev-10-anys-testimoni-de-la-julia-abello\/","og_site_name":"enT\u00e0ndem","article_publisher":"https:\/\/www.facebook.com\/afevcat","article_published_time":"2017-12-19T15:51:17+00:00","article_modified_time":"2020-09-15T14:22:35+00:00","og_image":[{"width":768,"height":512,"url":"https:\/\/entandem.cat\/wp-content\/uploads\/2017\/12\/julia.jpg","type":"image\/jpeg"}],"author":"adminTandem","twitter_card":"summary_large_image","twitter_creator":"@afevcat","twitter_site":"@afevcat","twitter_misc":{"Escrito por":"adminTandem","Tiempo de lectura":"1 minuto"},"schema":{"@context":"https:\/\/schema.org","@graph":[{"@type":"Article","@id":"https:\/\/entandem.cat\/es\/testimonios\/afev-10-anys-testimoni-de-la-julia-abello\/#article","isPartOf":{"@id":"https:\/\/entandem.cat\/es\/testimonios\/afev-10-anys-testimoni-de-la-julia-abello\/"},"author":{"name":"adminTandem","@id":"https:\/\/entandem.cat\/#\/schema\/person\/2111428ce1954193a11054a1e2b5b0da"},"headline":"AFEV 10 anys testimoni de la J\u00falia Abell\u00f3","datePublished":"2017-12-19T15:51:17+00:00","dateModified":"2020-09-15T14:22:35+00:00","mainEntityOfPage":{"@id":"https:\/\/entandem.cat\/es\/testimonios\/afev-10-anys-testimoni-de-la-julia-abello\/"},"wordCount":239,"publisher":{"@id":"https:\/\/entandem.cat\/#organization"},"image":{"@id":"https:\/\/entandem.cat\/es\/testimonios\/afev-10-anys-testimoni-de-la-julia-abello\/#primaryimage"},"thumbnailUrl":"https:\/\/entandem.cat\/wp-content\/uploads\/2017\/12\/julia.jpg","keywords":["acompanyament educatiu","acompanyaments","adolescents","afev","autoestima","entandem","mentoria social","t\u00e0ndems","testimoni","voluntariat social","voluntaris"],"articleSection":["Testimonios"],"inLanguage":"es"},{"@type":"WebPage","@id":"https:\/\/entandem.cat\/es\/testimonios\/afev-10-anys-testimoni-de-la-julia-abello\/","url":"https:\/\/entandem.cat\/es\/testimonios\/afev-10-anys-testimoni-de-la-julia-abello\/","name":"AFEV 10 anys testimoni de la J\u00falia Abell\u00f3 - enT\u00e0ndem","isPartOf":{"@id":"https:\/\/entandem.cat\/#website"},"primaryImageOfPage":{"@id":"https:\/\/entandem.cat\/es\/testimonios\/afev-10-anys-testimoni-de-la-julia-abello\/#primaryimage"},"image":{"@id":"https:\/\/entandem.cat\/es\/testimonios\/afev-10-anys-testimoni-de-la-julia-abello\/#primaryimage"},"thumbnailUrl":"https:\/\/entandem.cat\/wp-content\/uploads\/2017\/12\/julia.jpg","datePublished":"2017-12-19T15:51:17+00:00","dateModified":"2020-09-15T14:22:35+00:00","breadcrumb":{"@id":"https:\/\/entandem.cat\/es\/testimonios\/afev-10-anys-testimoni-de-la-julia-abello\/#breadcrumb"},"inLanguage":"es","potentialAction":[{"@type":"ReadAction","target":["https:\/\/entandem.cat\/es\/testimonios\/afev-10-anys-testimoni-de-la-julia-abello\/"]}]},{"@type":"ImageObject","inLanguage":"es","@id":"https:\/\/entandem.cat\/es\/testimonios\/afev-10-anys-testimoni-de-la-julia-abello\/#primaryimage","url":"https:\/\/entandem.cat\/wp-content\/uploads\/2017\/12\/julia.jpg","contentUrl":"https:\/\/entandem.cat\/wp-content\/uploads\/2017\/12\/julia.jpg","width":768,"height":512},{"@type":"BreadcrumbList","@id":"https:\/\/entandem.cat\/es\/testimonios\/afev-10-anys-testimoni-de-la-julia-abello\/#breadcrumb","itemListElement":[{"@type":"ListItem","position":1,"name":"Inici","item":"https:\/\/entandem.cat\/es\/"},{"@type":"ListItem","position":2,"name":"AFEV 10 anys testimoni de la J\u00falia Abell\u00f3"}]},{"@type":"WebSite","@id":"https:\/\/entandem.cat\/#website","url":"https:\/\/entandem.cat\/","name":"enT\u00e0ndem","description":"Voluntariat Social Universitari","publisher":{"@id":"https:\/\/entandem.cat\/#organization"},"potentialAction":[{"@type":"SearchAction","target":{"@type":"EntryPoint","urlTemplate":"https:\/\/entandem.cat\/?s={search_term_string}"},"query-input":{"@type":"PropertyValueSpecification","valueRequired":true,"valueName":"search_term_string"}}],"inLanguage":"es"},{"@type":"Organization","@id":"https:\/\/entandem.cat\/#organization","name":"enT\u00e0ndem","url":"https:\/\/entandem.cat\/","logo":{"@type":"ImageObject","inLanguage":"es","@id":"https:\/\/entandem.cat\/#\/schema\/logo\/image\/","url":"https:\/\/entandem.cat\/wp-content\/uploads\/2016\/12\/logo-entandem.png","contentUrl":"https:\/\/entandem.cat\/wp-content\/uploads\/2016\/12\/logo-entandem.png","width":166,"height":44,"caption":"enT\u00e0ndem"},"image":{"@id":"https:\/\/entandem.cat\/#\/schema\/logo\/image\/"},"sameAs":["https:\/\/www.facebook.com\/afevcat","https:\/\/x.com\/afevcat","https:\/\/www.instagram.com\/afevcat\/"]},{"@type":"Person","@id":"https:\/\/entandem.cat\/#\/schema\/person\/2111428ce1954193a11054a1e2b5b0da","name":"adminTandem"}]}},"_links":{"self":[{"href":"https:\/\/entandem.cat\/es\/wp-json\/wp\/v2\/posts\/3864","targetHints":{"allow":["GET"]}}],"collection":[{"href":"https:\/\/entandem.cat\/es\/wp-json\/wp\/v2\/posts"}],"about":[{"href":"https:\/\/entandem.cat\/es\/wp-json\/wp\/v2\/types\/post"}],"author":[{"embeddable":true,"href":"https:\/\/entandem.cat\/es\/wp-json\/wp\/v2\/users\/1"}],"replies":[{"embeddable":true,"href":"https:\/\/entandem.cat\/es\/wp-json\/wp\/v2\/comments?post=3864"}],"version-history":[{"count":0,"href":"https:\/\/entandem.cat\/es\/wp-json\/wp\/v2\/posts\/3864\/revisions"}],"wp:featuredmedia":[{"embeddable":true,"href":"https:\/\/entandem.cat\/es\/wp-json\/wp\/v2\/media\/3725"}],"wp:attachment":[{"href":"https:\/\/entandem.cat\/es\/wp-json\/wp\/v2\/media?parent=3864"}],"wp:term":[{"taxonomy":"category","embeddable":true,"href":"https:\/\/entandem.cat\/es\/wp-json\/wp\/v2\/categories?post=3864"},{"taxonomy":"post_tag","embeddable":true,"href":"https:\/\/entandem.cat\/es\/wp-json\/wp\/v2\/tags?post=3864"}],"curies":[{"name":"wp","href":"https:\/\/api.w.org\/{rel}","templated":true}]}}