{"id":3838,"date":"2017-12-27T10:17:08","date_gmt":"2017-12-27T10:17:08","guid":{"rendered":"http:\/\/entandem.cat\/es\/actividades\/afev-10-anys-testimoni-den-roell-perello\/"},"modified":"2020-09-15T14:22:32","modified_gmt":"2020-09-15T14:22:32","slug":"afev-10-anys-testimoni-den-roell-perello","status":"publish","type":"post","link":"https:\/\/entandem.cat\/es\/testimonios\/afev-10-anys-testimoni-den-roell-perello\/","title":{"rendered":"AFEV 10 anys testimoni d&#8217;en Roell Perello"},"content":{"rendered":"<h6><strong>El Roell \u00e9s el nen que acompanya la Maria Ferrer, ens explica com aquesta relaci\u00f3 l&#8217;ha fet evolucionar.<br \/>\n<\/strong><\/h6>\n<\/p>\n<p>\u00abEl t\u00e0ndem va ser quelcom completament nou per a mi. Vaig anar sense gaire informaci\u00f3 i no sabia qu\u00e8 esperar-ne exactament. Recordo que ens van presentar a tots una mica per sobre i despr\u00e9s ja ens van dir amb qui anavem i com anava la cosa. Em van emparellar amb una tal Maria Ferrer. Aix\u00f2 va ser fa uns tres anys, i aleshores era m\u00e9s introvertit del que s\u00f3c ara, i em va costar molt obrir-me realment a com s\u00f3c.<\/p>\n<p><strong>Mica en mica vaig anar entenent-me amb ella, que era (i \u00e9s) una persona molt explosiva, oberta i impulsiva, i em va anar encomanant una mica d&#8217;aquesta energia. Avui dia encara mantenim el contacte i ara veig clar que realment va ser una experi\u00e8ncia que va valdre la pena<\/strong>.<\/p>\n<p>Va valdre la pena nom\u00e9s pel fet de interactuar amb alg\u00fa com ella i que a sobre fos uns quants anys m\u00e9s gran que jo (obre portes a noves preguntes, curiositats&#8230;), i vaig aprendre moltes coses gr\u00e0cies a aix\u00f2.\u00bb<\/p>\n","protected":false},"excerpt":{"rendered":"<p>El Roell \u00e9s el nen que acompanya la Maria Ferrer, ens explica com aquesta relaci\u00f3 l&#8217;ha fet evolucionar. \u00abEl t\u00e0ndem va ser quelcom completament nou per a mi. Vaig anar sense gaire informaci\u00f3 i no sabia qu\u00e8 esperar-ne exactament. Recordo que ens van presentar a tots una mica per sobre i despr\u00e9s ja ens van &hellip; <a href=\"https:\/\/entandem.cat\/es\/testimonios\/afev-10-anys-testimoni-den-roell-perello\/\">Continued<\/a><\/p>\n","protected":false},"author":1,"featured_media":3758,"comment_status":"closed","ping_status":"open","sticky":false,"template":"","format":"standard","meta":{"footnotes":""},"categories":[742],"tags":[474,462,463,330,464,467,336,470,471,339,476],"class_list":["post-3838","post","type-post","status-publish","format-standard","has-post-thumbnail","hentry","category-testimonios","tag-acompanyament-educatiu-es","tag-acompanyaments-es","tag-adolescents-es","tag-afev-es","tag-autoestima-es","tag-entandem-es","tag-mentoria-social-es","tag-tandems-es","tag-testimoni-es","tag-voluntariat-social-es","tag-voluntaris-es"],"yoast_head":"<!-- This site is optimized with the Yoast SEO plugin v27.0 - https:\/\/yoast.com\/product\/yoast-seo-wordpress\/ -->\n<title>AFEV 10 anys testimoni d&#039;en Roell Perello - enT\u00e0ndem<\/title>\n<meta name=\"robots\" content=\"index, follow, max-snippet:-1, max-image-preview:large, max-video-preview:-1\" \/>\n<link rel=\"canonical\" href=\"https:\/\/entandem.cat\/es\/testimonios\/afev-10-anys-testimoni-den-roell-perello\/\" \/>\n<meta property=\"og:locale\" content=\"es_ES\" \/>\n<meta property=\"og:type\" content=\"article\" \/>\n<meta property=\"og:title\" content=\"AFEV 10 anys testimoni d&#039;en Roell Perello - enT\u00e0ndem\" \/>\n<meta property=\"og:description\" content=\"El Roell \u00e9s el nen que acompanya la Maria Ferrer, ens explica com aquesta relaci\u00f3 l&#8217;ha fet evolucionar. \u00abEl t\u00e0ndem va ser quelcom completament nou per a mi. Vaig anar sense gaire informaci\u00f3 i no sabia qu\u00e8 esperar-ne exactament. Recordo que ens van presentar a tots una mica per sobre i despr\u00e9s ja ens van &hellip; Continued\" \/>\n<meta property=\"og:url\" content=\"https:\/\/entandem.cat\/es\/testimonios\/afev-10-anys-testimoni-den-roell-perello\/\" \/>\n<meta property=\"og:site_name\" content=\"enT\u00e0ndem\" \/>\n<meta property=\"article:publisher\" content=\"https:\/\/www.facebook.com\/afevcat\" \/>\n<meta property=\"article:published_time\" content=\"2017-12-27T10:17:08+00:00\" \/>\n<meta property=\"article:modified_time\" content=\"2020-09-15T14:22:32+00:00\" \/>\n<meta property=\"og:image\" content=\"https:\/\/entandem.cat\/wp-content\/uploads\/2017\/12\/Plaf\u00f309_Maria-Ferrer2.jpg\" \/>\n\t<meta property=\"og:image:width\" content=\"500\" \/>\n\t<meta property=\"og:image:height\" content=\"375\" \/>\n\t<meta property=\"og:image:type\" content=\"image\/jpeg\" \/>\n<meta name=\"author\" content=\"adminTandem\" \/>\n<meta name=\"twitter:card\" content=\"summary_large_image\" \/>\n<meta name=\"twitter:creator\" content=\"@afevcat\" \/>\n<meta name=\"twitter:site\" content=\"@afevcat\" \/>\n<meta name=\"twitter:label1\" content=\"Escrito por\" \/>\n\t<meta name=\"twitter:data1\" content=\"adminTandem\" \/>\n\t<meta name=\"twitter:label2\" content=\"Tiempo de lectura\" \/>\n\t<meta name=\"twitter:data2\" content=\"1 minuto\" \/>\n<script type=\"application\/ld+json\" class=\"yoast-schema-graph\">{\"@context\":\"https:\/\/schema.org\",\"@graph\":[{\"@type\":\"Article\",\"@id\":\"https:\/\/entandem.cat\/es\/testimonios\/afev-10-anys-testimoni-den-roell-perello\/#article\",\"isPartOf\":{\"@id\":\"https:\/\/entandem.cat\/es\/testimonios\/afev-10-anys-testimoni-den-roell-perello\/\"},\"author\":{\"name\":\"adminTandem\",\"@id\":\"https:\/\/entandem.cat\/#\/schema\/person\/2111428ce1954193a11054a1e2b5b0da\"},\"headline\":\"AFEV 10 anys testimoni d&#8217;en Roell Perello\",\"datePublished\":\"2017-12-27T10:17:08+00:00\",\"dateModified\":\"2020-09-15T14:22:32+00:00\",\"mainEntityOfPage\":{\"@id\":\"https:\/\/entandem.cat\/es\/testimonios\/afev-10-anys-testimoni-den-roell-perello\/\"},\"wordCount\":204,\"publisher\":{\"@id\":\"https:\/\/entandem.cat\/#organization\"},\"image\":{\"@id\":\"https:\/\/entandem.cat\/es\/testimonios\/afev-10-anys-testimoni-den-roell-perello\/#primaryimage\"},\"thumbnailUrl\":\"https:\/\/entandem.cat\/wp-content\/uploads\/2017\/12\/Plaf\u00f309_Maria-Ferrer2.jpg\",\"keywords\":[\"acompanyament educatiu\",\"acompanyaments\",\"adolescents\",\"afev\",\"autoestima\",\"entandem\",\"mentoria social\",\"t\u00e0ndems\",\"testimoni\",\"voluntariat social\",\"voluntaris\"],\"articleSection\":[\"Testimonios\"],\"inLanguage\":\"es\"},{\"@type\":\"WebPage\",\"@id\":\"https:\/\/entandem.cat\/es\/testimonios\/afev-10-anys-testimoni-den-roell-perello\/\",\"url\":\"https:\/\/entandem.cat\/es\/testimonios\/afev-10-anys-testimoni-den-roell-perello\/\",\"name\":\"AFEV 10 anys testimoni d'en Roell Perello - enT\u00e0ndem\",\"isPartOf\":{\"@id\":\"https:\/\/entandem.cat\/#website\"},\"primaryImageOfPage\":{\"@id\":\"https:\/\/entandem.cat\/es\/testimonios\/afev-10-anys-testimoni-den-roell-perello\/#primaryimage\"},\"image\":{\"@id\":\"https:\/\/entandem.cat\/es\/testimonios\/afev-10-anys-testimoni-den-roell-perello\/#primaryimage\"},\"thumbnailUrl\":\"https:\/\/entandem.cat\/wp-content\/uploads\/2017\/12\/Plaf\u00f309_Maria-Ferrer2.jpg\",\"datePublished\":\"2017-12-27T10:17:08+00:00\",\"dateModified\":\"2020-09-15T14:22:32+00:00\",\"breadcrumb\":{\"@id\":\"https:\/\/entandem.cat\/es\/testimonios\/afev-10-anys-testimoni-den-roell-perello\/#breadcrumb\"},\"inLanguage\":\"es\",\"potentialAction\":[{\"@type\":\"ReadAction\",\"target\":[\"https:\/\/entandem.cat\/es\/testimonios\/afev-10-anys-testimoni-den-roell-perello\/\"]}]},{\"@type\":\"ImageObject\",\"inLanguage\":\"es\",\"@id\":\"https:\/\/entandem.cat\/es\/testimonios\/afev-10-anys-testimoni-den-roell-perello\/#primaryimage\",\"url\":\"https:\/\/entandem.cat\/wp-content\/uploads\/2017\/12\/Plaf\u00f309_Maria-Ferrer2.jpg\",\"contentUrl\":\"https:\/\/entandem.cat\/wp-content\/uploads\/2017\/12\/Plaf\u00f309_Maria-Ferrer2.jpg\",\"width\":500,\"height\":375},{\"@type\":\"BreadcrumbList\",\"@id\":\"https:\/\/entandem.cat\/es\/testimonios\/afev-10-anys-testimoni-den-roell-perello\/#breadcrumb\",\"itemListElement\":[{\"@type\":\"ListItem\",\"position\":1,\"name\":\"Inici\",\"item\":\"https:\/\/entandem.cat\/es\/\"},{\"@type\":\"ListItem\",\"position\":2,\"name\":\"AFEV 10 anys testimoni d&#8217;en Roell Perello\"}]},{\"@type\":\"WebSite\",\"@id\":\"https:\/\/entandem.cat\/#website\",\"url\":\"https:\/\/entandem.cat\/\",\"name\":\"enT\u00e0ndem\",\"description\":\"Voluntariat Social Universitari\",\"publisher\":{\"@id\":\"https:\/\/entandem.cat\/#organization\"},\"potentialAction\":[{\"@type\":\"SearchAction\",\"target\":{\"@type\":\"EntryPoint\",\"urlTemplate\":\"https:\/\/entandem.cat\/?s={search_term_string}\"},\"query-input\":{\"@type\":\"PropertyValueSpecification\",\"valueRequired\":true,\"valueName\":\"search_term_string\"}}],\"inLanguage\":\"es\"},{\"@type\":\"Organization\",\"@id\":\"https:\/\/entandem.cat\/#organization\",\"name\":\"enT\u00e0ndem\",\"url\":\"https:\/\/entandem.cat\/\",\"logo\":{\"@type\":\"ImageObject\",\"inLanguage\":\"es\",\"@id\":\"https:\/\/entandem.cat\/#\/schema\/logo\/image\/\",\"url\":\"https:\/\/entandem.cat\/wp-content\/uploads\/2016\/12\/logo-entandem.png\",\"contentUrl\":\"https:\/\/entandem.cat\/wp-content\/uploads\/2016\/12\/logo-entandem.png\",\"width\":166,\"height\":44,\"caption\":\"enT\u00e0ndem\"},\"image\":{\"@id\":\"https:\/\/entandem.cat\/#\/schema\/logo\/image\/\"},\"sameAs\":[\"https:\/\/www.facebook.com\/afevcat\",\"https:\/\/x.com\/afevcat\",\"https:\/\/www.instagram.com\/afevcat\/\"]},{\"@type\":\"Person\",\"@id\":\"https:\/\/entandem.cat\/#\/schema\/person\/2111428ce1954193a11054a1e2b5b0da\",\"name\":\"adminTandem\"}]}<\/script>\n<!-- \/ Yoast SEO plugin. -->","yoast_head_json":{"title":"AFEV 10 anys testimoni d'en Roell Perello - enT\u00e0ndem","robots":{"index":"index","follow":"follow","max-snippet":"max-snippet:-1","max-image-preview":"max-image-preview:large","max-video-preview":"max-video-preview:-1"},"canonical":"https:\/\/entandem.cat\/es\/testimonios\/afev-10-anys-testimoni-den-roell-perello\/","og_locale":"es_ES","og_type":"article","og_title":"AFEV 10 anys testimoni d'en Roell Perello - enT\u00e0ndem","og_description":"El Roell \u00e9s el nen que acompanya la Maria Ferrer, ens explica com aquesta relaci\u00f3 l&#8217;ha fet evolucionar. \u00abEl t\u00e0ndem va ser quelcom completament nou per a mi. Vaig anar sense gaire informaci\u00f3 i no sabia qu\u00e8 esperar-ne exactament. Recordo que ens van presentar a tots una mica per sobre i despr\u00e9s ja ens van &hellip; Continued","og_url":"https:\/\/entandem.cat\/es\/testimonios\/afev-10-anys-testimoni-den-roell-perello\/","og_site_name":"enT\u00e0ndem","article_publisher":"https:\/\/www.facebook.com\/afevcat","article_published_time":"2017-12-27T10:17:08+00:00","article_modified_time":"2020-09-15T14:22:32+00:00","og_image":[{"width":500,"height":375,"url":"https:\/\/entandem.cat\/wp-content\/uploads\/2017\/12\/Plaf\u00f309_Maria-Ferrer2.jpg","type":"image\/jpeg"}],"author":"adminTandem","twitter_card":"summary_large_image","twitter_creator":"@afevcat","twitter_site":"@afevcat","twitter_misc":{"Escrito por":"adminTandem","Tiempo de lectura":"1 minuto"},"schema":{"@context":"https:\/\/schema.org","@graph":[{"@type":"Article","@id":"https:\/\/entandem.cat\/es\/testimonios\/afev-10-anys-testimoni-den-roell-perello\/#article","isPartOf":{"@id":"https:\/\/entandem.cat\/es\/testimonios\/afev-10-anys-testimoni-den-roell-perello\/"},"author":{"name":"adminTandem","@id":"https:\/\/entandem.cat\/#\/schema\/person\/2111428ce1954193a11054a1e2b5b0da"},"headline":"AFEV 10 anys testimoni d&#8217;en Roell Perello","datePublished":"2017-12-27T10:17:08+00:00","dateModified":"2020-09-15T14:22:32+00:00","mainEntityOfPage":{"@id":"https:\/\/entandem.cat\/es\/testimonios\/afev-10-anys-testimoni-den-roell-perello\/"},"wordCount":204,"publisher":{"@id":"https:\/\/entandem.cat\/#organization"},"image":{"@id":"https:\/\/entandem.cat\/es\/testimonios\/afev-10-anys-testimoni-den-roell-perello\/#primaryimage"},"thumbnailUrl":"https:\/\/entandem.cat\/wp-content\/uploads\/2017\/12\/Plaf\u00f309_Maria-Ferrer2.jpg","keywords":["acompanyament educatiu","acompanyaments","adolescents","afev","autoestima","entandem","mentoria social","t\u00e0ndems","testimoni","voluntariat social","voluntaris"],"articleSection":["Testimonios"],"inLanguage":"es"},{"@type":"WebPage","@id":"https:\/\/entandem.cat\/es\/testimonios\/afev-10-anys-testimoni-den-roell-perello\/","url":"https:\/\/entandem.cat\/es\/testimonios\/afev-10-anys-testimoni-den-roell-perello\/","name":"AFEV 10 anys testimoni d'en Roell Perello - enT\u00e0ndem","isPartOf":{"@id":"https:\/\/entandem.cat\/#website"},"primaryImageOfPage":{"@id":"https:\/\/entandem.cat\/es\/testimonios\/afev-10-anys-testimoni-den-roell-perello\/#primaryimage"},"image":{"@id":"https:\/\/entandem.cat\/es\/testimonios\/afev-10-anys-testimoni-den-roell-perello\/#primaryimage"},"thumbnailUrl":"https:\/\/entandem.cat\/wp-content\/uploads\/2017\/12\/Plaf\u00f309_Maria-Ferrer2.jpg","datePublished":"2017-12-27T10:17:08+00:00","dateModified":"2020-09-15T14:22:32+00:00","breadcrumb":{"@id":"https:\/\/entandem.cat\/es\/testimonios\/afev-10-anys-testimoni-den-roell-perello\/#breadcrumb"},"inLanguage":"es","potentialAction":[{"@type":"ReadAction","target":["https:\/\/entandem.cat\/es\/testimonios\/afev-10-anys-testimoni-den-roell-perello\/"]}]},{"@type":"ImageObject","inLanguage":"es","@id":"https:\/\/entandem.cat\/es\/testimonios\/afev-10-anys-testimoni-den-roell-perello\/#primaryimage","url":"https:\/\/entandem.cat\/wp-content\/uploads\/2017\/12\/Plaf\u00f309_Maria-Ferrer2.jpg","contentUrl":"https:\/\/entandem.cat\/wp-content\/uploads\/2017\/12\/Plaf\u00f309_Maria-Ferrer2.jpg","width":500,"height":375},{"@type":"BreadcrumbList","@id":"https:\/\/entandem.cat\/es\/testimonios\/afev-10-anys-testimoni-den-roell-perello\/#breadcrumb","itemListElement":[{"@type":"ListItem","position":1,"name":"Inici","item":"https:\/\/entandem.cat\/es\/"},{"@type":"ListItem","position":2,"name":"AFEV 10 anys testimoni d&#8217;en Roell Perello"}]},{"@type":"WebSite","@id":"https:\/\/entandem.cat\/#website","url":"https:\/\/entandem.cat\/","name":"enT\u00e0ndem","description":"Voluntariat Social Universitari","publisher":{"@id":"https:\/\/entandem.cat\/#organization"},"potentialAction":[{"@type":"SearchAction","target":{"@type":"EntryPoint","urlTemplate":"https:\/\/entandem.cat\/?s={search_term_string}"},"query-input":{"@type":"PropertyValueSpecification","valueRequired":true,"valueName":"search_term_string"}}],"inLanguage":"es"},{"@type":"Organization","@id":"https:\/\/entandem.cat\/#organization","name":"enT\u00e0ndem","url":"https:\/\/entandem.cat\/","logo":{"@type":"ImageObject","inLanguage":"es","@id":"https:\/\/entandem.cat\/#\/schema\/logo\/image\/","url":"https:\/\/entandem.cat\/wp-content\/uploads\/2016\/12\/logo-entandem.png","contentUrl":"https:\/\/entandem.cat\/wp-content\/uploads\/2016\/12\/logo-entandem.png","width":166,"height":44,"caption":"enT\u00e0ndem"},"image":{"@id":"https:\/\/entandem.cat\/#\/schema\/logo\/image\/"},"sameAs":["https:\/\/www.facebook.com\/afevcat","https:\/\/x.com\/afevcat","https:\/\/www.instagram.com\/afevcat\/"]},{"@type":"Person","@id":"https:\/\/entandem.cat\/#\/schema\/person\/2111428ce1954193a11054a1e2b5b0da","name":"adminTandem"}]}},"_links":{"self":[{"href":"https:\/\/entandem.cat\/es\/wp-json\/wp\/v2\/posts\/3838","targetHints":{"allow":["GET"]}}],"collection":[{"href":"https:\/\/entandem.cat\/es\/wp-json\/wp\/v2\/posts"}],"about":[{"href":"https:\/\/entandem.cat\/es\/wp-json\/wp\/v2\/types\/post"}],"author":[{"embeddable":true,"href":"https:\/\/entandem.cat\/es\/wp-json\/wp\/v2\/users\/1"}],"replies":[{"embeddable":true,"href":"https:\/\/entandem.cat\/es\/wp-json\/wp\/v2\/comments?post=3838"}],"version-history":[{"count":0,"href":"https:\/\/entandem.cat\/es\/wp-json\/wp\/v2\/posts\/3838\/revisions"}],"wp:featuredmedia":[{"embeddable":true,"href":"https:\/\/entandem.cat\/es\/wp-json\/wp\/v2\/media\/3758"}],"wp:attachment":[{"href":"https:\/\/entandem.cat\/es\/wp-json\/wp\/v2\/media?parent=3838"}],"wp:term":[{"taxonomy":"category","embeddable":true,"href":"https:\/\/entandem.cat\/es\/wp-json\/wp\/v2\/categories?post=3838"},{"taxonomy":"post_tag","embeddable":true,"href":"https:\/\/entandem.cat\/es\/wp-json\/wp\/v2\/tags?post=3838"}],"curies":[{"name":"wp","href":"https:\/\/api.w.org\/{rel}","templated":true}]}}