{"id":3828,"date":"2017-12-20T15:27:29","date_gmt":"2017-12-20T15:27:29","guid":{"rendered":"http:\/\/entandem.cat\/es\/actividades\/afev-10-anys-testimon-del-marc-ten\/"},"modified":"2020-09-15T14:22:32","modified_gmt":"2020-09-15T14:22:32","slug":"afev-10-anys-testimon-del-marc-ten","status":"publish","type":"post","link":"https:\/\/entandem.cat\/es\/testimonios\/afev-10-anys-testimon-del-marc-ten\/","title":{"rendered":"AFEV 10 anys testimoni del Marc Ten"},"content":{"rendered":"<h6><strong>El Marc va ser volunt\u00e0rio a l&#8217;AFEV al barri de la Barceloneta i comparteix amb nosaltres el seu testimoni.<\/strong><\/h6>\n<p>\u00abEl meu pas per l\u2019AFEV es remunta a finals del 2015, a l\u2019escola Mediterr\u00e0nia de Barcelona. Gr\u00e0cies a la Universitat Pompeu Fabra, vaig con\u00e8ixer la organitzaci\u00f3 i, m\u00e9s endavant, el conjunt de gent que la integra.\u00a0<\/p>\n<p>El meu company en aquesta aventura? Un pre-adolescent d\u2019origen rus, resident a la Barceloneta, metre seixanta, de cabell ros i amb els ulls blaus. Dit aix\u00ed, aquesta hist\u00f2ria no t\u00e9 gaire d\u2019especial, per\u00f2 la veritat \u00e9s que tot aix\u00f2 no anava de l\u2019origen, l\u2019aparen\u00e7a, o incl\u00fas l\u2019edat d\u2019aquell noi, sin\u00f3 de la persona que tenia davant i el t\u00e0ndem que tots dos form\u00e0vem.<\/p>\n<p><img loading=\"lazy\" decoding=\"async\" class=\" wp-image-3823 alignleft\" src=\"https:\/\/entandem.cat\/wp-content\/uploads\/2017\/12\/Plaf\u00f310_Marc-y-Tolic2-1024x640.jpg\" alt=\"\" width=\"337\" height=\"210\" srcset=\"https:\/\/entandem.cat\/wp-content\/uploads\/2017\/12\/Plaf\u00f310_Marc-y-Tolic2-1024x640.jpg 1024w, https:\/\/entandem.cat\/wp-content\/uploads\/2017\/12\/Plaf\u00f310_Marc-y-Tolic2-300x188.jpg 300w, https:\/\/entandem.cat\/wp-content\/uploads\/2017\/12\/Plaf\u00f310_Marc-y-Tolic2-768x480.jpg 768w, https:\/\/entandem.cat\/wp-content\/uploads\/2017\/12\/Plaf\u00f310_Marc-y-Tolic2-560x350.jpg 560w\" sizes=\"auto, (max-width: 337px) 100vw, 337px\" \/><\/p>\n<p>Des del comen\u00e7ament, la relaci\u00f3 ja va ser molt fluida i prometedora, i m\u2019enduc molts moments que van fer el meu dia a dia universitari molt m\u00e9s dist\u00e8s. <strong>Per\u00f2 ja no s\u00f3n nom\u00e9s les experi\u00e8ncies all\u00f2 que recordar\u00e9, sin\u00f3 els valors que vaig enfortir o rebrotar dins meu i que espero no perdre mai. I parlo d\u2019empatia, de generositat, de valorar l\u2019esfor\u00e7 de qui tens al costat, de responsabilitat&#8230; i, per qu\u00e8 no, d\u2019amistat.<\/strong> Tots coneixem quina \u00e9s la realitat al nostre entorn, la vida que ens agradaria tenir i els mitjans que disposem per aconseguir-ho. Malauradament, en poques ocasions ens preguntem qu\u00e8 hi ha m\u00e9s enll\u00e0 i tendim a no sortir de la nostra zona de confort.<\/p>\n<p><strong>L\u2019AFEV em va donar la oportunitat de viure una experi\u00e8ncia lluny del meu ambient, per\u00f2 igualment reconfortant i engrescadora, amb el Tolyk.<\/strong> <strong>Estic satisfet d\u2019haver-li pogut transmetre uns valors, coneixements o simplement una visi\u00f3 diferent de la vida que de ben segur tindran el seu pes en la persona que encara s\u2019est\u00e0 formant, si no ara, m\u00e9s endavant.<\/strong> Per\u00f2 aix\u00f2 no \u00e9s cosa d\u2019un. \u00c9s rec\u00edproc. La innoc\u00e8ncia dels nens o la diversi\u00f3 amb la que afronten la major part del seu temps, s\u00f3n alguns dels aspectes que tots haur\u00edem d\u2019incorporar en el nostre tarann\u00e0, en major o menor mesura. En definitiva, una intensa experi\u00e8ncia irreversible que uneix dues persones aparentment diferents, per\u00f2 de la qual tots dos en sortim refor\u00e7ats i m\u00e9s capa\u00e7os.\u00bb<\/p>\n","protected":false},"excerpt":{"rendered":"<p>El Marc va ser volunt\u00e0rio a l&#8217;AFEV al barri de la Barceloneta i comparteix amb nosaltres el seu testimoni. \u00abEl meu pas per l\u2019AFEV es remunta a finals del 2015, a l\u2019escola Mediterr\u00e0nia de Barcelona. Gr\u00e0cies a la Universitat Pompeu Fabra, vaig con\u00e8ixer la organitzaci\u00f3 i, m\u00e9s endavant, el conjunt de gent que la integra.\u00a0 &hellip; <a href=\"https:\/\/entandem.cat\/es\/testimonios\/afev-10-anys-testimon-del-marc-ten\/\">Continued<\/a><\/p>\n","protected":false},"author":1,"featured_media":3822,"comment_status":"closed","ping_status":"open","sticky":false,"template":"","format":"standard","meta":{"footnotes":""},"categories":[742],"tags":[474,462,463,330,464,467,336,470,471,339,476],"class_list":["post-3828","post","type-post","status-publish","format-standard","has-post-thumbnail","hentry","category-testimonios","tag-acompanyament-educatiu-es","tag-acompanyaments-es","tag-adolescents-es","tag-afev-es","tag-autoestima-es","tag-entandem-es","tag-mentoria-social-es","tag-tandems-es","tag-testimoni-es","tag-voluntariat-social-es","tag-voluntaris-es"],"yoast_head":"<!-- This site is optimized with the Yoast SEO plugin v27.0 - https:\/\/yoast.com\/product\/yoast-seo-wordpress\/ -->\n<title>AFEV 10 anys testimoni del Marc Ten - enT\u00e0ndem<\/title>\n<meta name=\"robots\" content=\"index, follow, max-snippet:-1, max-image-preview:large, max-video-preview:-1\" \/>\n<link rel=\"canonical\" href=\"https:\/\/entandem.cat\/es\/testimonios\/afev-10-anys-testimon-del-marc-ten\/\" \/>\n<meta property=\"og:locale\" content=\"es_ES\" \/>\n<meta property=\"og:type\" content=\"article\" \/>\n<meta property=\"og:title\" content=\"AFEV 10 anys testimoni del Marc Ten - enT\u00e0ndem\" \/>\n<meta property=\"og:description\" content=\"El Marc va ser volunt\u00e0rio a l&#8217;AFEV al barri de la Barceloneta i comparteix amb nosaltres el seu testimoni. \u00abEl meu pas per l\u2019AFEV es remunta a finals del 2015, a l\u2019escola Mediterr\u00e0nia de Barcelona. Gr\u00e0cies a la Universitat Pompeu Fabra, vaig con\u00e8ixer la organitzaci\u00f3 i, m\u00e9s endavant, el conjunt de gent que la integra.\u00a0 &hellip; Continued\" \/>\n<meta property=\"og:url\" content=\"https:\/\/entandem.cat\/es\/testimonios\/afev-10-anys-testimon-del-marc-ten\/\" \/>\n<meta property=\"og:site_name\" content=\"enT\u00e0ndem\" \/>\n<meta property=\"article:publisher\" content=\"https:\/\/www.facebook.com\/afevcat\" \/>\n<meta property=\"article:published_time\" content=\"2017-12-20T15:27:29+00:00\" \/>\n<meta property=\"article:modified_time\" content=\"2020-09-15T14:22:32+00:00\" \/>\n<meta property=\"og:image\" content=\"https:\/\/entandem.cat\/wp-content\/uploads\/2017\/12\/marc-1024x683.jpg\" \/>\n\t<meta property=\"og:image:width\" content=\"1024\" \/>\n\t<meta property=\"og:image:height\" content=\"683\" \/>\n\t<meta property=\"og:image:type\" content=\"image\/jpeg\" \/>\n<meta name=\"author\" content=\"adminTandem\" \/>\n<meta name=\"twitter:card\" content=\"summary_large_image\" \/>\n<meta name=\"twitter:creator\" content=\"@afevcat\" \/>\n<meta name=\"twitter:site\" content=\"@afevcat\" \/>\n<meta name=\"twitter:label1\" content=\"Escrito por\" \/>\n\t<meta name=\"twitter:data1\" content=\"adminTandem\" \/>\n\t<meta name=\"twitter:label2\" content=\"Tiempo de lectura\" \/>\n\t<meta name=\"twitter:data2\" content=\"2 minutos\" \/>\n<script type=\"application\/ld+json\" class=\"yoast-schema-graph\">{\"@context\":\"https:\/\/schema.org\",\"@graph\":[{\"@type\":\"Article\",\"@id\":\"https:\/\/entandem.cat\/es\/testimonios\/afev-10-anys-testimon-del-marc-ten\/#article\",\"isPartOf\":{\"@id\":\"https:\/\/entandem.cat\/es\/testimonios\/afev-10-anys-testimon-del-marc-ten\/\"},\"author\":{\"name\":\"adminTandem\",\"@id\":\"https:\/\/entandem.cat\/#\/schema\/person\/2111428ce1954193a11054a1e2b5b0da\"},\"headline\":\"AFEV 10 anys testimoni del Marc Ten\",\"datePublished\":\"2017-12-20T15:27:29+00:00\",\"dateModified\":\"2020-09-15T14:22:32+00:00\",\"mainEntityOfPage\":{\"@id\":\"https:\/\/entandem.cat\/es\/testimonios\/afev-10-anys-testimon-del-marc-ten\/\"},\"wordCount\":410,\"publisher\":{\"@id\":\"https:\/\/entandem.cat\/#organization\"},\"image\":{\"@id\":\"https:\/\/entandem.cat\/es\/testimonios\/afev-10-anys-testimon-del-marc-ten\/#primaryimage\"},\"thumbnailUrl\":\"https:\/\/entandem.cat\/wp-content\/uploads\/2017\/12\/marc.jpg\",\"keywords\":[\"acompanyament educatiu\",\"acompanyaments\",\"adolescents\",\"afev\",\"autoestima\",\"entandem\",\"mentoria social\",\"t\u00e0ndems\",\"testimoni\",\"voluntariat social\",\"voluntaris\"],\"articleSection\":[\"Testimonios\"],\"inLanguage\":\"es\"},{\"@type\":\"WebPage\",\"@id\":\"https:\/\/entandem.cat\/es\/testimonios\/afev-10-anys-testimon-del-marc-ten\/\",\"url\":\"https:\/\/entandem.cat\/es\/testimonios\/afev-10-anys-testimon-del-marc-ten\/\",\"name\":\"AFEV 10 anys testimoni del Marc Ten - enT\u00e0ndem\",\"isPartOf\":{\"@id\":\"https:\/\/entandem.cat\/#website\"},\"primaryImageOfPage\":{\"@id\":\"https:\/\/entandem.cat\/es\/testimonios\/afev-10-anys-testimon-del-marc-ten\/#primaryimage\"},\"image\":{\"@id\":\"https:\/\/entandem.cat\/es\/testimonios\/afev-10-anys-testimon-del-marc-ten\/#primaryimage\"},\"thumbnailUrl\":\"https:\/\/entandem.cat\/wp-content\/uploads\/2017\/12\/marc.jpg\",\"datePublished\":\"2017-12-20T15:27:29+00:00\",\"dateModified\":\"2020-09-15T14:22:32+00:00\",\"breadcrumb\":{\"@id\":\"https:\/\/entandem.cat\/es\/testimonios\/afev-10-anys-testimon-del-marc-ten\/#breadcrumb\"},\"inLanguage\":\"es\",\"potentialAction\":[{\"@type\":\"ReadAction\",\"target\":[\"https:\/\/entandem.cat\/es\/testimonios\/afev-10-anys-testimon-del-marc-ten\/\"]}]},{\"@type\":\"ImageObject\",\"inLanguage\":\"es\",\"@id\":\"https:\/\/entandem.cat\/es\/testimonios\/afev-10-anys-testimon-del-marc-ten\/#primaryimage\",\"url\":\"https:\/\/entandem.cat\/wp-content\/uploads\/2017\/12\/marc.jpg\",\"contentUrl\":\"https:\/\/entandem.cat\/wp-content\/uploads\/2017\/12\/marc.jpg\",\"width\":4608,\"height\":3072},{\"@type\":\"BreadcrumbList\",\"@id\":\"https:\/\/entandem.cat\/es\/testimonios\/afev-10-anys-testimon-del-marc-ten\/#breadcrumb\",\"itemListElement\":[{\"@type\":\"ListItem\",\"position\":1,\"name\":\"Inici\",\"item\":\"https:\/\/entandem.cat\/es\/\"},{\"@type\":\"ListItem\",\"position\":2,\"name\":\"AFEV 10 anys testimoni del Marc Ten\"}]},{\"@type\":\"WebSite\",\"@id\":\"https:\/\/entandem.cat\/#website\",\"url\":\"https:\/\/entandem.cat\/\",\"name\":\"enT\u00e0ndem\",\"description\":\"Voluntariat Social Universitari\",\"publisher\":{\"@id\":\"https:\/\/entandem.cat\/#organization\"},\"potentialAction\":[{\"@type\":\"SearchAction\",\"target\":{\"@type\":\"EntryPoint\",\"urlTemplate\":\"https:\/\/entandem.cat\/?s={search_term_string}\"},\"query-input\":{\"@type\":\"PropertyValueSpecification\",\"valueRequired\":true,\"valueName\":\"search_term_string\"}}],\"inLanguage\":\"es\"},{\"@type\":\"Organization\",\"@id\":\"https:\/\/entandem.cat\/#organization\",\"name\":\"enT\u00e0ndem\",\"url\":\"https:\/\/entandem.cat\/\",\"logo\":{\"@type\":\"ImageObject\",\"inLanguage\":\"es\",\"@id\":\"https:\/\/entandem.cat\/#\/schema\/logo\/image\/\",\"url\":\"https:\/\/entandem.cat\/wp-content\/uploads\/2016\/12\/logo-entandem.png\",\"contentUrl\":\"https:\/\/entandem.cat\/wp-content\/uploads\/2016\/12\/logo-entandem.png\",\"width\":166,\"height\":44,\"caption\":\"enT\u00e0ndem\"},\"image\":{\"@id\":\"https:\/\/entandem.cat\/#\/schema\/logo\/image\/\"},\"sameAs\":[\"https:\/\/www.facebook.com\/afevcat\",\"https:\/\/x.com\/afevcat\",\"https:\/\/www.instagram.com\/afevcat\/\"]},{\"@type\":\"Person\",\"@id\":\"https:\/\/entandem.cat\/#\/schema\/person\/2111428ce1954193a11054a1e2b5b0da\",\"name\":\"adminTandem\"}]}<\/script>\n<!-- \/ Yoast SEO plugin. -->","yoast_head_json":{"title":"AFEV 10 anys testimoni del Marc Ten - enT\u00e0ndem","robots":{"index":"index","follow":"follow","max-snippet":"max-snippet:-1","max-image-preview":"max-image-preview:large","max-video-preview":"max-video-preview:-1"},"canonical":"https:\/\/entandem.cat\/es\/testimonios\/afev-10-anys-testimon-del-marc-ten\/","og_locale":"es_ES","og_type":"article","og_title":"AFEV 10 anys testimoni del Marc Ten - enT\u00e0ndem","og_description":"El Marc va ser volunt\u00e0rio a l&#8217;AFEV al barri de la Barceloneta i comparteix amb nosaltres el seu testimoni. \u00abEl meu pas per l\u2019AFEV es remunta a finals del 2015, a l\u2019escola Mediterr\u00e0nia de Barcelona. Gr\u00e0cies a la Universitat Pompeu Fabra, vaig con\u00e8ixer la organitzaci\u00f3 i, m\u00e9s endavant, el conjunt de gent que la integra.\u00a0 &hellip; Continued","og_url":"https:\/\/entandem.cat\/es\/testimonios\/afev-10-anys-testimon-del-marc-ten\/","og_site_name":"enT\u00e0ndem","article_publisher":"https:\/\/www.facebook.com\/afevcat","article_published_time":"2017-12-20T15:27:29+00:00","article_modified_time":"2020-09-15T14:22:32+00:00","og_image":[{"width":1024,"height":683,"url":"https:\/\/entandem.cat\/wp-content\/uploads\/2017\/12\/marc-1024x683.jpg","type":"image\/jpeg"}],"author":"adminTandem","twitter_card":"summary_large_image","twitter_creator":"@afevcat","twitter_site":"@afevcat","twitter_misc":{"Escrito por":"adminTandem","Tiempo de lectura":"2 minutos"},"schema":{"@context":"https:\/\/schema.org","@graph":[{"@type":"Article","@id":"https:\/\/entandem.cat\/es\/testimonios\/afev-10-anys-testimon-del-marc-ten\/#article","isPartOf":{"@id":"https:\/\/entandem.cat\/es\/testimonios\/afev-10-anys-testimon-del-marc-ten\/"},"author":{"name":"adminTandem","@id":"https:\/\/entandem.cat\/#\/schema\/person\/2111428ce1954193a11054a1e2b5b0da"},"headline":"AFEV 10 anys testimoni del Marc Ten","datePublished":"2017-12-20T15:27:29+00:00","dateModified":"2020-09-15T14:22:32+00:00","mainEntityOfPage":{"@id":"https:\/\/entandem.cat\/es\/testimonios\/afev-10-anys-testimon-del-marc-ten\/"},"wordCount":410,"publisher":{"@id":"https:\/\/entandem.cat\/#organization"},"image":{"@id":"https:\/\/entandem.cat\/es\/testimonios\/afev-10-anys-testimon-del-marc-ten\/#primaryimage"},"thumbnailUrl":"https:\/\/entandem.cat\/wp-content\/uploads\/2017\/12\/marc.jpg","keywords":["acompanyament educatiu","acompanyaments","adolescents","afev","autoestima","entandem","mentoria social","t\u00e0ndems","testimoni","voluntariat social","voluntaris"],"articleSection":["Testimonios"],"inLanguage":"es"},{"@type":"WebPage","@id":"https:\/\/entandem.cat\/es\/testimonios\/afev-10-anys-testimon-del-marc-ten\/","url":"https:\/\/entandem.cat\/es\/testimonios\/afev-10-anys-testimon-del-marc-ten\/","name":"AFEV 10 anys testimoni del Marc Ten - enT\u00e0ndem","isPartOf":{"@id":"https:\/\/entandem.cat\/#website"},"primaryImageOfPage":{"@id":"https:\/\/entandem.cat\/es\/testimonios\/afev-10-anys-testimon-del-marc-ten\/#primaryimage"},"image":{"@id":"https:\/\/entandem.cat\/es\/testimonios\/afev-10-anys-testimon-del-marc-ten\/#primaryimage"},"thumbnailUrl":"https:\/\/entandem.cat\/wp-content\/uploads\/2017\/12\/marc.jpg","datePublished":"2017-12-20T15:27:29+00:00","dateModified":"2020-09-15T14:22:32+00:00","breadcrumb":{"@id":"https:\/\/entandem.cat\/es\/testimonios\/afev-10-anys-testimon-del-marc-ten\/#breadcrumb"},"inLanguage":"es","potentialAction":[{"@type":"ReadAction","target":["https:\/\/entandem.cat\/es\/testimonios\/afev-10-anys-testimon-del-marc-ten\/"]}]},{"@type":"ImageObject","inLanguage":"es","@id":"https:\/\/entandem.cat\/es\/testimonios\/afev-10-anys-testimon-del-marc-ten\/#primaryimage","url":"https:\/\/entandem.cat\/wp-content\/uploads\/2017\/12\/marc.jpg","contentUrl":"https:\/\/entandem.cat\/wp-content\/uploads\/2017\/12\/marc.jpg","width":4608,"height":3072},{"@type":"BreadcrumbList","@id":"https:\/\/entandem.cat\/es\/testimonios\/afev-10-anys-testimon-del-marc-ten\/#breadcrumb","itemListElement":[{"@type":"ListItem","position":1,"name":"Inici","item":"https:\/\/entandem.cat\/es\/"},{"@type":"ListItem","position":2,"name":"AFEV 10 anys testimoni del Marc Ten"}]},{"@type":"WebSite","@id":"https:\/\/entandem.cat\/#website","url":"https:\/\/entandem.cat\/","name":"enT\u00e0ndem","description":"Voluntariat Social Universitari","publisher":{"@id":"https:\/\/entandem.cat\/#organization"},"potentialAction":[{"@type":"SearchAction","target":{"@type":"EntryPoint","urlTemplate":"https:\/\/entandem.cat\/?s={search_term_string}"},"query-input":{"@type":"PropertyValueSpecification","valueRequired":true,"valueName":"search_term_string"}}],"inLanguage":"es"},{"@type":"Organization","@id":"https:\/\/entandem.cat\/#organization","name":"enT\u00e0ndem","url":"https:\/\/entandem.cat\/","logo":{"@type":"ImageObject","inLanguage":"es","@id":"https:\/\/entandem.cat\/#\/schema\/logo\/image\/","url":"https:\/\/entandem.cat\/wp-content\/uploads\/2016\/12\/logo-entandem.png","contentUrl":"https:\/\/entandem.cat\/wp-content\/uploads\/2016\/12\/logo-entandem.png","width":166,"height":44,"caption":"enT\u00e0ndem"},"image":{"@id":"https:\/\/entandem.cat\/#\/schema\/logo\/image\/"},"sameAs":["https:\/\/www.facebook.com\/afevcat","https:\/\/x.com\/afevcat","https:\/\/www.instagram.com\/afevcat\/"]},{"@type":"Person","@id":"https:\/\/entandem.cat\/#\/schema\/person\/2111428ce1954193a11054a1e2b5b0da","name":"adminTandem"}]}},"_links":{"self":[{"href":"https:\/\/entandem.cat\/es\/wp-json\/wp\/v2\/posts\/3828","targetHints":{"allow":["GET"]}}],"collection":[{"href":"https:\/\/entandem.cat\/es\/wp-json\/wp\/v2\/posts"}],"about":[{"href":"https:\/\/entandem.cat\/es\/wp-json\/wp\/v2\/types\/post"}],"author":[{"embeddable":true,"href":"https:\/\/entandem.cat\/es\/wp-json\/wp\/v2\/users\/1"}],"replies":[{"embeddable":true,"href":"https:\/\/entandem.cat\/es\/wp-json\/wp\/v2\/comments?post=3828"}],"version-history":[{"count":0,"href":"https:\/\/entandem.cat\/es\/wp-json\/wp\/v2\/posts\/3828\/revisions"}],"wp:featuredmedia":[{"embeddable":true,"href":"https:\/\/entandem.cat\/es\/wp-json\/wp\/v2\/media\/3822"}],"wp:attachment":[{"href":"https:\/\/entandem.cat\/es\/wp-json\/wp\/v2\/media?parent=3828"}],"wp:term":[{"taxonomy":"category","embeddable":true,"href":"https:\/\/entandem.cat\/es\/wp-json\/wp\/v2\/categories?post=3828"},{"taxonomy":"post_tag","embeddable":true,"href":"https:\/\/entandem.cat\/es\/wp-json\/wp\/v2\/tags?post=3828"}],"curies":[{"name":"wp","href":"https:\/\/api.w.org\/{rel}","templated":true}]}}