{"id":3817,"date":"2017-12-19T16:05:50","date_gmt":"2017-12-19T16:05:50","guid":{"rendered":"http:\/\/entandem.cat\/es\/actividades\/afev-10-anys-testimoni-de-la-maria-llobet\/"},"modified":"2020-09-15T14:22:33","modified_gmt":"2020-09-15T14:22:33","slug":"afev-10-anys-testimoni-de-la-maria-llobet","status":"publish","type":"post","link":"https:\/\/entandem.cat\/es\/testimonios\/afev-10-anys-testimoni-de-la-maria-llobet\/","title":{"rendered":"AFEV 10 anys testimoni de la Maria Llobet"},"content":{"rendered":"<h6><strong>La Maria va ser volunt\u00e0ria a l&#8217;AFEV al barri de Ciutat Vella i comparteix amb nosaltres el seu testimoni.<\/strong><\/h6>\n<p>\u00ab<strong>Recordo la primera vegada que vaig sentir a parlar d\u2019enT\u00e0ndem. Ara ja fa tres anys i us asseguro que la idea que tenia del projecte no t\u00e9 res a veure amb la que tinc ara. En aquell moment pensava: \u201cQue b\u00e9, podr\u00e9 ajudar a un infant o un adolescent que passa per un moment dif\u00edcil, li canviar\u00e9 la vida\u201d.<\/strong> No us negar\u00e9 que hi havia un punt na\u00eff i que tenia ganes de sentir-me una s\u00faper-hero\u00efna.<\/p>\n<p>&nbsp;<\/p>\n<p><img loading=\"lazy\" decoding=\"async\" class=\" wp-image-3812 alignleft\" src=\"https:\/\/entandem.cat\/wp-content\/uploads\/2017\/12\/maria-1-1012x1024.jpg\" alt=\"\" width=\"305\" height=\"308\" \/>Feia temps que s\u2019estaven despertant nous interessos dins meu. Interessos que tenien a veure amb una major preocupaci\u00f3 per les problem\u00e0tiques socials i les ganes de comprometre-m\u2019hi activament. I llavors va apar\u00e8ixer enT\u00e0ndem, que em va seduir perqu\u00e8 \u00e9s un projecte que ataca una <u>problem\u00e0tica molt concreta i amb una f\u00f3rmula molt atractiva<\/u>. <strong>Ara, que ja \u00e9s el segon any que hi participo com a volunt\u00e0ria i que, a m\u00e9s, treballo per a l\u2019AFEV, la meva visi\u00f3 sobre el projecte ha evolucionat. enT\u00e0ndem per a mi \u00e9s un espai d\u2019ajuda rec\u00edproca.<\/strong> \u00c9s un intercanvi d\u2019experi\u00e8ncies i de coneixements. \u00c9s una plataforma per construir ponts entre persones. Va molt m\u00e9s enll\u00e0 d\u2019acompanyar un jove perqu\u00e8 hi interactuen molts factors: la fam\u00edlia, l\u2019escola, els amics, el barri i les coses que hi passen en aquest barri,&#8230; Personalment, no sabria dir si jo he ajudat m\u00e9s del que m\u2019han ajudat a mi.<\/p>\n<p>&nbsp;<\/p>\n<p>Per una banda, perqu\u00e8 \u00e9s la meva primera experi\u00e8ncia de voluntariat significativa i m\u2019ha obert les portes a un m\u00f3n nou. Un m\u00f3n que ara em concerneix tamb\u00e9 professionalment i m\u2019est\u00e0 enriquint molt! I per una altra, perqu\u00e8 he pogut connectar veritablement amb realitats diferents a les que he viscut en el meu entorn familiar i social des que vaig n\u00e9ixer.<\/p>\n<p><strong>Crec que m\u2019ha fet m\u00e9s humil, m\u2019ha ajudat a valorar m\u00e9s el que tinc, a utilitzar les difer\u00e8ncies culturals com una veritable eina de coneixement i enriquiment personal, a esborrar els prejudicis socials que s\u2019amaguen darrere de l\u2019estratificaci\u00f3 de classes i, en definitiva, a posicionar-me davant del projecte no com una s\u00faper-hero\u00efna sin\u00f3 com una persona que est\u00e0 oberta a con\u00e8ixer, a aprendre i a lluitar per la igualtat d\u2019oportunitats.<\/strong><\/p>\n<p>D\u2019enT\u00e0ndem, valoro especialment que sigui un projecte <u>constant i que es faci al meu lloc d\u2019origen.<\/u> No cal anar a l\u2019altra punta del m\u00f3n per ajudar els altres! Aquest estiu vaig estar a una casa-hogar a Per\u00fa amb infants i adolescents en situacions desfavorables i va ser una experi\u00e8ncia molt enriquidora, per descomptat. Per\u00f2 em q\u00fcestiono fins a quin punt va tenir un impacte. Per a mi t\u00e9 m\u00e9s sentit ser volunt\u00e0ria al lloc on he nascut i on he viscut, on hi tinc arrels i on he definit la meva identitat com a persona i fer-ho de forma constant perqu\u00e8 l\u2019impacte sigui major. Crec que refor\u00e7a el meu sentiment de pertinen\u00e7a i m\u2019apodera com a ciutadana activa i amb responsabilitat social.\u00bb<\/p>\n<p>&nbsp;<\/p>\n","protected":false},"excerpt":{"rendered":"<p>La Maria va ser volunt\u00e0ria a l&#8217;AFEV al barri de Ciutat Vella i comparteix amb nosaltres el seu testimoni. \u00abRecordo la primera vegada que vaig sentir a parlar d\u2019enT\u00e0ndem. Ara ja fa tres anys i us asseguro que la idea que tenia del projecte no t\u00e9 res a veure amb la que tinc ara. En &hellip; <a href=\"https:\/\/entandem.cat\/es\/testimonios\/afev-10-anys-testimoni-de-la-maria-llobet\/\">Continued<\/a><\/p>\n","protected":false},"author":1,"featured_media":3805,"comment_status":"closed","ping_status":"open","sticky":false,"template":"","format":"standard","meta":{"footnotes":""},"categories":[742],"tags":[474,462,463,330,464,467,336,470,471,339,476],"class_list":["post-3817","post","type-post","status-publish","format-standard","has-post-thumbnail","hentry","category-testimonios","tag-acompanyament-educatiu-es","tag-acompanyaments-es","tag-adolescents-es","tag-afev-es","tag-autoestima-es","tag-entandem-es","tag-mentoria-social-es","tag-tandems-es","tag-testimoni-es","tag-voluntariat-social-es","tag-voluntaris-es"],"yoast_head":"<!-- This site is optimized with the Yoast SEO plugin v27.0 - https:\/\/yoast.com\/product\/yoast-seo-wordpress\/ -->\n<title>AFEV 10 anys testimoni de la Maria Llobet - enT\u00e0ndem<\/title>\n<meta name=\"robots\" content=\"index, follow, max-snippet:-1, max-image-preview:large, max-video-preview:-1\" \/>\n<link rel=\"canonical\" href=\"https:\/\/entandem.cat\/es\/testimonios\/afev-10-anys-testimoni-de-la-maria-llobet\/\" \/>\n<meta property=\"og:locale\" content=\"es_ES\" \/>\n<meta property=\"og:type\" content=\"article\" \/>\n<meta property=\"og:title\" content=\"AFEV 10 anys testimoni de la Maria Llobet - enT\u00e0ndem\" \/>\n<meta property=\"og:description\" content=\"La Maria va ser volunt\u00e0ria a l&#8217;AFEV al barri de Ciutat Vella i comparteix amb nosaltres el seu testimoni. \u00abRecordo la primera vegada que vaig sentir a parlar d\u2019enT\u00e0ndem. Ara ja fa tres anys i us asseguro que la idea que tenia del projecte no t\u00e9 res a veure amb la que tinc ara. En &hellip; Continued\" \/>\n<meta property=\"og:url\" content=\"https:\/\/entandem.cat\/es\/testimonios\/afev-10-anys-testimoni-de-la-maria-llobet\/\" \/>\n<meta property=\"og:site_name\" content=\"enT\u00e0ndem\" \/>\n<meta property=\"article:publisher\" content=\"https:\/\/www.facebook.com\/afevcat\" \/>\n<meta property=\"article:published_time\" content=\"2017-12-19T16:05:50+00:00\" \/>\n<meta property=\"article:modified_time\" content=\"2020-09-15T14:22:33+00:00\" \/>\n<meta property=\"og:image\" content=\"https:\/\/entandem.cat\/wp-content\/uploads\/2017\/12\/maria-llobet-1024x683.jpg\" \/>\n\t<meta property=\"og:image:width\" content=\"1024\" \/>\n\t<meta property=\"og:image:height\" content=\"683\" \/>\n\t<meta property=\"og:image:type\" content=\"image\/jpeg\" \/>\n<meta name=\"author\" content=\"adminTandem\" \/>\n<meta name=\"twitter:card\" content=\"summary_large_image\" \/>\n<meta name=\"twitter:creator\" content=\"@afevcat\" \/>\n<meta name=\"twitter:site\" content=\"@afevcat\" \/>\n<meta name=\"twitter:label1\" content=\"Escrito por\" \/>\n\t<meta name=\"twitter:data1\" content=\"adminTandem\" \/>\n\t<meta name=\"twitter:label2\" content=\"Tiempo de lectura\" \/>\n\t<meta name=\"twitter:data2\" content=\"3 minutos\" \/>\n<script type=\"application\/ld+json\" class=\"yoast-schema-graph\">{\"@context\":\"https:\/\/schema.org\",\"@graph\":[{\"@type\":\"Article\",\"@id\":\"https:\/\/entandem.cat\/es\/testimonios\/afev-10-anys-testimoni-de-la-maria-llobet\/#article\",\"isPartOf\":{\"@id\":\"https:\/\/entandem.cat\/es\/testimonios\/afev-10-anys-testimoni-de-la-maria-llobet\/\"},\"author\":{\"name\":\"adminTandem\",\"@id\":\"https:\/\/entandem.cat\/#\/schema\/person\/2111428ce1954193a11054a1e2b5b0da\"},\"headline\":\"AFEV 10 anys testimoni de la Maria Llobet\",\"datePublished\":\"2017-12-19T16:05:50+00:00\",\"dateModified\":\"2020-09-15T14:22:33+00:00\",\"mainEntityOfPage\":{\"@id\":\"https:\/\/entandem.cat\/es\/testimonios\/afev-10-anys-testimoni-de-la-maria-llobet\/\"},\"wordCount\":566,\"publisher\":{\"@id\":\"https:\/\/entandem.cat\/#organization\"},\"image\":{\"@id\":\"https:\/\/entandem.cat\/es\/testimonios\/afev-10-anys-testimoni-de-la-maria-llobet\/#primaryimage\"},\"thumbnailUrl\":\"https:\/\/entandem.cat\/wp-content\/uploads\/2017\/12\/maria-llobet.jpg\",\"keywords\":[\"acompanyament educatiu\",\"acompanyaments\",\"adolescents\",\"afev\",\"autoestima\",\"entandem\",\"mentoria social\",\"t\u00e0ndems\",\"testimoni\",\"voluntariat social\",\"voluntaris\"],\"articleSection\":[\"Testimonios\"],\"inLanguage\":\"es\"},{\"@type\":\"WebPage\",\"@id\":\"https:\/\/entandem.cat\/es\/testimonios\/afev-10-anys-testimoni-de-la-maria-llobet\/\",\"url\":\"https:\/\/entandem.cat\/es\/testimonios\/afev-10-anys-testimoni-de-la-maria-llobet\/\",\"name\":\"AFEV 10 anys testimoni de la Maria Llobet - enT\u00e0ndem\",\"isPartOf\":{\"@id\":\"https:\/\/entandem.cat\/#website\"},\"primaryImageOfPage\":{\"@id\":\"https:\/\/entandem.cat\/es\/testimonios\/afev-10-anys-testimoni-de-la-maria-llobet\/#primaryimage\"},\"image\":{\"@id\":\"https:\/\/entandem.cat\/es\/testimonios\/afev-10-anys-testimoni-de-la-maria-llobet\/#primaryimage\"},\"thumbnailUrl\":\"https:\/\/entandem.cat\/wp-content\/uploads\/2017\/12\/maria-llobet.jpg\",\"datePublished\":\"2017-12-19T16:05:50+00:00\",\"dateModified\":\"2020-09-15T14:22:33+00:00\",\"breadcrumb\":{\"@id\":\"https:\/\/entandem.cat\/es\/testimonios\/afev-10-anys-testimoni-de-la-maria-llobet\/#breadcrumb\"},\"inLanguage\":\"es\",\"potentialAction\":[{\"@type\":\"ReadAction\",\"target\":[\"https:\/\/entandem.cat\/es\/testimonios\/afev-10-anys-testimoni-de-la-maria-llobet\/\"]}]},{\"@type\":\"ImageObject\",\"inLanguage\":\"es\",\"@id\":\"https:\/\/entandem.cat\/es\/testimonios\/afev-10-anys-testimoni-de-la-maria-llobet\/#primaryimage\",\"url\":\"https:\/\/entandem.cat\/wp-content\/uploads\/2017\/12\/maria-llobet.jpg\",\"contentUrl\":\"https:\/\/entandem.cat\/wp-content\/uploads\/2017\/12\/maria-llobet.jpg\",\"width\":2760,\"height\":1840},{\"@type\":\"BreadcrumbList\",\"@id\":\"https:\/\/entandem.cat\/es\/testimonios\/afev-10-anys-testimoni-de-la-maria-llobet\/#breadcrumb\",\"itemListElement\":[{\"@type\":\"ListItem\",\"position\":1,\"name\":\"Inici\",\"item\":\"https:\/\/entandem.cat\/es\/\"},{\"@type\":\"ListItem\",\"position\":2,\"name\":\"AFEV 10 anys testimoni de la Maria Llobet\"}]},{\"@type\":\"WebSite\",\"@id\":\"https:\/\/entandem.cat\/#website\",\"url\":\"https:\/\/entandem.cat\/\",\"name\":\"enT\u00e0ndem\",\"description\":\"Voluntariat Social Universitari\",\"publisher\":{\"@id\":\"https:\/\/entandem.cat\/#organization\"},\"potentialAction\":[{\"@type\":\"SearchAction\",\"target\":{\"@type\":\"EntryPoint\",\"urlTemplate\":\"https:\/\/entandem.cat\/?s={search_term_string}\"},\"query-input\":{\"@type\":\"PropertyValueSpecification\",\"valueRequired\":true,\"valueName\":\"search_term_string\"}}],\"inLanguage\":\"es\"},{\"@type\":\"Organization\",\"@id\":\"https:\/\/entandem.cat\/#organization\",\"name\":\"enT\u00e0ndem\",\"url\":\"https:\/\/entandem.cat\/\",\"logo\":{\"@type\":\"ImageObject\",\"inLanguage\":\"es\",\"@id\":\"https:\/\/entandem.cat\/#\/schema\/logo\/image\/\",\"url\":\"https:\/\/entandem.cat\/wp-content\/uploads\/2016\/12\/logo-entandem.png\",\"contentUrl\":\"https:\/\/entandem.cat\/wp-content\/uploads\/2016\/12\/logo-entandem.png\",\"width\":166,\"height\":44,\"caption\":\"enT\u00e0ndem\"},\"image\":{\"@id\":\"https:\/\/entandem.cat\/#\/schema\/logo\/image\/\"},\"sameAs\":[\"https:\/\/www.facebook.com\/afevcat\",\"https:\/\/x.com\/afevcat\",\"https:\/\/www.instagram.com\/afevcat\/\"]},{\"@type\":\"Person\",\"@id\":\"https:\/\/entandem.cat\/#\/schema\/person\/2111428ce1954193a11054a1e2b5b0da\",\"name\":\"adminTandem\"}]}<\/script>\n<!-- \/ Yoast SEO plugin. -->","yoast_head_json":{"title":"AFEV 10 anys testimoni de la Maria Llobet - enT\u00e0ndem","robots":{"index":"index","follow":"follow","max-snippet":"max-snippet:-1","max-image-preview":"max-image-preview:large","max-video-preview":"max-video-preview:-1"},"canonical":"https:\/\/entandem.cat\/es\/testimonios\/afev-10-anys-testimoni-de-la-maria-llobet\/","og_locale":"es_ES","og_type":"article","og_title":"AFEV 10 anys testimoni de la Maria Llobet - enT\u00e0ndem","og_description":"La Maria va ser volunt\u00e0ria a l&#8217;AFEV al barri de Ciutat Vella i comparteix amb nosaltres el seu testimoni. \u00abRecordo la primera vegada que vaig sentir a parlar d\u2019enT\u00e0ndem. Ara ja fa tres anys i us asseguro que la idea que tenia del projecte no t\u00e9 res a veure amb la que tinc ara. En &hellip; Continued","og_url":"https:\/\/entandem.cat\/es\/testimonios\/afev-10-anys-testimoni-de-la-maria-llobet\/","og_site_name":"enT\u00e0ndem","article_publisher":"https:\/\/www.facebook.com\/afevcat","article_published_time":"2017-12-19T16:05:50+00:00","article_modified_time":"2020-09-15T14:22:33+00:00","og_image":[{"width":1024,"height":683,"url":"https:\/\/entandem.cat\/wp-content\/uploads\/2017\/12\/maria-llobet-1024x683.jpg","type":"image\/jpeg"}],"author":"adminTandem","twitter_card":"summary_large_image","twitter_creator":"@afevcat","twitter_site":"@afevcat","twitter_misc":{"Escrito por":"adminTandem","Tiempo de lectura":"3 minutos"},"schema":{"@context":"https:\/\/schema.org","@graph":[{"@type":"Article","@id":"https:\/\/entandem.cat\/es\/testimonios\/afev-10-anys-testimoni-de-la-maria-llobet\/#article","isPartOf":{"@id":"https:\/\/entandem.cat\/es\/testimonios\/afev-10-anys-testimoni-de-la-maria-llobet\/"},"author":{"name":"adminTandem","@id":"https:\/\/entandem.cat\/#\/schema\/person\/2111428ce1954193a11054a1e2b5b0da"},"headline":"AFEV 10 anys testimoni de la Maria Llobet","datePublished":"2017-12-19T16:05:50+00:00","dateModified":"2020-09-15T14:22:33+00:00","mainEntityOfPage":{"@id":"https:\/\/entandem.cat\/es\/testimonios\/afev-10-anys-testimoni-de-la-maria-llobet\/"},"wordCount":566,"publisher":{"@id":"https:\/\/entandem.cat\/#organization"},"image":{"@id":"https:\/\/entandem.cat\/es\/testimonios\/afev-10-anys-testimoni-de-la-maria-llobet\/#primaryimage"},"thumbnailUrl":"https:\/\/entandem.cat\/wp-content\/uploads\/2017\/12\/maria-llobet.jpg","keywords":["acompanyament educatiu","acompanyaments","adolescents","afev","autoestima","entandem","mentoria social","t\u00e0ndems","testimoni","voluntariat social","voluntaris"],"articleSection":["Testimonios"],"inLanguage":"es"},{"@type":"WebPage","@id":"https:\/\/entandem.cat\/es\/testimonios\/afev-10-anys-testimoni-de-la-maria-llobet\/","url":"https:\/\/entandem.cat\/es\/testimonios\/afev-10-anys-testimoni-de-la-maria-llobet\/","name":"AFEV 10 anys testimoni de la Maria Llobet - enT\u00e0ndem","isPartOf":{"@id":"https:\/\/entandem.cat\/#website"},"primaryImageOfPage":{"@id":"https:\/\/entandem.cat\/es\/testimonios\/afev-10-anys-testimoni-de-la-maria-llobet\/#primaryimage"},"image":{"@id":"https:\/\/entandem.cat\/es\/testimonios\/afev-10-anys-testimoni-de-la-maria-llobet\/#primaryimage"},"thumbnailUrl":"https:\/\/entandem.cat\/wp-content\/uploads\/2017\/12\/maria-llobet.jpg","datePublished":"2017-12-19T16:05:50+00:00","dateModified":"2020-09-15T14:22:33+00:00","breadcrumb":{"@id":"https:\/\/entandem.cat\/es\/testimonios\/afev-10-anys-testimoni-de-la-maria-llobet\/#breadcrumb"},"inLanguage":"es","potentialAction":[{"@type":"ReadAction","target":["https:\/\/entandem.cat\/es\/testimonios\/afev-10-anys-testimoni-de-la-maria-llobet\/"]}]},{"@type":"ImageObject","inLanguage":"es","@id":"https:\/\/entandem.cat\/es\/testimonios\/afev-10-anys-testimoni-de-la-maria-llobet\/#primaryimage","url":"https:\/\/entandem.cat\/wp-content\/uploads\/2017\/12\/maria-llobet.jpg","contentUrl":"https:\/\/entandem.cat\/wp-content\/uploads\/2017\/12\/maria-llobet.jpg","width":2760,"height":1840},{"@type":"BreadcrumbList","@id":"https:\/\/entandem.cat\/es\/testimonios\/afev-10-anys-testimoni-de-la-maria-llobet\/#breadcrumb","itemListElement":[{"@type":"ListItem","position":1,"name":"Inici","item":"https:\/\/entandem.cat\/es\/"},{"@type":"ListItem","position":2,"name":"AFEV 10 anys testimoni de la Maria Llobet"}]},{"@type":"WebSite","@id":"https:\/\/entandem.cat\/#website","url":"https:\/\/entandem.cat\/","name":"enT\u00e0ndem","description":"Voluntariat Social Universitari","publisher":{"@id":"https:\/\/entandem.cat\/#organization"},"potentialAction":[{"@type":"SearchAction","target":{"@type":"EntryPoint","urlTemplate":"https:\/\/entandem.cat\/?s={search_term_string}"},"query-input":{"@type":"PropertyValueSpecification","valueRequired":true,"valueName":"search_term_string"}}],"inLanguage":"es"},{"@type":"Organization","@id":"https:\/\/entandem.cat\/#organization","name":"enT\u00e0ndem","url":"https:\/\/entandem.cat\/","logo":{"@type":"ImageObject","inLanguage":"es","@id":"https:\/\/entandem.cat\/#\/schema\/logo\/image\/","url":"https:\/\/entandem.cat\/wp-content\/uploads\/2016\/12\/logo-entandem.png","contentUrl":"https:\/\/entandem.cat\/wp-content\/uploads\/2016\/12\/logo-entandem.png","width":166,"height":44,"caption":"enT\u00e0ndem"},"image":{"@id":"https:\/\/entandem.cat\/#\/schema\/logo\/image\/"},"sameAs":["https:\/\/www.facebook.com\/afevcat","https:\/\/x.com\/afevcat","https:\/\/www.instagram.com\/afevcat\/"]},{"@type":"Person","@id":"https:\/\/entandem.cat\/#\/schema\/person\/2111428ce1954193a11054a1e2b5b0da","name":"adminTandem"}]}},"_links":{"self":[{"href":"https:\/\/entandem.cat\/es\/wp-json\/wp\/v2\/posts\/3817","targetHints":{"allow":["GET"]}}],"collection":[{"href":"https:\/\/entandem.cat\/es\/wp-json\/wp\/v2\/posts"}],"about":[{"href":"https:\/\/entandem.cat\/es\/wp-json\/wp\/v2\/types\/post"}],"author":[{"embeddable":true,"href":"https:\/\/entandem.cat\/es\/wp-json\/wp\/v2\/users\/1"}],"replies":[{"embeddable":true,"href":"https:\/\/entandem.cat\/es\/wp-json\/wp\/v2\/comments?post=3817"}],"version-history":[{"count":0,"href":"https:\/\/entandem.cat\/es\/wp-json\/wp\/v2\/posts\/3817\/revisions"}],"wp:featuredmedia":[{"embeddable":true,"href":"https:\/\/entandem.cat\/es\/wp-json\/wp\/v2\/media\/3805"}],"wp:attachment":[{"href":"https:\/\/entandem.cat\/es\/wp-json\/wp\/v2\/media?parent=3817"}],"wp:term":[{"taxonomy":"category","embeddable":true,"href":"https:\/\/entandem.cat\/es\/wp-json\/wp\/v2\/categories?post=3817"},{"taxonomy":"post_tag","embeddable":true,"href":"https:\/\/entandem.cat\/es\/wp-json\/wp\/v2\/tags?post=3817"}],"curies":[{"name":"wp","href":"https:\/\/api.w.org\/{rel}","templated":true}]}}