{"id":3794,"date":"2017-12-19T16:04:24","date_gmt":"2017-12-19T16:04:24","guid":{"rendered":"http:\/\/entandem.cat\/es\/actividades\/afev-10-anys-testimoni-de-monica-garcia\/"},"modified":"2020-09-15T14:22:34","modified_gmt":"2020-09-15T14:22:34","slug":"afev-10-anys-testimoni-de-monica-garcia","status":"publish","type":"post","link":"https:\/\/entandem.cat\/es\/testimonios\/afev-10-anys-testimoni-de-monica-garcia\/","title":{"rendered":"AFEV 10 anys testimoni de M\u00f3nica Garc\u00eda"},"content":{"rendered":"<h6>M\u00f3nica Garc\u00eda \u00e9s la mare d&#8217;una jove participannt al projecte, ens explica com la volunt\u00e0ria va cambiar la seva relaci\u00f3 amb la seva filla.<\/h6>\n<p>\u201cAl principi dubtava de la practicitat del projecte, per\u00f2 poc despr\u00e9s de con\u00e8ixer la Samantha, la noia<br \/>\nque li va ser assignada a la meva filla, tot va canviar. He de lloar i agrair el treball que va fer amb l\u2019Ariadna, que en aquells moments estava passant una etapa for\u00e7a dura. <strong>La Samantha va saber guanyar-se el seu afecte i la seva confian\u00e7a i gr\u00e0cies a ella vaig tornar a tenir una relaci\u00f3 de confian\u00e7a amb la meva filla.<\/strong> La va conduir cap a h\u00e0bits saludables d\u2019higiene, d\u2019estudis etc.<\/p>\n<p><img loading=\"lazy\" decoding=\"async\" class=\"wp-image-3789 alignleft\" src=\"https:\/\/entandem.cat\/wp-content\/uploads\/2017\/12\/Plaf\u00f311_Samantha-i-Ariadna3-1024x580.jpg\" alt=\"\" width=\"383\" height=\"217\" srcset=\"https:\/\/entandem.cat\/wp-content\/uploads\/2017\/12\/Plaf\u00f311_Samantha-i-Ariadna3-1024x580.jpg 1024w, https:\/\/entandem.cat\/wp-content\/uploads\/2017\/12\/Plaf\u00f311_Samantha-i-Ariadna3-300x170.jpg 300w, https:\/\/entandem.cat\/wp-content\/uploads\/2017\/12\/Plaf\u00f311_Samantha-i-Ariadna3-768x435.jpg 768w, https:\/\/entandem.cat\/wp-content\/uploads\/2017\/12\/Plaf\u00f311_Samantha-i-Ariadna3-560x317.jpg 560w, https:\/\/entandem.cat\/wp-content\/uploads\/2017\/12\/Plaf\u00f311_Samantha-i-Ariadna3.jpg 1271w\" sizes=\"auto, (max-width: 383px) 100vw, 383px\" \/><\/p>\n<p>Es va convertir en l\u2019element mediador en qualsevol problema entre la meva filla i jo, per\u00f2 sempre encaminant- la cap a la reflexi\u00f3. <strong>Vam tenir la sort de repetir dos anys consecutius amb ella i enfortir m\u00e9s la relaci\u00f3 entre nosaltres tres, perqu\u00e8 si b\u00e9 el programa es diu t\u00e0ndem, jo tamb\u00e9 m\u2019hi vaig sumar i ens vam convertir en un trio.<\/strong> \u00c9s un programa fant\u00e0stic creat per aquesta etapa tan dif\u00edcil de la pubertat on els pares ens convertim en enemics i els nostres fills estan mancats d\u2019un guia. Mil cops gr\u00e0cies per deixar-nos participar en el projecte i per proporcionar-nos aquesta fant\u00e0stica experi\u00e8ncia. \u201c<\/p>\n<p>&nbsp;<\/p>\n<p>&nbsp;<\/p>\n<p>&nbsp;<\/p>\n","protected":false},"excerpt":{"rendered":"<p>M\u00f3nica Garc\u00eda \u00e9s la mare d&#8217;una jove participannt al projecte, ens explica com la volunt\u00e0ria va cambiar la seva relaci\u00f3 amb la seva filla. \u201cAl principi dubtava de la practicitat del projecte, per\u00f2 poc despr\u00e9s de con\u00e8ixer la Samantha, la noia que li va ser assignada a la meva filla, tot va canviar. He de &hellip; <a href=\"https:\/\/entandem.cat\/es\/testimonios\/afev-10-anys-testimoni-de-monica-garcia\/\">Continued<\/a><\/p>\n","protected":false},"author":1,"featured_media":3788,"comment_status":"closed","ping_status":"open","sticky":false,"template":"","format":"standard","meta":{"footnotes":""},"categories":[742],"tags":[474,462,463,330,464,467,336,470,471,339,476],"class_list":["post-3794","post","type-post","status-publish","format-standard","has-post-thumbnail","hentry","category-testimonios","tag-acompanyament-educatiu-es","tag-acompanyaments-es","tag-adolescents-es","tag-afev-es","tag-autoestima-es","tag-entandem-es","tag-mentoria-social-es","tag-tandems-es","tag-testimoni-es","tag-voluntariat-social-es","tag-voluntaris-es"],"yoast_head":"<!-- This site is optimized with the Yoast SEO plugin v27.0 - https:\/\/yoast.com\/product\/yoast-seo-wordpress\/ -->\n<title>AFEV 10 anys testimoni de M\u00f3nica Garc\u00eda - enT\u00e0ndem<\/title>\n<meta name=\"robots\" content=\"index, follow, max-snippet:-1, max-image-preview:large, max-video-preview:-1\" \/>\n<link rel=\"canonical\" href=\"https:\/\/entandem.cat\/es\/testimonios\/afev-10-anys-testimoni-de-monica-garcia\/\" \/>\n<meta property=\"og:locale\" content=\"es_ES\" \/>\n<meta property=\"og:type\" content=\"article\" \/>\n<meta property=\"og:title\" content=\"AFEV 10 anys testimoni de M\u00f3nica Garc\u00eda - enT\u00e0ndem\" \/>\n<meta property=\"og:description\" content=\"M\u00f3nica Garc\u00eda \u00e9s la mare d&#8217;una jove participannt al projecte, ens explica com la volunt\u00e0ria va cambiar la seva relaci\u00f3 amb la seva filla. \u201cAl principi dubtava de la practicitat del projecte, per\u00f2 poc despr\u00e9s de con\u00e8ixer la Samantha, la noia que li va ser assignada a la meva filla, tot va canviar. He de &hellip; Continued\" \/>\n<meta property=\"og:url\" content=\"https:\/\/entandem.cat\/es\/testimonios\/afev-10-anys-testimoni-de-monica-garcia\/\" \/>\n<meta property=\"og:site_name\" content=\"enT\u00e0ndem\" \/>\n<meta property=\"article:publisher\" content=\"https:\/\/www.facebook.com\/afevcat\" \/>\n<meta property=\"article:published_time\" content=\"2017-12-19T16:04:24+00:00\" \/>\n<meta property=\"article:modified_time\" content=\"2020-09-15T14:22:34+00:00\" \/>\n<meta property=\"og:image\" content=\"https:\/\/entandem.cat\/wp-content\/uploads\/2017\/12\/Plaf\u00f311_Samantha-i-Ariadna-1024x681.jpg\" \/>\n\t<meta property=\"og:image:width\" content=\"1024\" \/>\n\t<meta property=\"og:image:height\" content=\"681\" \/>\n\t<meta property=\"og:image:type\" content=\"image\/jpeg\" \/>\n<meta name=\"author\" content=\"adminTandem\" \/>\n<meta name=\"twitter:card\" content=\"summary_large_image\" \/>\n<meta name=\"twitter:creator\" content=\"@afevcat\" \/>\n<meta name=\"twitter:site\" content=\"@afevcat\" \/>\n<meta name=\"twitter:label1\" content=\"Escrito por\" \/>\n\t<meta name=\"twitter:data1\" content=\"adminTandem\" \/>\n\t<meta name=\"twitter:label2\" content=\"Tiempo de lectura\" \/>\n\t<meta name=\"twitter:data2\" content=\"1 minuto\" \/>\n<script type=\"application\/ld+json\" class=\"yoast-schema-graph\">{\"@context\":\"https:\/\/schema.org\",\"@graph\":[{\"@type\":\"Article\",\"@id\":\"https:\/\/entandem.cat\/es\/testimonios\/afev-10-anys-testimoni-de-monica-garcia\/#article\",\"isPartOf\":{\"@id\":\"https:\/\/entandem.cat\/es\/testimonios\/afev-10-anys-testimoni-de-monica-garcia\/\"},\"author\":{\"name\":\"adminTandem\",\"@id\":\"https:\/\/entandem.cat\/#\/schema\/person\/2111428ce1954193a11054a1e2b5b0da\"},\"headline\":\"AFEV 10 anys testimoni de M\u00f3nica Garc\u00eda\",\"datePublished\":\"2017-12-19T16:04:24+00:00\",\"dateModified\":\"2020-09-15T14:22:34+00:00\",\"mainEntityOfPage\":{\"@id\":\"https:\/\/entandem.cat\/es\/testimonios\/afev-10-anys-testimoni-de-monica-garcia\/\"},\"wordCount\":253,\"publisher\":{\"@id\":\"https:\/\/entandem.cat\/#organization\"},\"image\":{\"@id\":\"https:\/\/entandem.cat\/es\/testimonios\/afev-10-anys-testimoni-de-monica-garcia\/#primaryimage\"},\"thumbnailUrl\":\"https:\/\/entandem.cat\/wp-content\/uploads\/2017\/12\/Plaf\u00f311_Samantha-i-Ariadna.jpg\",\"keywords\":[\"acompanyament educatiu\",\"acompanyaments\",\"adolescents\",\"afev\",\"autoestima\",\"entandem\",\"mentoria social\",\"t\u00e0ndems\",\"testimoni\",\"voluntariat social\",\"voluntaris\"],\"articleSection\":[\"Testimonios\"],\"inLanguage\":\"es\"},{\"@type\":\"WebPage\",\"@id\":\"https:\/\/entandem.cat\/es\/testimonios\/afev-10-anys-testimoni-de-monica-garcia\/\",\"url\":\"https:\/\/entandem.cat\/es\/testimonios\/afev-10-anys-testimoni-de-monica-garcia\/\",\"name\":\"AFEV 10 anys testimoni de M\u00f3nica Garc\u00eda - enT\u00e0ndem\",\"isPartOf\":{\"@id\":\"https:\/\/entandem.cat\/#website\"},\"primaryImageOfPage\":{\"@id\":\"https:\/\/entandem.cat\/es\/testimonios\/afev-10-anys-testimoni-de-monica-garcia\/#primaryimage\"},\"image\":{\"@id\":\"https:\/\/entandem.cat\/es\/testimonios\/afev-10-anys-testimoni-de-monica-garcia\/#primaryimage\"},\"thumbnailUrl\":\"https:\/\/entandem.cat\/wp-content\/uploads\/2017\/12\/Plaf\u00f311_Samantha-i-Ariadna.jpg\",\"datePublished\":\"2017-12-19T16:04:24+00:00\",\"dateModified\":\"2020-09-15T14:22:34+00:00\",\"breadcrumb\":{\"@id\":\"https:\/\/entandem.cat\/es\/testimonios\/afev-10-anys-testimoni-de-monica-garcia\/#breadcrumb\"},\"inLanguage\":\"es\",\"potentialAction\":[{\"@type\":\"ReadAction\",\"target\":[\"https:\/\/entandem.cat\/es\/testimonios\/afev-10-anys-testimoni-de-monica-garcia\/\"]}]},{\"@type\":\"ImageObject\",\"inLanguage\":\"es\",\"@id\":\"https:\/\/entandem.cat\/es\/testimonios\/afev-10-anys-testimoni-de-monica-garcia\/#primaryimage\",\"url\":\"https:\/\/entandem.cat\/wp-content\/uploads\/2017\/12\/Plaf\u00f311_Samantha-i-Ariadna.jpg\",\"contentUrl\":\"https:\/\/entandem.cat\/wp-content\/uploads\/2017\/12\/Plaf\u00f311_Samantha-i-Ariadna.jpg\",\"width\":6016,\"height\":4000},{\"@type\":\"BreadcrumbList\",\"@id\":\"https:\/\/entandem.cat\/es\/testimonios\/afev-10-anys-testimoni-de-monica-garcia\/#breadcrumb\",\"itemListElement\":[{\"@type\":\"ListItem\",\"position\":1,\"name\":\"Inici\",\"item\":\"https:\/\/entandem.cat\/es\/\"},{\"@type\":\"ListItem\",\"position\":2,\"name\":\"AFEV 10 anys testimoni de M\u00f3nica Garc\u00eda\"}]},{\"@type\":\"WebSite\",\"@id\":\"https:\/\/entandem.cat\/#website\",\"url\":\"https:\/\/entandem.cat\/\",\"name\":\"enT\u00e0ndem\",\"description\":\"Voluntariat Social Universitari\",\"publisher\":{\"@id\":\"https:\/\/entandem.cat\/#organization\"},\"potentialAction\":[{\"@type\":\"SearchAction\",\"target\":{\"@type\":\"EntryPoint\",\"urlTemplate\":\"https:\/\/entandem.cat\/?s={search_term_string}\"},\"query-input\":{\"@type\":\"PropertyValueSpecification\",\"valueRequired\":true,\"valueName\":\"search_term_string\"}}],\"inLanguage\":\"es\"},{\"@type\":\"Organization\",\"@id\":\"https:\/\/entandem.cat\/#organization\",\"name\":\"enT\u00e0ndem\",\"url\":\"https:\/\/entandem.cat\/\",\"logo\":{\"@type\":\"ImageObject\",\"inLanguage\":\"es\",\"@id\":\"https:\/\/entandem.cat\/#\/schema\/logo\/image\/\",\"url\":\"https:\/\/entandem.cat\/wp-content\/uploads\/2016\/12\/logo-entandem.png\",\"contentUrl\":\"https:\/\/entandem.cat\/wp-content\/uploads\/2016\/12\/logo-entandem.png\",\"width\":166,\"height\":44,\"caption\":\"enT\u00e0ndem\"},\"image\":{\"@id\":\"https:\/\/entandem.cat\/#\/schema\/logo\/image\/\"},\"sameAs\":[\"https:\/\/www.facebook.com\/afevcat\",\"https:\/\/x.com\/afevcat\",\"https:\/\/www.instagram.com\/afevcat\/\"]},{\"@type\":\"Person\",\"@id\":\"https:\/\/entandem.cat\/#\/schema\/person\/2111428ce1954193a11054a1e2b5b0da\",\"name\":\"adminTandem\"}]}<\/script>\n<!-- \/ Yoast SEO plugin. -->","yoast_head_json":{"title":"AFEV 10 anys testimoni de M\u00f3nica Garc\u00eda - enT\u00e0ndem","robots":{"index":"index","follow":"follow","max-snippet":"max-snippet:-1","max-image-preview":"max-image-preview:large","max-video-preview":"max-video-preview:-1"},"canonical":"https:\/\/entandem.cat\/es\/testimonios\/afev-10-anys-testimoni-de-monica-garcia\/","og_locale":"es_ES","og_type":"article","og_title":"AFEV 10 anys testimoni de M\u00f3nica Garc\u00eda - enT\u00e0ndem","og_description":"M\u00f3nica Garc\u00eda \u00e9s la mare d&#8217;una jove participannt al projecte, ens explica com la volunt\u00e0ria va cambiar la seva relaci\u00f3 amb la seva filla. \u201cAl principi dubtava de la practicitat del projecte, per\u00f2 poc despr\u00e9s de con\u00e8ixer la Samantha, la noia que li va ser assignada a la meva filla, tot va canviar. He de &hellip; Continued","og_url":"https:\/\/entandem.cat\/es\/testimonios\/afev-10-anys-testimoni-de-monica-garcia\/","og_site_name":"enT\u00e0ndem","article_publisher":"https:\/\/www.facebook.com\/afevcat","article_published_time":"2017-12-19T16:04:24+00:00","article_modified_time":"2020-09-15T14:22:34+00:00","og_image":[{"width":1024,"height":681,"url":"https:\/\/entandem.cat\/wp-content\/uploads\/2017\/12\/Plaf\u00f311_Samantha-i-Ariadna-1024x681.jpg","type":"image\/jpeg"}],"author":"adminTandem","twitter_card":"summary_large_image","twitter_creator":"@afevcat","twitter_site":"@afevcat","twitter_misc":{"Escrito por":"adminTandem","Tiempo de lectura":"1 minuto"},"schema":{"@context":"https:\/\/schema.org","@graph":[{"@type":"Article","@id":"https:\/\/entandem.cat\/es\/testimonios\/afev-10-anys-testimoni-de-monica-garcia\/#article","isPartOf":{"@id":"https:\/\/entandem.cat\/es\/testimonios\/afev-10-anys-testimoni-de-monica-garcia\/"},"author":{"name":"adminTandem","@id":"https:\/\/entandem.cat\/#\/schema\/person\/2111428ce1954193a11054a1e2b5b0da"},"headline":"AFEV 10 anys testimoni de M\u00f3nica Garc\u00eda","datePublished":"2017-12-19T16:04:24+00:00","dateModified":"2020-09-15T14:22:34+00:00","mainEntityOfPage":{"@id":"https:\/\/entandem.cat\/es\/testimonios\/afev-10-anys-testimoni-de-monica-garcia\/"},"wordCount":253,"publisher":{"@id":"https:\/\/entandem.cat\/#organization"},"image":{"@id":"https:\/\/entandem.cat\/es\/testimonios\/afev-10-anys-testimoni-de-monica-garcia\/#primaryimage"},"thumbnailUrl":"https:\/\/entandem.cat\/wp-content\/uploads\/2017\/12\/Plaf\u00f311_Samantha-i-Ariadna.jpg","keywords":["acompanyament educatiu","acompanyaments","adolescents","afev","autoestima","entandem","mentoria social","t\u00e0ndems","testimoni","voluntariat social","voluntaris"],"articleSection":["Testimonios"],"inLanguage":"es"},{"@type":"WebPage","@id":"https:\/\/entandem.cat\/es\/testimonios\/afev-10-anys-testimoni-de-monica-garcia\/","url":"https:\/\/entandem.cat\/es\/testimonios\/afev-10-anys-testimoni-de-monica-garcia\/","name":"AFEV 10 anys testimoni de M\u00f3nica Garc\u00eda - enT\u00e0ndem","isPartOf":{"@id":"https:\/\/entandem.cat\/#website"},"primaryImageOfPage":{"@id":"https:\/\/entandem.cat\/es\/testimonios\/afev-10-anys-testimoni-de-monica-garcia\/#primaryimage"},"image":{"@id":"https:\/\/entandem.cat\/es\/testimonios\/afev-10-anys-testimoni-de-monica-garcia\/#primaryimage"},"thumbnailUrl":"https:\/\/entandem.cat\/wp-content\/uploads\/2017\/12\/Plaf\u00f311_Samantha-i-Ariadna.jpg","datePublished":"2017-12-19T16:04:24+00:00","dateModified":"2020-09-15T14:22:34+00:00","breadcrumb":{"@id":"https:\/\/entandem.cat\/es\/testimonios\/afev-10-anys-testimoni-de-monica-garcia\/#breadcrumb"},"inLanguage":"es","potentialAction":[{"@type":"ReadAction","target":["https:\/\/entandem.cat\/es\/testimonios\/afev-10-anys-testimoni-de-monica-garcia\/"]}]},{"@type":"ImageObject","inLanguage":"es","@id":"https:\/\/entandem.cat\/es\/testimonios\/afev-10-anys-testimoni-de-monica-garcia\/#primaryimage","url":"https:\/\/entandem.cat\/wp-content\/uploads\/2017\/12\/Plaf\u00f311_Samantha-i-Ariadna.jpg","contentUrl":"https:\/\/entandem.cat\/wp-content\/uploads\/2017\/12\/Plaf\u00f311_Samantha-i-Ariadna.jpg","width":6016,"height":4000},{"@type":"BreadcrumbList","@id":"https:\/\/entandem.cat\/es\/testimonios\/afev-10-anys-testimoni-de-monica-garcia\/#breadcrumb","itemListElement":[{"@type":"ListItem","position":1,"name":"Inici","item":"https:\/\/entandem.cat\/es\/"},{"@type":"ListItem","position":2,"name":"AFEV 10 anys testimoni de M\u00f3nica Garc\u00eda"}]},{"@type":"WebSite","@id":"https:\/\/entandem.cat\/#website","url":"https:\/\/entandem.cat\/","name":"enT\u00e0ndem","description":"Voluntariat Social Universitari","publisher":{"@id":"https:\/\/entandem.cat\/#organization"},"potentialAction":[{"@type":"SearchAction","target":{"@type":"EntryPoint","urlTemplate":"https:\/\/entandem.cat\/?s={search_term_string}"},"query-input":{"@type":"PropertyValueSpecification","valueRequired":true,"valueName":"search_term_string"}}],"inLanguage":"es"},{"@type":"Organization","@id":"https:\/\/entandem.cat\/#organization","name":"enT\u00e0ndem","url":"https:\/\/entandem.cat\/","logo":{"@type":"ImageObject","inLanguage":"es","@id":"https:\/\/entandem.cat\/#\/schema\/logo\/image\/","url":"https:\/\/entandem.cat\/wp-content\/uploads\/2016\/12\/logo-entandem.png","contentUrl":"https:\/\/entandem.cat\/wp-content\/uploads\/2016\/12\/logo-entandem.png","width":166,"height":44,"caption":"enT\u00e0ndem"},"image":{"@id":"https:\/\/entandem.cat\/#\/schema\/logo\/image\/"},"sameAs":["https:\/\/www.facebook.com\/afevcat","https:\/\/x.com\/afevcat","https:\/\/www.instagram.com\/afevcat\/"]},{"@type":"Person","@id":"https:\/\/entandem.cat\/#\/schema\/person\/2111428ce1954193a11054a1e2b5b0da","name":"adminTandem"}]}},"_links":{"self":[{"href":"https:\/\/entandem.cat\/es\/wp-json\/wp\/v2\/posts\/3794","targetHints":{"allow":["GET"]}}],"collection":[{"href":"https:\/\/entandem.cat\/es\/wp-json\/wp\/v2\/posts"}],"about":[{"href":"https:\/\/entandem.cat\/es\/wp-json\/wp\/v2\/types\/post"}],"author":[{"embeddable":true,"href":"https:\/\/entandem.cat\/es\/wp-json\/wp\/v2\/users\/1"}],"replies":[{"embeddable":true,"href":"https:\/\/entandem.cat\/es\/wp-json\/wp\/v2\/comments?post=3794"}],"version-history":[{"count":0,"href":"https:\/\/entandem.cat\/es\/wp-json\/wp\/v2\/posts\/3794\/revisions"}],"wp:featuredmedia":[{"embeddable":true,"href":"https:\/\/entandem.cat\/es\/wp-json\/wp\/v2\/media\/3788"}],"wp:attachment":[{"href":"https:\/\/entandem.cat\/es\/wp-json\/wp\/v2\/media?parent=3794"}],"wp:term":[{"taxonomy":"category","embeddable":true,"href":"https:\/\/entandem.cat\/es\/wp-json\/wp\/v2\/categories?post=3794"},{"taxonomy":"post_tag","embeddable":true,"href":"https:\/\/entandem.cat\/es\/wp-json\/wp\/v2\/tags?post=3794"}],"curies":[{"name":"wp","href":"https:\/\/api.w.org\/{rel}","templated":true}]}}