{"id":3764,"date":"2017-12-27T16:00:46","date_gmt":"2017-12-27T16:00:46","guid":{"rendered":"http:\/\/entandem.cat\/es\/actividades\/afev-10-anys-testimoni-de-la-maria-ferrer\/"},"modified":"2020-09-15T14:22:31","modified_gmt":"2020-09-15T14:22:31","slug":"afev-10-anys-testimoni-de-la-maria-ferrer","status":"publish","type":"post","link":"https:\/\/entandem.cat\/es\/testimonios\/afev-10-anys-testimoni-de-la-maria-ferrer\/","title":{"rendered":"AFEV 10 anys testimoni de la Maria Ferrer"},"content":{"rendered":"<h6><strong>La Maria va ser volunt\u00e0ria a l&#8217;AFEV al barri de Poblenou i comparteix amb nosaltres el seu testimoni.<\/strong><\/h6>\n<p>\u00abL\u2019associaci\u00f3 AFEV \u00e9s una organitzaci\u00f3 formada per un col\u00b7lectiu de gent que posa en contacte a joves universitaris i adolescents en risc d&#8217;exclusi\u00f3, facilitant que formin vincles entre ells en grups de dos.<\/p>\n<p>En el meu cas concret vaig rec\u00f3rrer a aquesta organitzaci\u00f3 perqu\u00e8 l&#8217;etapa adolescent em produeix curiositat i neguit. Conec i comprenc la complexitat d&#8217;aquesta i em vaig sentir amb ganes d&#8217;apropar-m&#8217;hi per intentar acompanyar i aportar el punt de vista propi, ajudant a alg\u00fa que estigu\u00e9s passant per aquesta fase tan trontollosa.<\/p>\n<p><img loading=\"lazy\" decoding=\"async\" class=\"wp-image-3756 alignleft\" src=\"https:\/\/entandem.cat\/wp-content\/uploads\/2017\/12\/Plaf\u00f309_Maria-Ferrer2.jpg\" alt=\"\" width=\"268\" height=\"201\" srcset=\"https:\/\/entandem.cat\/wp-content\/uploads\/2017\/12\/Plaf\u00f309_Maria-Ferrer2.jpg 500w, https:\/\/entandem.cat\/wp-content\/uploads\/2017\/12\/Plaf\u00f309_Maria-Ferrer2-300x225.jpg 300w\" sizes=\"auto, (max-width: 268px) 100vw, 268px\" \/><\/p>\n<p><strong>El Roell i jo vam resultar ser un t\u00e0ndem genial. Vam aprendre a conviure. Vam riure molt, vam tenir converses importants, v<\/strong><strong>am aprendre a valorar des de les coses m\u00e9s senzilles fins a les m\u00e9s importants, i tamb\u00e9 vam discutir una mica! <\/strong><strong>Ell va sumar en mi, i em prenc la llibertat de dir que tamb\u00e9 vaig sumar en ell.<\/strong><\/p>\n<p>Si b\u00e9 tenir l&#8217;oportunitat d&#8217;influir en un adolescent, gaudint de totes les coses positives que et pot aportar, i gestionant les situacions dificultoses, \u00e9s \u00fanic. Veure els resultats del constant refor\u00e7 positiu \u00e9s m\u00e0gic.<\/p>\n<p><strong>\u00c9s una finestra oberta en la via d&#8217;una altra persona, de qui t&#8217;has de guanyar la confian\u00e7a per tal d&#8217;ajudar-lo a gestionar les emocions tan pr\u00f2pies de l&#8217;edat com s\u00f3n el sentiment de soledat, la identitat personal o l&#8217;autoestima.<\/strong><\/p>\n<p>Tenint clara la finalitat del projecte, el rol que et toca desenvolupar i el cam\u00ed a seguir, sense cap dubte recomano a tot universitari a motivar-se a viure aquesta experi\u00e8ncia, aportant les seves pr\u00f2pies eines i perspectiva, i permetent-se l&#8217;oportunitat de cr\u00e9ixer acompanyat d&#8217;una personeta que a la vegada forma el seu cam\u00ed per a ser adulta.<\/p>\n<p>Un cop fora del projecte i donant un cop d&#8217;ull al passat, sento plena gratitud cap a AFEV per donar-me l&#8217;oportunitat de participar i viure en primera persona tota aquesta explosi\u00f3 d&#8217;emocions.\u00bb<\/p>\n","protected":false},"excerpt":{"rendered":"<p>La Maria va ser volunt\u00e0ria a l&#8217;AFEV al barri de Poblenou i comparteix amb nosaltres el seu testimoni. \u00abL\u2019associaci\u00f3 AFEV \u00e9s una organitzaci\u00f3 formada per un col\u00b7lectiu de gent que posa en contacte a joves universitaris i adolescents en risc d&#8217;exclusi\u00f3, facilitant que formin vincles entre ells en grups de dos. En el meu cas &hellip; <a href=\"https:\/\/entandem.cat\/es\/testimonios\/afev-10-anys-testimoni-de-la-maria-ferrer\/\">Continued<\/a><\/p>\n","protected":false},"author":1,"featured_media":3754,"comment_status":"closed","ping_status":"open","sticky":false,"template":"","format":"standard","meta":{"footnotes":""},"categories":[742],"tags":[474,462,463,330,464,467,336,470,471,339,476],"class_list":["post-3764","post","type-post","status-publish","format-standard","has-post-thumbnail","hentry","category-testimonios","tag-acompanyament-educatiu-es","tag-acompanyaments-es","tag-adolescents-es","tag-afev-es","tag-autoestima-es","tag-entandem-es","tag-mentoria-social-es","tag-tandems-es","tag-testimoni-es","tag-voluntariat-social-es","tag-voluntaris-es"],"yoast_head":"<!-- This site is optimized with the Yoast SEO plugin v27.0 - https:\/\/yoast.com\/product\/yoast-seo-wordpress\/ -->\n<title>AFEV 10 anys testimoni de la Maria Ferrer - enT\u00e0ndem<\/title>\n<meta name=\"robots\" content=\"index, follow, max-snippet:-1, max-image-preview:large, max-video-preview:-1\" \/>\n<link rel=\"canonical\" href=\"https:\/\/entandem.cat\/es\/testimonios\/afev-10-anys-testimoni-de-la-maria-ferrer\/\" \/>\n<meta property=\"og:locale\" content=\"es_ES\" \/>\n<meta property=\"og:type\" content=\"article\" \/>\n<meta property=\"og:title\" content=\"AFEV 10 anys testimoni de la Maria Ferrer - enT\u00e0ndem\" \/>\n<meta property=\"og:description\" content=\"La Maria va ser volunt\u00e0ria a l&#8217;AFEV al barri de Poblenou i comparteix amb nosaltres el seu testimoni. \u00abL\u2019associaci\u00f3 AFEV \u00e9s una organitzaci\u00f3 formada per un col\u00b7lectiu de gent que posa en contacte a joves universitaris i adolescents en risc d&#8217;exclusi\u00f3, facilitant que formin vincles entre ells en grups de dos. En el meu cas &hellip; Continued\" \/>\n<meta property=\"og:url\" content=\"https:\/\/entandem.cat\/es\/testimonios\/afev-10-anys-testimoni-de-la-maria-ferrer\/\" \/>\n<meta property=\"og:site_name\" content=\"enT\u00e0ndem\" \/>\n<meta property=\"article:publisher\" content=\"https:\/\/www.facebook.com\/afevcat\" \/>\n<meta property=\"article:published_time\" content=\"2017-12-27T16:00:46+00:00\" \/>\n<meta property=\"article:modified_time\" content=\"2020-09-15T14:22:31+00:00\" \/>\n<meta property=\"og:image\" content=\"https:\/\/entandem.cat\/wp-content\/uploads\/2017\/12\/Plaf\u00f309_Maria-Ferrer1.jpg\" \/>\n\t<meta property=\"og:image:width\" content=\"880\" \/>\n\t<meta property=\"og:image:height\" content=\"587\" \/>\n\t<meta property=\"og:image:type\" content=\"image\/jpeg\" \/>\n<meta name=\"author\" content=\"adminTandem\" \/>\n<meta name=\"twitter:card\" content=\"summary_large_image\" \/>\n<meta name=\"twitter:creator\" content=\"@afevcat\" \/>\n<meta name=\"twitter:site\" content=\"@afevcat\" \/>\n<meta name=\"twitter:label1\" content=\"Escrito por\" \/>\n\t<meta name=\"twitter:data1\" content=\"adminTandem\" \/>\n\t<meta name=\"twitter:label2\" content=\"Tiempo de lectura\" \/>\n\t<meta name=\"twitter:data2\" content=\"2 minutos\" \/>\n<script type=\"application\/ld+json\" class=\"yoast-schema-graph\">{\"@context\":\"https:\/\/schema.org\",\"@graph\":[{\"@type\":\"Article\",\"@id\":\"https:\/\/entandem.cat\/es\/testimonios\/afev-10-anys-testimoni-de-la-maria-ferrer\/#article\",\"isPartOf\":{\"@id\":\"https:\/\/entandem.cat\/es\/testimonios\/afev-10-anys-testimoni-de-la-maria-ferrer\/\"},\"author\":{\"name\":\"adminTandem\",\"@id\":\"https:\/\/entandem.cat\/#\/schema\/person\/2111428ce1954193a11054a1e2b5b0da\"},\"headline\":\"AFEV 10 anys testimoni de la Maria Ferrer\",\"datePublished\":\"2017-12-27T16:00:46+00:00\",\"dateModified\":\"2020-09-15T14:22:31+00:00\",\"mainEntityOfPage\":{\"@id\":\"https:\/\/entandem.cat\/es\/testimonios\/afev-10-anys-testimoni-de-la-maria-ferrer\/\"},\"wordCount\":366,\"publisher\":{\"@id\":\"https:\/\/entandem.cat\/#organization\"},\"image\":{\"@id\":\"https:\/\/entandem.cat\/es\/testimonios\/afev-10-anys-testimoni-de-la-maria-ferrer\/#primaryimage\"},\"thumbnailUrl\":\"https:\/\/entandem.cat\/wp-content\/uploads\/2017\/12\/Plaf\u00f309_Maria-Ferrer1.jpg\",\"keywords\":[\"acompanyament educatiu\",\"acompanyaments\",\"adolescents\",\"afev\",\"autoestima\",\"entandem\",\"mentoria social\",\"t\u00e0ndems\",\"testimoni\",\"voluntariat social\",\"voluntaris\"],\"articleSection\":[\"Testimonios\"],\"inLanguage\":\"es\"},{\"@type\":\"WebPage\",\"@id\":\"https:\/\/entandem.cat\/es\/testimonios\/afev-10-anys-testimoni-de-la-maria-ferrer\/\",\"url\":\"https:\/\/entandem.cat\/es\/testimonios\/afev-10-anys-testimoni-de-la-maria-ferrer\/\",\"name\":\"AFEV 10 anys testimoni de la Maria Ferrer - enT\u00e0ndem\",\"isPartOf\":{\"@id\":\"https:\/\/entandem.cat\/#website\"},\"primaryImageOfPage\":{\"@id\":\"https:\/\/entandem.cat\/es\/testimonios\/afev-10-anys-testimoni-de-la-maria-ferrer\/#primaryimage\"},\"image\":{\"@id\":\"https:\/\/entandem.cat\/es\/testimonios\/afev-10-anys-testimoni-de-la-maria-ferrer\/#primaryimage\"},\"thumbnailUrl\":\"https:\/\/entandem.cat\/wp-content\/uploads\/2017\/12\/Plaf\u00f309_Maria-Ferrer1.jpg\",\"datePublished\":\"2017-12-27T16:00:46+00:00\",\"dateModified\":\"2020-09-15T14:22:31+00:00\",\"breadcrumb\":{\"@id\":\"https:\/\/entandem.cat\/es\/testimonios\/afev-10-anys-testimoni-de-la-maria-ferrer\/#breadcrumb\"},\"inLanguage\":\"es\",\"potentialAction\":[{\"@type\":\"ReadAction\",\"target\":[\"https:\/\/entandem.cat\/es\/testimonios\/afev-10-anys-testimoni-de-la-maria-ferrer\/\"]}]},{\"@type\":\"ImageObject\",\"inLanguage\":\"es\",\"@id\":\"https:\/\/entandem.cat\/es\/testimonios\/afev-10-anys-testimoni-de-la-maria-ferrer\/#primaryimage\",\"url\":\"https:\/\/entandem.cat\/wp-content\/uploads\/2017\/12\/Plaf\u00f309_Maria-Ferrer1.jpg\",\"contentUrl\":\"https:\/\/entandem.cat\/wp-content\/uploads\/2017\/12\/Plaf\u00f309_Maria-Ferrer1.jpg\",\"width\":880,\"height\":587},{\"@type\":\"BreadcrumbList\",\"@id\":\"https:\/\/entandem.cat\/es\/testimonios\/afev-10-anys-testimoni-de-la-maria-ferrer\/#breadcrumb\",\"itemListElement\":[{\"@type\":\"ListItem\",\"position\":1,\"name\":\"Inici\",\"item\":\"https:\/\/entandem.cat\/es\/\"},{\"@type\":\"ListItem\",\"position\":2,\"name\":\"AFEV 10 anys testimoni de la Maria Ferrer\"}]},{\"@type\":\"WebSite\",\"@id\":\"https:\/\/entandem.cat\/#website\",\"url\":\"https:\/\/entandem.cat\/\",\"name\":\"enT\u00e0ndem\",\"description\":\"Voluntariat Social Universitari\",\"publisher\":{\"@id\":\"https:\/\/entandem.cat\/#organization\"},\"potentialAction\":[{\"@type\":\"SearchAction\",\"target\":{\"@type\":\"EntryPoint\",\"urlTemplate\":\"https:\/\/entandem.cat\/?s={search_term_string}\"},\"query-input\":{\"@type\":\"PropertyValueSpecification\",\"valueRequired\":true,\"valueName\":\"search_term_string\"}}],\"inLanguage\":\"es\"},{\"@type\":\"Organization\",\"@id\":\"https:\/\/entandem.cat\/#organization\",\"name\":\"enT\u00e0ndem\",\"url\":\"https:\/\/entandem.cat\/\",\"logo\":{\"@type\":\"ImageObject\",\"inLanguage\":\"es\",\"@id\":\"https:\/\/entandem.cat\/#\/schema\/logo\/image\/\",\"url\":\"https:\/\/entandem.cat\/wp-content\/uploads\/2016\/12\/logo-entandem.png\",\"contentUrl\":\"https:\/\/entandem.cat\/wp-content\/uploads\/2016\/12\/logo-entandem.png\",\"width\":166,\"height\":44,\"caption\":\"enT\u00e0ndem\"},\"image\":{\"@id\":\"https:\/\/entandem.cat\/#\/schema\/logo\/image\/\"},\"sameAs\":[\"https:\/\/www.facebook.com\/afevcat\",\"https:\/\/x.com\/afevcat\",\"https:\/\/www.instagram.com\/afevcat\/\"]},{\"@type\":\"Person\",\"@id\":\"https:\/\/entandem.cat\/#\/schema\/person\/2111428ce1954193a11054a1e2b5b0da\",\"name\":\"adminTandem\"}]}<\/script>\n<!-- \/ Yoast SEO plugin. -->","yoast_head_json":{"title":"AFEV 10 anys testimoni de la Maria Ferrer - enT\u00e0ndem","robots":{"index":"index","follow":"follow","max-snippet":"max-snippet:-1","max-image-preview":"max-image-preview:large","max-video-preview":"max-video-preview:-1"},"canonical":"https:\/\/entandem.cat\/es\/testimonios\/afev-10-anys-testimoni-de-la-maria-ferrer\/","og_locale":"es_ES","og_type":"article","og_title":"AFEV 10 anys testimoni de la Maria Ferrer - enT\u00e0ndem","og_description":"La Maria va ser volunt\u00e0ria a l&#8217;AFEV al barri de Poblenou i comparteix amb nosaltres el seu testimoni. \u00abL\u2019associaci\u00f3 AFEV \u00e9s una organitzaci\u00f3 formada per un col\u00b7lectiu de gent que posa en contacte a joves universitaris i adolescents en risc d&#8217;exclusi\u00f3, facilitant que formin vincles entre ells en grups de dos. En el meu cas &hellip; Continued","og_url":"https:\/\/entandem.cat\/es\/testimonios\/afev-10-anys-testimoni-de-la-maria-ferrer\/","og_site_name":"enT\u00e0ndem","article_publisher":"https:\/\/www.facebook.com\/afevcat","article_published_time":"2017-12-27T16:00:46+00:00","article_modified_time":"2020-09-15T14:22:31+00:00","og_image":[{"width":880,"height":587,"url":"https:\/\/entandem.cat\/wp-content\/uploads\/2017\/12\/Plaf\u00f309_Maria-Ferrer1.jpg","type":"image\/jpeg"}],"author":"adminTandem","twitter_card":"summary_large_image","twitter_creator":"@afevcat","twitter_site":"@afevcat","twitter_misc":{"Escrito por":"adminTandem","Tiempo de lectura":"2 minutos"},"schema":{"@context":"https:\/\/schema.org","@graph":[{"@type":"Article","@id":"https:\/\/entandem.cat\/es\/testimonios\/afev-10-anys-testimoni-de-la-maria-ferrer\/#article","isPartOf":{"@id":"https:\/\/entandem.cat\/es\/testimonios\/afev-10-anys-testimoni-de-la-maria-ferrer\/"},"author":{"name":"adminTandem","@id":"https:\/\/entandem.cat\/#\/schema\/person\/2111428ce1954193a11054a1e2b5b0da"},"headline":"AFEV 10 anys testimoni de la Maria Ferrer","datePublished":"2017-12-27T16:00:46+00:00","dateModified":"2020-09-15T14:22:31+00:00","mainEntityOfPage":{"@id":"https:\/\/entandem.cat\/es\/testimonios\/afev-10-anys-testimoni-de-la-maria-ferrer\/"},"wordCount":366,"publisher":{"@id":"https:\/\/entandem.cat\/#organization"},"image":{"@id":"https:\/\/entandem.cat\/es\/testimonios\/afev-10-anys-testimoni-de-la-maria-ferrer\/#primaryimage"},"thumbnailUrl":"https:\/\/entandem.cat\/wp-content\/uploads\/2017\/12\/Plaf\u00f309_Maria-Ferrer1.jpg","keywords":["acompanyament educatiu","acompanyaments","adolescents","afev","autoestima","entandem","mentoria social","t\u00e0ndems","testimoni","voluntariat social","voluntaris"],"articleSection":["Testimonios"],"inLanguage":"es"},{"@type":"WebPage","@id":"https:\/\/entandem.cat\/es\/testimonios\/afev-10-anys-testimoni-de-la-maria-ferrer\/","url":"https:\/\/entandem.cat\/es\/testimonios\/afev-10-anys-testimoni-de-la-maria-ferrer\/","name":"AFEV 10 anys testimoni de la Maria Ferrer - enT\u00e0ndem","isPartOf":{"@id":"https:\/\/entandem.cat\/#website"},"primaryImageOfPage":{"@id":"https:\/\/entandem.cat\/es\/testimonios\/afev-10-anys-testimoni-de-la-maria-ferrer\/#primaryimage"},"image":{"@id":"https:\/\/entandem.cat\/es\/testimonios\/afev-10-anys-testimoni-de-la-maria-ferrer\/#primaryimage"},"thumbnailUrl":"https:\/\/entandem.cat\/wp-content\/uploads\/2017\/12\/Plaf\u00f309_Maria-Ferrer1.jpg","datePublished":"2017-12-27T16:00:46+00:00","dateModified":"2020-09-15T14:22:31+00:00","breadcrumb":{"@id":"https:\/\/entandem.cat\/es\/testimonios\/afev-10-anys-testimoni-de-la-maria-ferrer\/#breadcrumb"},"inLanguage":"es","potentialAction":[{"@type":"ReadAction","target":["https:\/\/entandem.cat\/es\/testimonios\/afev-10-anys-testimoni-de-la-maria-ferrer\/"]}]},{"@type":"ImageObject","inLanguage":"es","@id":"https:\/\/entandem.cat\/es\/testimonios\/afev-10-anys-testimoni-de-la-maria-ferrer\/#primaryimage","url":"https:\/\/entandem.cat\/wp-content\/uploads\/2017\/12\/Plaf\u00f309_Maria-Ferrer1.jpg","contentUrl":"https:\/\/entandem.cat\/wp-content\/uploads\/2017\/12\/Plaf\u00f309_Maria-Ferrer1.jpg","width":880,"height":587},{"@type":"BreadcrumbList","@id":"https:\/\/entandem.cat\/es\/testimonios\/afev-10-anys-testimoni-de-la-maria-ferrer\/#breadcrumb","itemListElement":[{"@type":"ListItem","position":1,"name":"Inici","item":"https:\/\/entandem.cat\/es\/"},{"@type":"ListItem","position":2,"name":"AFEV 10 anys testimoni de la Maria Ferrer"}]},{"@type":"WebSite","@id":"https:\/\/entandem.cat\/#website","url":"https:\/\/entandem.cat\/","name":"enT\u00e0ndem","description":"Voluntariat Social Universitari","publisher":{"@id":"https:\/\/entandem.cat\/#organization"},"potentialAction":[{"@type":"SearchAction","target":{"@type":"EntryPoint","urlTemplate":"https:\/\/entandem.cat\/?s={search_term_string}"},"query-input":{"@type":"PropertyValueSpecification","valueRequired":true,"valueName":"search_term_string"}}],"inLanguage":"es"},{"@type":"Organization","@id":"https:\/\/entandem.cat\/#organization","name":"enT\u00e0ndem","url":"https:\/\/entandem.cat\/","logo":{"@type":"ImageObject","inLanguage":"es","@id":"https:\/\/entandem.cat\/#\/schema\/logo\/image\/","url":"https:\/\/entandem.cat\/wp-content\/uploads\/2016\/12\/logo-entandem.png","contentUrl":"https:\/\/entandem.cat\/wp-content\/uploads\/2016\/12\/logo-entandem.png","width":166,"height":44,"caption":"enT\u00e0ndem"},"image":{"@id":"https:\/\/entandem.cat\/#\/schema\/logo\/image\/"},"sameAs":["https:\/\/www.facebook.com\/afevcat","https:\/\/x.com\/afevcat","https:\/\/www.instagram.com\/afevcat\/"]},{"@type":"Person","@id":"https:\/\/entandem.cat\/#\/schema\/person\/2111428ce1954193a11054a1e2b5b0da","name":"adminTandem"}]}},"_links":{"self":[{"href":"https:\/\/entandem.cat\/es\/wp-json\/wp\/v2\/posts\/3764","targetHints":{"allow":["GET"]}}],"collection":[{"href":"https:\/\/entandem.cat\/es\/wp-json\/wp\/v2\/posts"}],"about":[{"href":"https:\/\/entandem.cat\/es\/wp-json\/wp\/v2\/types\/post"}],"author":[{"embeddable":true,"href":"https:\/\/entandem.cat\/es\/wp-json\/wp\/v2\/users\/1"}],"replies":[{"embeddable":true,"href":"https:\/\/entandem.cat\/es\/wp-json\/wp\/v2\/comments?post=3764"}],"version-history":[{"count":0,"href":"https:\/\/entandem.cat\/es\/wp-json\/wp\/v2\/posts\/3764\/revisions"}],"wp:featuredmedia":[{"embeddable":true,"href":"https:\/\/entandem.cat\/es\/wp-json\/wp\/v2\/media\/3754"}],"wp:attachment":[{"href":"https:\/\/entandem.cat\/es\/wp-json\/wp\/v2\/media?parent=3764"}],"wp:term":[{"taxonomy":"category","embeddable":true,"href":"https:\/\/entandem.cat\/es\/wp-json\/wp\/v2\/categories?post=3764"},{"taxonomy":"post_tag","embeddable":true,"href":"https:\/\/entandem.cat\/es\/wp-json\/wp\/v2\/tags?post=3764"}],"curies":[{"name":"wp","href":"https:\/\/api.w.org\/{rel}","templated":true}]}}