{"id":3645,"date":"2017-12-29T09:49:35","date_gmt":"2017-12-29T09:49:35","guid":{"rendered":"http:\/\/entandem.cat\/es\/actividades\/10-anys-de-lluita-contra-les-desigualtats-amb-lafev-catalunya\/"},"modified":"2018-01-17T11:47:56","modified_gmt":"2018-01-17T11:47:56","slug":"10-anys-de-lluita-contra-les-desigualtats-amb-lafev-catalunya","status":"publish","type":"post","link":"https:\/\/entandem.cat\/es\/sabias-que\/10-anys-de-lluita-contra-les-desigualtats-amb-lafev-catalunya\/","title":{"rendered":"10 anys de lluita contra les desigualtats amb l&#8217;AFEV a Catalunya"},"content":{"rendered":"<h5><strong>A l\u2019AFEV Catalunya celebrem el 2018, una d\u00e8cada de la nostra arribada a Catalunya i d&#8217;enT\u00e0ndem, un projecte que connecta voluntaris universitaris amb joves i infants en situaci\u00f3 de dificultat.\u00a0<\/strong><strong> En tot aquest temps, enT\u00e0ndem ha implicat la realitzaci\u00f3 de 62.000 hores de voluntariat i ha enlla\u00e7at 925 t\u00e0ndems i volem agrair totes les persones que any rere any, ho fan possible. Per aquesta ocasi\u00f3, inaugurem el <\/strong><strong>16 de gener <\/strong><strong>a l\u2019Espai Jove Fontana de Barcelona, l\u2019exposici\u00f3 commemorativa \u00ab10 anys connectant joves i lluitant contra les desigualtats\u00bb.<br \/>\n <\/strong><\/h5>\n<p><strong>\u00a0<\/strong><\/p>\n<h4><strong>enT\u00e0ndem, un projecte exit\u00f3s<\/strong><\/h4>\n<p>Despr\u00e9s de 10 anys, els joves beneficiaris del programa el valoren molt positivament: en les avaluacions realitzades posteriorment als t\u00e0ndems, <strong>un 97% dels joves i infants participants manifesten sentir-se satisfets amb l\u2019acompanyament i un 89% ha millorat en aspectes <\/strong><strong>com l&#8217;autoestima, la motivaci\u00f3 i les habilitats socials i\/o de relaci\u00f3, a m\u00e9s de percebre canvis a nivell acad\u00e8mic<\/strong>. Els infants i joves asseguren tamb\u00e9 que despr\u00e9s del programa els agrada m\u00e9s aprendre i tenen m\u00e9s ganes d&#8217;anar a l&#8217;escola (34%) i tamb\u00e9 que participen m\u00e9s a classe (15%).<\/p>\n<p>Per la seva banda, un 86% de les fam\u00edlies pensen tamb\u00e9 que l\u2019acompanyament ha estat molt positiu per al seu fill o filla. La intervenci\u00f3 dels voluntaris pret\u00e9n reduir les fractures (socials, culturals, c\u00edviques, etc.) de la nostra societat, que afecten sobretot els infants i joves que es troben en risc d&#8217;exclusi\u00f3 social o que passen per un moment de dificultat.<\/p>\n<p>&nbsp;<\/p>\n<h4><strong>La lluita contra l\u2019exclusi\u00f3<\/strong><\/h4>\n<p><strong>A Catalunya, 1 de cada 3 infants, <\/strong><strong>\u00e9s a dir, vora mig mili\u00f3 de nenes i nens, <\/strong><strong>viu per sota del llindar de la pobresa<\/strong>. La meitat d\u2019aquests, a m\u00e9s, es troben en situaci\u00f3 de pobresa severa. Per altra banda, <strong>1 de cada 5 infants abandona el sistema educatiu prematurament<\/strong>. Dues xifres que estan directament relacionades, ja que com avalen molts estudis, els infants i joves que viuen en condicions desfavorables es veuen limitats en l\u2019acc\u00e9s a les oportunitats educatives, laborals i sanit\u00e0ries, i la reducci\u00f3 d\u2019oportunitats condiciona de manera decisiva l\u2019\u00e8xit escolar de l\u2019infant\/jove, circumst\u00e0ncia que despr\u00e9s es manifesta en l\u2019abandonament escolar, el no-assoliment de les compet\u00e8ncies b\u00e0siques, l\u2019absentisme escolar, les dificultats d\u2019aprenentatge o la repetici\u00f3 escolar.<\/p>\n<p>A trav\u00e9s del nostre projecte, volem abordar aquesta realitat defugint an\u00e0lisis individualitzadores i culpabilitzadores que sovint tendeixen a situar la responsabilitat \u00faltima d\u2019aquest fenomen en qui la pateix, \u00e9s a dir, en els infants, i parant atenci\u00f3 a les arrels estructurals del problema: ubicant la problem\u00e0tica en un context m\u00e9s ampli que q\u00fcestioni les estructures socials i educatives que el generen.<\/p>\n<h4>\u00a0<\/h4>\n<h4><strong>10 anys: exposici\u00f3 commemorativa i nous reptes de futur el 16 de gener<\/strong><\/h4>\n<p>AFEV celebrarem a partir d\u2019aquest mes de gener aquests 10 anys d\u2019hist\u00f2ria amb diverses cites.<\/p>\n<p>El 16 de gener els actes commemoratius arrencaran amb la inauguraci\u00f3, <strong>a l\u2019Espai Jove Fontana de Barcelona, de l\u2019exposici\u00f3 \u00ab10 anys connectant joves i lluitant contra les desigualtats\u00bb<\/strong>, on s\u2019explica la hist\u00f2ria de l\u2019entitat i el context social que emmarca la seva tasca d\u2019intervenci\u00f3 social a trav\u00e9s de diferents veus que han participat en la construcci\u00f3 del projecte, com voluntaris i volunt\u00e0ries, participants de t\u00e0ndems, educadors o familiars dels joves beneficiaris. L\u2019exposici\u00f3 es podr\u00e0 visitar fins al pr\u00f2xim 5 de febrer, i despr\u00e9s iniciar\u00e0 una ruta que anunciarem a la web per alguns dels territoris catalans on l\u2019entitat actua o ha actuat. Els actes continuaran el mes de mar\u00e7 amb un concert solidari i la celebraci\u00f3 d\u2019unes jornades sobre mentoria social al maig.<\/p>\n<p>Durant aquest any, AFEV engegar\u00e0 tamb\u00e9 dos nous projectes, el Projecte KAPS, un allotjament compartit per estudiants universitaris que s\u2019impliquen en un projecte comunitari al territori, i la Plataforma del Comprom\u00eds Solidari, una borsa de recursos que agrupar\u00e0 estudiants, entitats i universitats amb l\u2019objectiu de refor\u00e7ar la Responsabilitat Social de les Universitats, crear vincles entre la universitat i el territori, acompanyar i democratitzar l\u2019acc\u00e9s a l\u2019ensenyament superior i afavorir l\u2019acollida, la integraci\u00f3 i l\u2019\u00e8xit educatiu dels estudiants.<\/p>\n<p><span style=\"color: #c00000;\"><strong>recordatori:<\/strong><\/span><\/p>\n<p><strong>Us esperem a la inauguraci\u00f3 de l&#8217;exposici\u00f3 Connectant joves i lluitant contra les desigualtats!<\/strong><\/p>\n<p><strong>16\/01\/2018<\/strong><\/p>\n<p><strong>19.00h<\/strong><\/p>\n<p><strong>Espai Jove Fontana de Barcelona<\/strong><\/p>\n<p><strong><a href=\"https:\/\/www.google.es\/maps\/place\/Espai+Jove+La+Fontana,+Carrer+Gran+de+Gr%C3%A0cia,+190-192,+08012+Barcelona\/@41.4032771,2.1524681,14z\/data=!4m2!3m1!1s0x12a4a2a257c1db1f:0x5ab736e1d9b12473\">(Carrer Gran de Gr\u00e0cia, 190-192)<\/a>\u00a0<\/strong><\/p>\n","protected":false},"excerpt":{"rendered":"<p>A l\u2019AFEV Catalunya celebrem el 2018, una d\u00e8cada de la nostra arribada a Catalunya i d&#8217;enT\u00e0ndem, un projecte que connecta voluntaris universitaris amb joves i infants en situaci\u00f3 de dificultat.\u00a0 En tot aquest temps, enT\u00e0ndem ha implicat la realitzaci\u00f3 de 62.000 hores de voluntariat i ha enlla\u00e7at 925 t\u00e0ndems i volem agrair totes les persones &hellip; <a href=\"https:\/\/entandem.cat\/es\/sabias-que\/10-anys-de-lluita-contra-les-desigualtats-amb-lafev-catalunya\/\">Continued<\/a><\/p>\n","protected":false},"author":1,"featured_media":3641,"comment_status":"closed","ping_status":"open","sticky":false,"template":"","format":"standard","meta":{"footnotes":""},"categories":[321],"tags":[426,427,463,330,465,467,541,542,499,334,543,433,544,545,546,434,483,484,485,486,336,437,331,339,369,476],"class_list":["post-3645","post","type-post","status-publish","format-standard","has-post-thumbnail","hentry","category-sabias-que","tag-adolescencia-es","tag-adolescentes-es","tag-adolescents-es","tag-afev-es","tag-educacio-es","tag-entandem-es","tag-exclusio-social-es","tag-exclusion-social-es","tag-exposicio-es-2","tag-fracas-escolar-es","tag-fracaso-escolar-es","tag-igualdad-es","tag-igualtat-doportunitats-es","tag-inclusio-es","tag-inclusion-es","tag-infancia-es","tag-infants-es","tag-jovenes-es","tag-joves-es","tag-mentoria-es","tag-mentoria-social-es","tag-voluntariado-es","tag-voluntariat-es","tag-voluntariat-social-es","tag-voluntariat-universitari-es","tag-voluntaris-es"],"yoast_head":"<!-- This site is optimized with the Yoast SEO plugin v27.0 - https:\/\/yoast.com\/product\/yoast-seo-wordpress\/ -->\n<title>10 anys de lluita contra les desigualtats amb l&#039;AFEV a Catalunya - enT\u00e0ndem<\/title>\n<meta name=\"robots\" content=\"index, follow, max-snippet:-1, max-image-preview:large, max-video-preview:-1\" \/>\n<link rel=\"canonical\" href=\"https:\/\/entandem.cat\/es\/sabias-que\/10-anys-de-lluita-contra-les-desigualtats-amb-lafev-catalunya\/\" \/>\n<meta property=\"og:locale\" content=\"es_ES\" \/>\n<meta property=\"og:type\" content=\"article\" \/>\n<meta property=\"og:title\" content=\"10 anys de lluita contra les desigualtats amb l&#039;AFEV a Catalunya - enT\u00e0ndem\" \/>\n<meta property=\"og:description\" content=\"A l\u2019AFEV Catalunya celebrem el 2018, una d\u00e8cada de la nostra arribada a Catalunya i d&#8217;enT\u00e0ndem, un projecte que connecta voluntaris universitaris amb joves i infants en situaci\u00f3 de dificultat.\u00a0 En tot aquest temps, enT\u00e0ndem ha implicat la realitzaci\u00f3 de 62.000 hores de voluntariat i ha enlla\u00e7at 925 t\u00e0ndems i volem agrair totes les persones &hellip; Continued\" \/>\n<meta property=\"og:url\" content=\"https:\/\/entandem.cat\/es\/sabias-que\/10-anys-de-lluita-contra-les-desigualtats-amb-lafev-catalunya\/\" \/>\n<meta property=\"og:site_name\" content=\"enT\u00e0ndem\" \/>\n<meta property=\"article:publisher\" content=\"https:\/\/www.facebook.com\/afevcat\" \/>\n<meta property=\"article:published_time\" content=\"2017-12-29T09:49:35+00:00\" \/>\n<meta property=\"article:modified_time\" content=\"2018-01-17T11:47:56+00:00\" \/>\n<meta property=\"og:image\" content=\"https:\/\/entandem.cat\/wp-content\/uploads\/2017\/12\/portada-post-article-10-anys-1024x683.jpg\" \/>\n\t<meta property=\"og:image:width\" content=\"1024\" \/>\n\t<meta property=\"og:image:height\" content=\"683\" \/>\n\t<meta property=\"og:image:type\" content=\"image\/jpeg\" \/>\n<meta name=\"author\" content=\"adminTandem\" \/>\n<meta name=\"twitter:card\" content=\"summary_large_image\" \/>\n<meta name=\"twitter:creator\" content=\"@afevcat\" \/>\n<meta name=\"twitter:site\" content=\"@afevcat\" \/>\n<meta name=\"twitter:label1\" content=\"Escrito por\" \/>\n\t<meta name=\"twitter:data1\" content=\"adminTandem\" \/>\n\t<meta name=\"twitter:label2\" content=\"Tiempo de lectura\" \/>\n\t<meta name=\"twitter:data2\" content=\"4 minutos\" \/>\n<script type=\"application\/ld+json\" class=\"yoast-schema-graph\">{\"@context\":\"https:\/\/schema.org\",\"@graph\":[{\"@type\":\"Article\",\"@id\":\"https:\/\/entandem.cat\/es\/sabias-que\/10-anys-de-lluita-contra-les-desigualtats-amb-lafev-catalunya\/#article\",\"isPartOf\":{\"@id\":\"https:\/\/entandem.cat\/es\/sabias-que\/10-anys-de-lluita-contra-les-desigualtats-amb-lafev-catalunya\/\"},\"author\":{\"name\":\"adminTandem\",\"@id\":\"https:\/\/entandem.cat\/#\/schema\/person\/2111428ce1954193a11054a1e2b5b0da\"},\"headline\":\"10 anys de lluita contra les desigualtats amb l&#8217;AFEV a Catalunya\",\"datePublished\":\"2017-12-29T09:49:35+00:00\",\"dateModified\":\"2018-01-17T11:47:56+00:00\",\"mainEntityOfPage\":{\"@id\":\"https:\/\/entandem.cat\/es\/sabias-que\/10-anys-de-lluita-contra-les-desigualtats-amb-lafev-catalunya\/\"},\"wordCount\":748,\"publisher\":{\"@id\":\"https:\/\/entandem.cat\/#organization\"},\"image\":{\"@id\":\"https:\/\/entandem.cat\/es\/sabias-que\/10-anys-de-lluita-contra-les-desigualtats-amb-lafev-catalunya\/#primaryimage\"},\"thumbnailUrl\":\"https:\/\/entandem.cat\/wp-content\/uploads\/2017\/12\/portada-post-article-10-anys.jpg\",\"keywords\":[\"adolesc\u00e8ncia\",\"adolescentes\",\"adolescents\",\"afev\",\"educaci\u00f3\",\"entandem\",\"exclusi\u00f3 social\",\"exclusi\u00f3n social\",\"exposici\u00f3\",\"frac\u00e0s escolar\",\"fracaso escolar\",\"igualdad\",\"igualtat d&#8217;oportunitats\",\"inclusi\u00f3\",\"inclusi\u00f3n\",\"inf\u00e0ncia\",\"infants\",\"jovenes\",\"joves\",\"mentoria\",\"mentoria social\",\"voluntariado\",\"voluntariat\",\"voluntariat social\",\"voluntariat universitari\",\"voluntaris\"],\"articleSection\":[\"Sab\u00edas que\"],\"inLanguage\":\"es\"},{\"@type\":\"WebPage\",\"@id\":\"https:\/\/entandem.cat\/es\/sabias-que\/10-anys-de-lluita-contra-les-desigualtats-amb-lafev-catalunya\/\",\"url\":\"https:\/\/entandem.cat\/es\/sabias-que\/10-anys-de-lluita-contra-les-desigualtats-amb-lafev-catalunya\/\",\"name\":\"10 anys de lluita contra les desigualtats amb l'AFEV a Catalunya - enT\u00e0ndem\",\"isPartOf\":{\"@id\":\"https:\/\/entandem.cat\/#website\"},\"primaryImageOfPage\":{\"@id\":\"https:\/\/entandem.cat\/es\/sabias-que\/10-anys-de-lluita-contra-les-desigualtats-amb-lafev-catalunya\/#primaryimage\"},\"image\":{\"@id\":\"https:\/\/entandem.cat\/es\/sabias-que\/10-anys-de-lluita-contra-les-desigualtats-amb-lafev-catalunya\/#primaryimage\"},\"thumbnailUrl\":\"https:\/\/entandem.cat\/wp-content\/uploads\/2017\/12\/portada-post-article-10-anys.jpg\",\"datePublished\":\"2017-12-29T09:49:35+00:00\",\"dateModified\":\"2018-01-17T11:47:56+00:00\",\"breadcrumb\":{\"@id\":\"https:\/\/entandem.cat\/es\/sabias-que\/10-anys-de-lluita-contra-les-desigualtats-amb-lafev-catalunya\/#breadcrumb\"},\"inLanguage\":\"es\",\"potentialAction\":[{\"@type\":\"ReadAction\",\"target\":[\"https:\/\/entandem.cat\/es\/sabias-que\/10-anys-de-lluita-contra-les-desigualtats-amb-lafev-catalunya\/\"]}]},{\"@type\":\"ImageObject\",\"inLanguage\":\"es\",\"@id\":\"https:\/\/entandem.cat\/es\/sabias-que\/10-anys-de-lluita-contra-les-desigualtats-amb-lafev-catalunya\/#primaryimage\",\"url\":\"https:\/\/entandem.cat\/wp-content\/uploads\/2017\/12\/portada-post-article-10-anys.jpg\",\"contentUrl\":\"https:\/\/entandem.cat\/wp-content\/uploads\/2017\/12\/portada-post-article-10-anys.jpg\",\"width\":5184,\"height\":3456},{\"@type\":\"BreadcrumbList\",\"@id\":\"https:\/\/entandem.cat\/es\/sabias-que\/10-anys-de-lluita-contra-les-desigualtats-amb-lafev-catalunya\/#breadcrumb\",\"itemListElement\":[{\"@type\":\"ListItem\",\"position\":1,\"name\":\"Inici\",\"item\":\"https:\/\/entandem.cat\/es\/\"},{\"@type\":\"ListItem\",\"position\":2,\"name\":\"10 anys de lluita contra les desigualtats amb l&#8217;AFEV a Catalunya\"}]},{\"@type\":\"WebSite\",\"@id\":\"https:\/\/entandem.cat\/#website\",\"url\":\"https:\/\/entandem.cat\/\",\"name\":\"enT\u00e0ndem\",\"description\":\"Voluntariat Social Universitari\",\"publisher\":{\"@id\":\"https:\/\/entandem.cat\/#organization\"},\"potentialAction\":[{\"@type\":\"SearchAction\",\"target\":{\"@type\":\"EntryPoint\",\"urlTemplate\":\"https:\/\/entandem.cat\/?s={search_term_string}\"},\"query-input\":{\"@type\":\"PropertyValueSpecification\",\"valueRequired\":true,\"valueName\":\"search_term_string\"}}],\"inLanguage\":\"es\"},{\"@type\":\"Organization\",\"@id\":\"https:\/\/entandem.cat\/#organization\",\"name\":\"enT\u00e0ndem\",\"url\":\"https:\/\/entandem.cat\/\",\"logo\":{\"@type\":\"ImageObject\",\"inLanguage\":\"es\",\"@id\":\"https:\/\/entandem.cat\/#\/schema\/logo\/image\/\",\"url\":\"https:\/\/entandem.cat\/wp-content\/uploads\/2016\/12\/logo-entandem.png\",\"contentUrl\":\"https:\/\/entandem.cat\/wp-content\/uploads\/2016\/12\/logo-entandem.png\",\"width\":166,\"height\":44,\"caption\":\"enT\u00e0ndem\"},\"image\":{\"@id\":\"https:\/\/entandem.cat\/#\/schema\/logo\/image\/\"},\"sameAs\":[\"https:\/\/www.facebook.com\/afevcat\",\"https:\/\/x.com\/afevcat\",\"https:\/\/www.instagram.com\/afevcat\/\"]},{\"@type\":\"Person\",\"@id\":\"https:\/\/entandem.cat\/#\/schema\/person\/2111428ce1954193a11054a1e2b5b0da\",\"name\":\"adminTandem\"}]}<\/script>\n<!-- \/ Yoast SEO plugin. -->","yoast_head_json":{"title":"10 anys de lluita contra les desigualtats amb l'AFEV a Catalunya - enT\u00e0ndem","robots":{"index":"index","follow":"follow","max-snippet":"max-snippet:-1","max-image-preview":"max-image-preview:large","max-video-preview":"max-video-preview:-1"},"canonical":"https:\/\/entandem.cat\/es\/sabias-que\/10-anys-de-lluita-contra-les-desigualtats-amb-lafev-catalunya\/","og_locale":"es_ES","og_type":"article","og_title":"10 anys de lluita contra les desigualtats amb l'AFEV a Catalunya - enT\u00e0ndem","og_description":"A l\u2019AFEV Catalunya celebrem el 2018, una d\u00e8cada de la nostra arribada a Catalunya i d&#8217;enT\u00e0ndem, un projecte que connecta voluntaris universitaris amb joves i infants en situaci\u00f3 de dificultat.\u00a0 En tot aquest temps, enT\u00e0ndem ha implicat la realitzaci\u00f3 de 62.000 hores de voluntariat i ha enlla\u00e7at 925 t\u00e0ndems i volem agrair totes les persones &hellip; Continued","og_url":"https:\/\/entandem.cat\/es\/sabias-que\/10-anys-de-lluita-contra-les-desigualtats-amb-lafev-catalunya\/","og_site_name":"enT\u00e0ndem","article_publisher":"https:\/\/www.facebook.com\/afevcat","article_published_time":"2017-12-29T09:49:35+00:00","article_modified_time":"2018-01-17T11:47:56+00:00","og_image":[{"width":1024,"height":683,"url":"https:\/\/entandem.cat\/wp-content\/uploads\/2017\/12\/portada-post-article-10-anys-1024x683.jpg","type":"image\/jpeg"}],"author":"adminTandem","twitter_card":"summary_large_image","twitter_creator":"@afevcat","twitter_site":"@afevcat","twitter_misc":{"Escrito por":"adminTandem","Tiempo de lectura":"4 minutos"},"schema":{"@context":"https:\/\/schema.org","@graph":[{"@type":"Article","@id":"https:\/\/entandem.cat\/es\/sabias-que\/10-anys-de-lluita-contra-les-desigualtats-amb-lafev-catalunya\/#article","isPartOf":{"@id":"https:\/\/entandem.cat\/es\/sabias-que\/10-anys-de-lluita-contra-les-desigualtats-amb-lafev-catalunya\/"},"author":{"name":"adminTandem","@id":"https:\/\/entandem.cat\/#\/schema\/person\/2111428ce1954193a11054a1e2b5b0da"},"headline":"10 anys de lluita contra les desigualtats amb l&#8217;AFEV a Catalunya","datePublished":"2017-12-29T09:49:35+00:00","dateModified":"2018-01-17T11:47:56+00:00","mainEntityOfPage":{"@id":"https:\/\/entandem.cat\/es\/sabias-que\/10-anys-de-lluita-contra-les-desigualtats-amb-lafev-catalunya\/"},"wordCount":748,"publisher":{"@id":"https:\/\/entandem.cat\/#organization"},"image":{"@id":"https:\/\/entandem.cat\/es\/sabias-que\/10-anys-de-lluita-contra-les-desigualtats-amb-lafev-catalunya\/#primaryimage"},"thumbnailUrl":"https:\/\/entandem.cat\/wp-content\/uploads\/2017\/12\/portada-post-article-10-anys.jpg","keywords":["adolesc\u00e8ncia","adolescentes","adolescents","afev","educaci\u00f3","entandem","exclusi\u00f3 social","exclusi\u00f3n social","exposici\u00f3","frac\u00e0s escolar","fracaso escolar","igualdad","igualtat d&#8217;oportunitats","inclusi\u00f3","inclusi\u00f3n","inf\u00e0ncia","infants","jovenes","joves","mentoria","mentoria social","voluntariado","voluntariat","voluntariat social","voluntariat universitari","voluntaris"],"articleSection":["Sab\u00edas que"],"inLanguage":"es"},{"@type":"WebPage","@id":"https:\/\/entandem.cat\/es\/sabias-que\/10-anys-de-lluita-contra-les-desigualtats-amb-lafev-catalunya\/","url":"https:\/\/entandem.cat\/es\/sabias-que\/10-anys-de-lluita-contra-les-desigualtats-amb-lafev-catalunya\/","name":"10 anys de lluita contra les desigualtats amb l'AFEV a Catalunya - enT\u00e0ndem","isPartOf":{"@id":"https:\/\/entandem.cat\/#website"},"primaryImageOfPage":{"@id":"https:\/\/entandem.cat\/es\/sabias-que\/10-anys-de-lluita-contra-les-desigualtats-amb-lafev-catalunya\/#primaryimage"},"image":{"@id":"https:\/\/entandem.cat\/es\/sabias-que\/10-anys-de-lluita-contra-les-desigualtats-amb-lafev-catalunya\/#primaryimage"},"thumbnailUrl":"https:\/\/entandem.cat\/wp-content\/uploads\/2017\/12\/portada-post-article-10-anys.jpg","datePublished":"2017-12-29T09:49:35+00:00","dateModified":"2018-01-17T11:47:56+00:00","breadcrumb":{"@id":"https:\/\/entandem.cat\/es\/sabias-que\/10-anys-de-lluita-contra-les-desigualtats-amb-lafev-catalunya\/#breadcrumb"},"inLanguage":"es","potentialAction":[{"@type":"ReadAction","target":["https:\/\/entandem.cat\/es\/sabias-que\/10-anys-de-lluita-contra-les-desigualtats-amb-lafev-catalunya\/"]}]},{"@type":"ImageObject","inLanguage":"es","@id":"https:\/\/entandem.cat\/es\/sabias-que\/10-anys-de-lluita-contra-les-desigualtats-amb-lafev-catalunya\/#primaryimage","url":"https:\/\/entandem.cat\/wp-content\/uploads\/2017\/12\/portada-post-article-10-anys.jpg","contentUrl":"https:\/\/entandem.cat\/wp-content\/uploads\/2017\/12\/portada-post-article-10-anys.jpg","width":5184,"height":3456},{"@type":"BreadcrumbList","@id":"https:\/\/entandem.cat\/es\/sabias-que\/10-anys-de-lluita-contra-les-desigualtats-amb-lafev-catalunya\/#breadcrumb","itemListElement":[{"@type":"ListItem","position":1,"name":"Inici","item":"https:\/\/entandem.cat\/es\/"},{"@type":"ListItem","position":2,"name":"10 anys de lluita contra les desigualtats amb l&#8217;AFEV a Catalunya"}]},{"@type":"WebSite","@id":"https:\/\/entandem.cat\/#website","url":"https:\/\/entandem.cat\/","name":"enT\u00e0ndem","description":"Voluntariat Social Universitari","publisher":{"@id":"https:\/\/entandem.cat\/#organization"},"potentialAction":[{"@type":"SearchAction","target":{"@type":"EntryPoint","urlTemplate":"https:\/\/entandem.cat\/?s={search_term_string}"},"query-input":{"@type":"PropertyValueSpecification","valueRequired":true,"valueName":"search_term_string"}}],"inLanguage":"es"},{"@type":"Organization","@id":"https:\/\/entandem.cat\/#organization","name":"enT\u00e0ndem","url":"https:\/\/entandem.cat\/","logo":{"@type":"ImageObject","inLanguage":"es","@id":"https:\/\/entandem.cat\/#\/schema\/logo\/image\/","url":"https:\/\/entandem.cat\/wp-content\/uploads\/2016\/12\/logo-entandem.png","contentUrl":"https:\/\/entandem.cat\/wp-content\/uploads\/2016\/12\/logo-entandem.png","width":166,"height":44,"caption":"enT\u00e0ndem"},"image":{"@id":"https:\/\/entandem.cat\/#\/schema\/logo\/image\/"},"sameAs":["https:\/\/www.facebook.com\/afevcat","https:\/\/x.com\/afevcat","https:\/\/www.instagram.com\/afevcat\/"]},{"@type":"Person","@id":"https:\/\/entandem.cat\/#\/schema\/person\/2111428ce1954193a11054a1e2b5b0da","name":"adminTandem"}]}},"_links":{"self":[{"href":"https:\/\/entandem.cat\/es\/wp-json\/wp\/v2\/posts\/3645","targetHints":{"allow":["GET"]}}],"collection":[{"href":"https:\/\/entandem.cat\/es\/wp-json\/wp\/v2\/posts"}],"about":[{"href":"https:\/\/entandem.cat\/es\/wp-json\/wp\/v2\/types\/post"}],"author":[{"embeddable":true,"href":"https:\/\/entandem.cat\/es\/wp-json\/wp\/v2\/users\/1"}],"replies":[{"embeddable":true,"href":"https:\/\/entandem.cat\/es\/wp-json\/wp\/v2\/comments?post=3645"}],"version-history":[{"count":0,"href":"https:\/\/entandem.cat\/es\/wp-json\/wp\/v2\/posts\/3645\/revisions"}],"wp:featuredmedia":[{"embeddable":true,"href":"https:\/\/entandem.cat\/es\/wp-json\/wp\/v2\/media\/3641"}],"wp:attachment":[{"href":"https:\/\/entandem.cat\/es\/wp-json\/wp\/v2\/media?parent=3645"}],"wp:term":[{"taxonomy":"category","embeddable":true,"href":"https:\/\/entandem.cat\/es\/wp-json\/wp\/v2\/categories?post=3645"},{"taxonomy":"post_tag","embeddable":true,"href":"https:\/\/entandem.cat\/es\/wp-json\/wp\/v2\/tags?post=3645"}],"curies":[{"name":"wp","href":"https:\/\/api.w.org\/{rel}","templated":true}]}}