{"id":3389,"date":"2017-10-06T13:59:32","date_gmt":"2017-10-06T13:59:32","guid":{"rendered":"http:\/\/entandem.cat\/es\/actividades\/mi-tandem-un-lugar-de-conciencia-por-lola-de-gallego\/"},"modified":"2020-09-15T14:22:37","modified_gmt":"2020-09-15T14:22:37","slug":"mi-tandem-un-lugar-de-conciencia-por-lola-de-gallego","status":"publish","type":"post","link":"https:\/\/entandem.cat\/es\/testimonios\/mi-tandem-un-lugar-de-conciencia-por-lola-de-gallego\/","title":{"rendered":"Mi t\u00e1ndem, un lugar de conciencia por Lola de Gallego"},"content":{"rendered":"<h5><strong>Lola es voluntaria en el \u00a0proyecto <a href=\"https:\/\/entandem.cat\/es\/conoce-el-proyecto\/\">enT\u00e1ndem<\/a> desde noviembre del 2017, estudia pol\u00edtica y econom\u00eda en la Universidad de Barcelona desde hace un a\u00f1o. Con solamente 19 a\u00f1os, se define como muy comprometida con la sociedad \u00a0y la idea de ayudar a un adolescente con dificultades \u00a0le parec\u00eda significativo. Pero al empezar esta aventura, no ten\u00eda ni idea de que el t\u00e1ndem \u00a0tambi\u00e9n era \u00a0un lugar de toma de conciencia. Nos comparte el \u00a0testimonio muy potente de su experiencia con Sandra, su t\u00e1ndem de 15 a\u00f1os.<\/strong><\/h5>\n<p>&nbsp;<\/p>\n<p><span lang=\"ES\">\u00abSandra y yo no hicimos nunca algo demasiado extraordinario. Lo especial de nuestros <strong>acompa\u00f1amientos<\/strong> era precisamente el valor que llegaban a alcanzar aun bas\u00e1ndose en charlar y pasear por el barrio. Podr\u00eda relatar alguna de las tardes en que beb\u00edamos cacaolat y jug\u00e1bamos a voleibol o a juegos de mesa, o nuestras exploraciones por la biblioteca, pero me parece mucho m\u00e1s interesante centrarme en una de las <strong>conversaciones<\/strong> que mantuvimos mientras est\u00e1bamos tumbadas en el c\u00e9sped del Parque del Clot.<\/span><\/p>\n<p>&nbsp;<\/p>\n<p><span lang=\"ES\">Ella sol\u00eda contarme an\u00e9cdotas sobre la gente de su clase, se quejaba de algunos profesores y criticaba las gamberradas de algunos compa\u00f1eros- lo que cualquier adolescente hace en cierto modo. Este d\u00eda la historia ten\u00eda que ver con un chico en concreto, que trataba de forma mis\u00f3gina a sus compa\u00f1eras. Por mis\u00f3gina no me refiero a descaradamente discriminatoria, sino que adoptaba comportamientos micromachistas repetidamente, como burlarse de las chicas que llevan pantalones \u201cdemasiado\u201d cortos. As\u00ed, se introdujo en nuestra conversaci\u00f3n un tema que nos ocup\u00f3 toda la tarde: <strong>el feminismo<\/strong>.<\/span><\/p>\n<p>&nbsp;<\/p>\n<p><span lang=\"ES\">Me sorprendi\u00f3 enormemente la capacidad de Sandra para analizar ciertas situaciones que la mayor\u00eda de las mujeres (incluida yo) asumen como naturales y no discriminatorias cuando realmente tienen una base patriarcal. Algunas de las cuestiones que comentamos fueron los t\u00e9rminos \u201cguarra\u201d o \u201czorra\u201d que se usan despectivamente para condenar la sexualidad femenina; la forma en que los chicos tienden a reconocer que se masturban pero ridiculizan a las chicas que lo hacen; o c\u00f3mo el vello femenino es algo que \u201cdeber\u00eda\u201d avergonzarnos. Recuerdo que me coment\u00f3 c\u00f3mo los chicos de su clase se hab\u00edan burlado de que una compa\u00f1era tuviera la regla y ella misma estuvo criticando lo absurdo de esa actitud. No puedo llegar a expresar lo feliz que me sent\u00ed al ver que una chica de 15 a\u00f1os llegaba sola a tales reflexiones sin que yo le dijera esto es as\u00ed o esto es as\u00e1. Lo m\u00e1s satisfactorio fue no ser yo quien explicaba, sino quien escuchaba, porque recuerdo que a sus a\u00f1os, ninguna de estas cosas me chocaba y a\u00fan intento de construirme en ese sentido. Me sent\u00ed muy orgullosa de ver que las chicas m\u00e1s j\u00f3venes empiezan a educarse en el empoderamiento con anterioridad.<\/span><\/p>\n<p>&nbsp;<\/p>\n<p><span lang=\"ES\">A partir de ese d\u00eda creamos una <strong>complicidad muy fuerte<\/strong>, porque descubrimos que nuestro t\u00e1ndem era un espacio feminista. Empezamos a introducir gradualmente conversaciones de este tipo en los acompa\u00f1amientos y a discutir estas cuestiones en <strong>posici\u00f3n de igualdad<\/strong>, porque a pesar de ser yo m\u00e1s mayor y universitaria, me demostr\u00f3 tener la misma capacidad y madurez para condenar la injusticia y juzgarla, que cualquier persona de mi entorno. Encontramos un punto medio, la virtud aristot\u00e9lica, entre hacer el tonto y hablar de cosas serias y pudimos encajar muy bien la diversi\u00f3n con las <strong>conversaciones m\u00e1s profundas<\/strong>.<\/span><\/p>\n<p>&nbsp;<\/p>\n<p><span lang=\"ES\">Gracias a Sandra he encontrado un motivo muy fuerte por el que seguir d\u00eda a d\u00eda reclamando la liberaci\u00f3n de la mujer aunque a veces parezca ut\u00f3pica. Ese motivo es ver que cada vez m\u00e1s personas se preocupan por la <strong>solidaridad<\/strong> y la <strong>igualdad<\/strong>. He conocido a una chica joven, con un futuro que vivir, que haga lo que haga en sociedad, ser\u00e1 desde un terreno feminista.\u00bb<\/span><\/p>\n<h6><strong>Lola De Gallego<br \/>\n <\/strong><\/h6>\n<h6>Voluntaria del barrio de Clot, Barcelona. AFEV Catalunya.<\/h6>\n<h6>Estudiante en <strong>pol\u00edtica y econom\u00eda en la Universidad de Barcelona<\/strong><\/h6>\n","protected":false},"excerpt":{"rendered":"<p>Lola es voluntaria en el \u00a0proyecto enT\u00e1ndem desde noviembre del 2017, estudia pol\u00edtica y econom\u00eda en la Universidad de Barcelona desde hace un a\u00f1o. Con solamente 19 a\u00f1os, se define como muy comprometida con la sociedad \u00a0y la idea de ayudar a un adolescente con dificultades \u00a0le parec\u00eda significativo. Pero al empezar esta aventura, no &hellip; <a href=\"https:\/\/entandem.cat\/es\/testimonios\/mi-tandem-un-lugar-de-conciencia-por-lola-de-gallego\/\">Continued<\/a><\/p>\n","protected":false},"author":1,"featured_media":3384,"comment_status":"closed","ping_status":"open","sticky":false,"template":"","format":"standard","meta":{"footnotes":""},"categories":[742],"tags":[426,427,330,428,429,430,431,432,433,434,435,436,437],"class_list":["post-3389","post","type-post","status-publish","format-standard","has-post-thumbnail","hentry","category-testimonios","tag-adolescencia-es","tag-adolescentes-es","tag-afev-es","tag-aprendizare-es","tag-coniencia-es","tag-conversacion-es","tag-educacion-es","tag-feminismo-es","tag-igualdad-es","tag-infancia-es","tag-ninas-es","tag-solidaridad-es","tag-voluntariado-es"],"yoast_head":"<!-- This site is optimized with the Yoast SEO plugin v27.0 - https:\/\/yoast.com\/product\/yoast-seo-wordpress\/ -->\n<title>Mi t\u00e1ndem, un lugar de conciencia por Lola de Gallego - enT\u00e0ndem<\/title>\n<meta name=\"robots\" content=\"index, follow, max-snippet:-1, max-image-preview:large, max-video-preview:-1\" \/>\n<link rel=\"canonical\" href=\"https:\/\/entandem.cat\/es\/testimonios\/mi-tandem-un-lugar-de-conciencia-por-lola-de-gallego\/\" \/>\n<meta property=\"og:locale\" content=\"es_ES\" \/>\n<meta property=\"og:type\" content=\"article\" \/>\n<meta property=\"og:title\" content=\"Mi t\u00e1ndem, un lugar de conciencia por Lola de Gallego - enT\u00e0ndem\" \/>\n<meta property=\"og:description\" content=\"Lola es voluntaria en el \u00a0proyecto enT\u00e1ndem desde noviembre del 2017, estudia pol\u00edtica y econom\u00eda en la Universidad de Barcelona desde hace un a\u00f1o. Con solamente 19 a\u00f1os, se define como muy comprometida con la sociedad \u00a0y la idea de ayudar a un adolescente con dificultades \u00a0le parec\u00eda significativo. Pero al empezar esta aventura, no &hellip; Continued\" \/>\n<meta property=\"og:url\" content=\"https:\/\/entandem.cat\/es\/testimonios\/mi-tandem-un-lugar-de-conciencia-por-lola-de-gallego\/\" \/>\n<meta property=\"og:site_name\" content=\"enT\u00e0ndem\" \/>\n<meta property=\"article:publisher\" content=\"https:\/\/www.facebook.com\/afevcat\" \/>\n<meta property=\"article:published_time\" content=\"2017-10-06T13:59:32+00:00\" \/>\n<meta property=\"article:modified_time\" content=\"2020-09-15T14:22:37+00:00\" \/>\n<meta property=\"og:image\" content=\"https:\/\/entandem.cat\/wp-content\/uploads\/2017\/10\/Testimoni_model_imatgeLOLA-1024x683.jpg\" \/>\n\t<meta property=\"og:image:width\" content=\"1024\" \/>\n\t<meta property=\"og:image:height\" content=\"683\" \/>\n\t<meta property=\"og:image:type\" content=\"image\/jpeg\" \/>\n<meta name=\"author\" content=\"adminTandem\" \/>\n<meta name=\"twitter:card\" content=\"summary_large_image\" \/>\n<meta name=\"twitter:creator\" content=\"@afevcat\" \/>\n<meta name=\"twitter:site\" content=\"@afevcat\" \/>\n<meta name=\"twitter:label1\" content=\"Escrito por\" \/>\n\t<meta name=\"twitter:data1\" content=\"adminTandem\" \/>\n\t<meta name=\"twitter:label2\" content=\"Tiempo de lectura\" \/>\n\t<meta name=\"twitter:data2\" content=\"3 minutos\" \/>\n<script type=\"application\/ld+json\" class=\"yoast-schema-graph\">{\"@context\":\"https:\/\/schema.org\",\"@graph\":[{\"@type\":\"Article\",\"@id\":\"https:\/\/entandem.cat\/es\/testimonios\/mi-tandem-un-lugar-de-conciencia-por-lola-de-gallego\/#article\",\"isPartOf\":{\"@id\":\"https:\/\/entandem.cat\/es\/testimonios\/mi-tandem-un-lugar-de-conciencia-por-lola-de-gallego\/\"},\"author\":{\"name\":\"adminTandem\",\"@id\":\"https:\/\/entandem.cat\/#\/schema\/person\/2111428ce1954193a11054a1e2b5b0da\"},\"headline\":\"Mi t\u00e1ndem, un lugar de conciencia por Lola de Gallego\",\"datePublished\":\"2017-10-06T13:59:32+00:00\",\"dateModified\":\"2020-09-15T14:22:37+00:00\",\"mainEntityOfPage\":{\"@id\":\"https:\/\/entandem.cat\/es\/testimonios\/mi-tandem-un-lugar-de-conciencia-por-lola-de-gallego\/\"},\"wordCount\":707,\"publisher\":{\"@id\":\"https:\/\/entandem.cat\/#organization\"},\"image\":{\"@id\":\"https:\/\/entandem.cat\/es\/testimonios\/mi-tandem-un-lugar-de-conciencia-por-lola-de-gallego\/#primaryimage\"},\"thumbnailUrl\":\"https:\/\/entandem.cat\/wp-content\/uploads\/2017\/10\/Testimoni_model_imatgeLOLA.jpg\",\"keywords\":[\"adolesc\u00e8ncia\",\"adolescentes\",\"afev\",\"aprendizare\",\"coniencia\",\"conversaci\u00f3n\",\"educaci\u00f3n\",\"feminismo\",\"igualdad\",\"inf\u00e0ncia\",\"ni\u00f1as\",\"solidaridad\",\"voluntariado\"],\"articleSection\":[\"Testimonios\"],\"inLanguage\":\"es\"},{\"@type\":\"WebPage\",\"@id\":\"https:\/\/entandem.cat\/es\/testimonios\/mi-tandem-un-lugar-de-conciencia-por-lola-de-gallego\/\",\"url\":\"https:\/\/entandem.cat\/es\/testimonios\/mi-tandem-un-lugar-de-conciencia-por-lola-de-gallego\/\",\"name\":\"Mi t\u00e1ndem, un lugar de conciencia por Lola de Gallego - enT\u00e0ndem\",\"isPartOf\":{\"@id\":\"https:\/\/entandem.cat\/#website\"},\"primaryImageOfPage\":{\"@id\":\"https:\/\/entandem.cat\/es\/testimonios\/mi-tandem-un-lugar-de-conciencia-por-lola-de-gallego\/#primaryimage\"},\"image\":{\"@id\":\"https:\/\/entandem.cat\/es\/testimonios\/mi-tandem-un-lugar-de-conciencia-por-lola-de-gallego\/#primaryimage\"},\"thumbnailUrl\":\"https:\/\/entandem.cat\/wp-content\/uploads\/2017\/10\/Testimoni_model_imatgeLOLA.jpg\",\"datePublished\":\"2017-10-06T13:59:32+00:00\",\"dateModified\":\"2020-09-15T14:22:37+00:00\",\"breadcrumb\":{\"@id\":\"https:\/\/entandem.cat\/es\/testimonios\/mi-tandem-un-lugar-de-conciencia-por-lola-de-gallego\/#breadcrumb\"},\"inLanguage\":\"es\",\"potentialAction\":[{\"@type\":\"ReadAction\",\"target\":[\"https:\/\/entandem.cat\/es\/testimonios\/mi-tandem-un-lugar-de-conciencia-por-lola-de-gallego\/\"]}]},{\"@type\":\"ImageObject\",\"inLanguage\":\"es\",\"@id\":\"https:\/\/entandem.cat\/es\/testimonios\/mi-tandem-un-lugar-de-conciencia-por-lola-de-gallego\/#primaryimage\",\"url\":\"https:\/\/entandem.cat\/wp-content\/uploads\/2017\/10\/Testimoni_model_imatgeLOLA.jpg\",\"contentUrl\":\"https:\/\/entandem.cat\/wp-content\/uploads\/2017\/10\/Testimoni_model_imatgeLOLA.jpg\",\"width\":5184,\"height\":3456},{\"@type\":\"BreadcrumbList\",\"@id\":\"https:\/\/entandem.cat\/es\/testimonios\/mi-tandem-un-lugar-de-conciencia-por-lola-de-gallego\/#breadcrumb\",\"itemListElement\":[{\"@type\":\"ListItem\",\"position\":1,\"name\":\"Inici\",\"item\":\"https:\/\/entandem.cat\/es\/\"},{\"@type\":\"ListItem\",\"position\":2,\"name\":\"Mi t\u00e1ndem, un lugar de conciencia por Lola de Gallego\"}]},{\"@type\":\"WebSite\",\"@id\":\"https:\/\/entandem.cat\/#website\",\"url\":\"https:\/\/entandem.cat\/\",\"name\":\"enT\u00e0ndem\",\"description\":\"Voluntariat Social Universitari\",\"publisher\":{\"@id\":\"https:\/\/entandem.cat\/#organization\"},\"potentialAction\":[{\"@type\":\"SearchAction\",\"target\":{\"@type\":\"EntryPoint\",\"urlTemplate\":\"https:\/\/entandem.cat\/?s={search_term_string}\"},\"query-input\":{\"@type\":\"PropertyValueSpecification\",\"valueRequired\":true,\"valueName\":\"search_term_string\"}}],\"inLanguage\":\"es\"},{\"@type\":\"Organization\",\"@id\":\"https:\/\/entandem.cat\/#organization\",\"name\":\"enT\u00e0ndem\",\"url\":\"https:\/\/entandem.cat\/\",\"logo\":{\"@type\":\"ImageObject\",\"inLanguage\":\"es\",\"@id\":\"https:\/\/entandem.cat\/#\/schema\/logo\/image\/\",\"url\":\"https:\/\/entandem.cat\/wp-content\/uploads\/2016\/12\/logo-entandem.png\",\"contentUrl\":\"https:\/\/entandem.cat\/wp-content\/uploads\/2016\/12\/logo-entandem.png\",\"width\":166,\"height\":44,\"caption\":\"enT\u00e0ndem\"},\"image\":{\"@id\":\"https:\/\/entandem.cat\/#\/schema\/logo\/image\/\"},\"sameAs\":[\"https:\/\/www.facebook.com\/afevcat\",\"https:\/\/x.com\/afevcat\",\"https:\/\/www.instagram.com\/afevcat\/\"]},{\"@type\":\"Person\",\"@id\":\"https:\/\/entandem.cat\/#\/schema\/person\/2111428ce1954193a11054a1e2b5b0da\",\"name\":\"adminTandem\"}]}<\/script>\n<!-- \/ Yoast SEO plugin. -->","yoast_head_json":{"title":"Mi t\u00e1ndem, un lugar de conciencia por Lola de Gallego - enT\u00e0ndem","robots":{"index":"index","follow":"follow","max-snippet":"max-snippet:-1","max-image-preview":"max-image-preview:large","max-video-preview":"max-video-preview:-1"},"canonical":"https:\/\/entandem.cat\/es\/testimonios\/mi-tandem-un-lugar-de-conciencia-por-lola-de-gallego\/","og_locale":"es_ES","og_type":"article","og_title":"Mi t\u00e1ndem, un lugar de conciencia por Lola de Gallego - enT\u00e0ndem","og_description":"Lola es voluntaria en el \u00a0proyecto enT\u00e1ndem desde noviembre del 2017, estudia pol\u00edtica y econom\u00eda en la Universidad de Barcelona desde hace un a\u00f1o. Con solamente 19 a\u00f1os, se define como muy comprometida con la sociedad \u00a0y la idea de ayudar a un adolescente con dificultades \u00a0le parec\u00eda significativo. Pero al empezar esta aventura, no &hellip; Continued","og_url":"https:\/\/entandem.cat\/es\/testimonios\/mi-tandem-un-lugar-de-conciencia-por-lola-de-gallego\/","og_site_name":"enT\u00e0ndem","article_publisher":"https:\/\/www.facebook.com\/afevcat","article_published_time":"2017-10-06T13:59:32+00:00","article_modified_time":"2020-09-15T14:22:37+00:00","og_image":[{"width":1024,"height":683,"url":"https:\/\/entandem.cat\/wp-content\/uploads\/2017\/10\/Testimoni_model_imatgeLOLA-1024x683.jpg","type":"image\/jpeg"}],"author":"adminTandem","twitter_card":"summary_large_image","twitter_creator":"@afevcat","twitter_site":"@afevcat","twitter_misc":{"Escrito por":"adminTandem","Tiempo de lectura":"3 minutos"},"schema":{"@context":"https:\/\/schema.org","@graph":[{"@type":"Article","@id":"https:\/\/entandem.cat\/es\/testimonios\/mi-tandem-un-lugar-de-conciencia-por-lola-de-gallego\/#article","isPartOf":{"@id":"https:\/\/entandem.cat\/es\/testimonios\/mi-tandem-un-lugar-de-conciencia-por-lola-de-gallego\/"},"author":{"name":"adminTandem","@id":"https:\/\/entandem.cat\/#\/schema\/person\/2111428ce1954193a11054a1e2b5b0da"},"headline":"Mi t\u00e1ndem, un lugar de conciencia por Lola de Gallego","datePublished":"2017-10-06T13:59:32+00:00","dateModified":"2020-09-15T14:22:37+00:00","mainEntityOfPage":{"@id":"https:\/\/entandem.cat\/es\/testimonios\/mi-tandem-un-lugar-de-conciencia-por-lola-de-gallego\/"},"wordCount":707,"publisher":{"@id":"https:\/\/entandem.cat\/#organization"},"image":{"@id":"https:\/\/entandem.cat\/es\/testimonios\/mi-tandem-un-lugar-de-conciencia-por-lola-de-gallego\/#primaryimage"},"thumbnailUrl":"https:\/\/entandem.cat\/wp-content\/uploads\/2017\/10\/Testimoni_model_imatgeLOLA.jpg","keywords":["adolesc\u00e8ncia","adolescentes","afev","aprendizare","coniencia","conversaci\u00f3n","educaci\u00f3n","feminismo","igualdad","inf\u00e0ncia","ni\u00f1as","solidaridad","voluntariado"],"articleSection":["Testimonios"],"inLanguage":"es"},{"@type":"WebPage","@id":"https:\/\/entandem.cat\/es\/testimonios\/mi-tandem-un-lugar-de-conciencia-por-lola-de-gallego\/","url":"https:\/\/entandem.cat\/es\/testimonios\/mi-tandem-un-lugar-de-conciencia-por-lola-de-gallego\/","name":"Mi t\u00e1ndem, un lugar de conciencia por Lola de Gallego - enT\u00e0ndem","isPartOf":{"@id":"https:\/\/entandem.cat\/#website"},"primaryImageOfPage":{"@id":"https:\/\/entandem.cat\/es\/testimonios\/mi-tandem-un-lugar-de-conciencia-por-lola-de-gallego\/#primaryimage"},"image":{"@id":"https:\/\/entandem.cat\/es\/testimonios\/mi-tandem-un-lugar-de-conciencia-por-lola-de-gallego\/#primaryimage"},"thumbnailUrl":"https:\/\/entandem.cat\/wp-content\/uploads\/2017\/10\/Testimoni_model_imatgeLOLA.jpg","datePublished":"2017-10-06T13:59:32+00:00","dateModified":"2020-09-15T14:22:37+00:00","breadcrumb":{"@id":"https:\/\/entandem.cat\/es\/testimonios\/mi-tandem-un-lugar-de-conciencia-por-lola-de-gallego\/#breadcrumb"},"inLanguage":"es","potentialAction":[{"@type":"ReadAction","target":["https:\/\/entandem.cat\/es\/testimonios\/mi-tandem-un-lugar-de-conciencia-por-lola-de-gallego\/"]}]},{"@type":"ImageObject","inLanguage":"es","@id":"https:\/\/entandem.cat\/es\/testimonios\/mi-tandem-un-lugar-de-conciencia-por-lola-de-gallego\/#primaryimage","url":"https:\/\/entandem.cat\/wp-content\/uploads\/2017\/10\/Testimoni_model_imatgeLOLA.jpg","contentUrl":"https:\/\/entandem.cat\/wp-content\/uploads\/2017\/10\/Testimoni_model_imatgeLOLA.jpg","width":5184,"height":3456},{"@type":"BreadcrumbList","@id":"https:\/\/entandem.cat\/es\/testimonios\/mi-tandem-un-lugar-de-conciencia-por-lola-de-gallego\/#breadcrumb","itemListElement":[{"@type":"ListItem","position":1,"name":"Inici","item":"https:\/\/entandem.cat\/es\/"},{"@type":"ListItem","position":2,"name":"Mi t\u00e1ndem, un lugar de conciencia por Lola de Gallego"}]},{"@type":"WebSite","@id":"https:\/\/entandem.cat\/#website","url":"https:\/\/entandem.cat\/","name":"enT\u00e0ndem","description":"Voluntariat Social Universitari","publisher":{"@id":"https:\/\/entandem.cat\/#organization"},"potentialAction":[{"@type":"SearchAction","target":{"@type":"EntryPoint","urlTemplate":"https:\/\/entandem.cat\/?s={search_term_string}"},"query-input":{"@type":"PropertyValueSpecification","valueRequired":true,"valueName":"search_term_string"}}],"inLanguage":"es"},{"@type":"Organization","@id":"https:\/\/entandem.cat\/#organization","name":"enT\u00e0ndem","url":"https:\/\/entandem.cat\/","logo":{"@type":"ImageObject","inLanguage":"es","@id":"https:\/\/entandem.cat\/#\/schema\/logo\/image\/","url":"https:\/\/entandem.cat\/wp-content\/uploads\/2016\/12\/logo-entandem.png","contentUrl":"https:\/\/entandem.cat\/wp-content\/uploads\/2016\/12\/logo-entandem.png","width":166,"height":44,"caption":"enT\u00e0ndem"},"image":{"@id":"https:\/\/entandem.cat\/#\/schema\/logo\/image\/"},"sameAs":["https:\/\/www.facebook.com\/afevcat","https:\/\/x.com\/afevcat","https:\/\/www.instagram.com\/afevcat\/"]},{"@type":"Person","@id":"https:\/\/entandem.cat\/#\/schema\/person\/2111428ce1954193a11054a1e2b5b0da","name":"adminTandem"}]}},"_links":{"self":[{"href":"https:\/\/entandem.cat\/es\/wp-json\/wp\/v2\/posts\/3389","targetHints":{"allow":["GET"]}}],"collection":[{"href":"https:\/\/entandem.cat\/es\/wp-json\/wp\/v2\/posts"}],"about":[{"href":"https:\/\/entandem.cat\/es\/wp-json\/wp\/v2\/types\/post"}],"author":[{"embeddable":true,"href":"https:\/\/entandem.cat\/es\/wp-json\/wp\/v2\/users\/1"}],"replies":[{"embeddable":true,"href":"https:\/\/entandem.cat\/es\/wp-json\/wp\/v2\/comments?post=3389"}],"version-history":[{"count":0,"href":"https:\/\/entandem.cat\/es\/wp-json\/wp\/v2\/posts\/3389\/revisions"}],"wp:featuredmedia":[{"embeddable":true,"href":"https:\/\/entandem.cat\/es\/wp-json\/wp\/v2\/media\/3384"}],"wp:attachment":[{"href":"https:\/\/entandem.cat\/es\/wp-json\/wp\/v2\/media?parent=3389"}],"wp:term":[{"taxonomy":"category","embeddable":true,"href":"https:\/\/entandem.cat\/es\/wp-json\/wp\/v2\/categories?post=3389"},{"taxonomy":"post_tag","embeddable":true,"href":"https:\/\/entandem.cat\/es\/wp-json\/wp\/v2\/tags?post=3389"}],"curies":[{"name":"wp","href":"https:\/\/api.w.org\/{rel}","templated":true}]}}