{"id":3015,"date":"2017-05-09T09:56:01","date_gmt":"2017-05-09T09:56:01","guid":{"rendered":"http:\/\/entandem.cat\/es\/?p=3015"},"modified":"2020-09-15T14:22:38","modified_gmt":"2020-09-15T14:22:38","slug":"no-ha-sido-una-casualidad-afev-por-nathalia-ascanio","status":"publish","type":"post","link":"https:\/\/entandem.cat\/es\/testimonios\/no-ha-sido-una-casualidad-afev-por-nathalia-ascanio\/","title":{"rendered":"\u00abNo ha sido una casualidad &#8211; AFEV\u00bb por Nathalia Ascanio"},"content":{"rendered":"<h5>Nathalia Ascanio es voluntaria del proyecto <a href=\"https:\/\/entandem.cat\/es\/conoce-el-proyecto\/\">enT\u00e0ndem<\/a> desde enero del 2016 y fue una de las tres voluntarias que fue a recoger el segundo <a href=\"https:\/\/entandem.cat\/es\/sabias-que\/lafev-recull-el-premi-al-voluntariat-universitaride-la-fundacion-mutua-madrilena\/\">Premio Nacional al Voluntariado Universitario de la Fundaci\u00f3n Mutua Madrile\u00f1a en Madrid<\/a>. Publicamos el texto muy potente que escribi\u00f3 donde comparte su visi\u00f3n acertada de la tarea de <a href=\"https:\/\/entandem.cat\/es\/conoce-el-proyecto\/\">enT\u00e0ndem <\/a>recordando la esencia de este proyecto que moviliza cada a\u00f1o m\u00e1s de 120 voluntarios y t\u00e9cnicos.<\/h5>\n<p>&nbsp;<\/p>\n<p>\u00abEl pasado 21 de abril el proyecto <a href=\"https:\/\/entandem.cat\/es\/conoce-el-proyecto\/\">enT\u00e0ndem<\/a> y la asociaci\u00f3n <a href=\"https:\/\/entandem.cat\/es\/quienes-somos\/\">AFEV<\/a> fueron galardonados con el segundo Premio Nacional al Voluntariado Universitario, concedido por la Fundaci\u00f3n Mutua Madrile\u00f1a. Un premio que reconoce una trayectoria de lucha incansable contra la desigualdad y el fracaso escolar en la infancia y en la juventud en la provincia de Barcelona.<\/p>\n<p><a href=\"https:\/\/entandem.cat\/es\/quienes-somos\/\">AFEV<\/a>, Association de la Fondation \u00c9tudiante pour la Ville, naci\u00f3 en Francia en el a\u00f1o 1991 con el objetivo de luchar contra la relegaci\u00f3n de los barrios populares del pa\u00eds. Veintis\u00e9is a\u00f1os despu\u00e9s, <a href=\"https:\/\/entandem.cat\/es\/quienes-somos\/\">AFEV<\/a> se ha convertido en un referente en materia de acci\u00f3n social, haciendo presencia en m\u00e1s de 330 barrios, gracias a proyectos como L\u2019Observatoire de la responsabilit\u00e9 soci\u00e9tale des universit\u00e9s el cual, de la mano con UNICEF, incentiva la participaci\u00f3n social de universidades francesas y catalanas.<\/p>\n<p>Para <a href=\"https:\/\/entandem.cat\/es\/quienes-somos\/\">AFEV<\/a>, el objetivo no es s\u00f3lo brindar cobertura y atenci\u00f3n tanto a ni\u00f1os como a j\u00f3venes que injustamente viven en riesgo de exclusi\u00f3n social, sino tambi\u00e9n promover el gesto solidario de las universidades, mediante la captaci\u00f3n de estudiantes voluntarios y su posterior formaci\u00f3n en materia de gesti\u00f3n de conflictos en la infancia y juventud. Con ello se pretende crear v\u00ednculos que rompan con las estereotipadas y da\u00f1inas divisiones sociales, mientras que se pone de manifiesto la figura del estudiante como un referente en la lucha contra el fracaso escolar, el cual se da incluso en ni\u00f1os de muy corta edad.<\/p>\n<p>Esta iniciativa supone, pues, la inclusi\u00f3n en la sociedad no s\u00f3lo de las personas m\u00e1s vulnerables, sino tambi\u00e9n de colectivos que, aun trat\u00e1ndose de j\u00f3venes universitarios, muchas veces requieren de experiencias como estas para desarrollar valores tan importantes y tan necesarios hoy en d\u00eda como lo son la empat\u00eda, la tolerancia y la solidaridad.<\/p>\n<p><a href=\"https:\/\/entandem.cat\/es\/quienes-somos\/\">AFEV<\/a> y <a href=\"https:\/\/entandem.cat\/es\/conoce-el-proyecto\/\">e<\/a><a href=\"https:\/\/entandem.cat\/es\/conoce-el-proyecto\/\">nT\u00e0ndem<\/a> son, pues, un proyecto conjunto que lucha contra la lacra de la desigualdad de oportunidades, contra la indiferencia y la inexplicable insuficiencia en las actuaciones de las pol\u00edticas p\u00fablicas. Un proyecto que impulsa el desarrollo infantil a la vez que sensibiliza y enriquece a quienes formamos parte de \u00e9l, desde el momento en que nos convertimos en testigos del progreso que cada uno de los ni\u00f1os y j\u00f3venes atendidos experimenta ante nosotros, s\u00f3lo por el hecho de ser escuchados y valorados.<\/p>\n<p>Cultivar la humanidad y la sinergia, en un mundo donde aparentemente se nos sugiere que construyamos muros absurdos entre nosotros, es una necesidad. Cuando una sociedad ve normal o inevitable que ni\u00f1os y adolescentes sean privados de sus derechos, bien sea en nuestra naci\u00f3n o en el rinc\u00f3n m\u00e1s remoto del planeta, y que por tanto vivan bajo circunstancias dif\u00edciles o traum\u00e1ticas desatendidas, no s\u00f3lo ellos est\u00e1n pagando un injusto y prolongado alto precio, sino tambi\u00e9n la propia sociedad; y una sociedad, una naci\u00f3n, sin lugar a dudas, vale seg\u00fan como trate a sus ni\u00f1os.<\/p>\n<p>Por tanto, que <a href=\"https:\/\/entandem.cat\/es\/quienes-somos\/\">AFEV <\/a>haya sido premiada a nivel nacional no ha sido una casualidad, ha sido un merecido gesto de reconocimiento ante una labor que realmente no deber\u00eda de existir si quienes nos representan a nivel gubernamental fuesen capaces de gestionar adecuada y justamente, no las pol\u00edticas, sino los derechos de las personas, los cuales no deben ser una cuesti\u00f3n dejada al azar, sino algo inalienable de todo individuo por igual.\u00bb<\/p>\n<p><a href=\"https:\/\/www.linkedin.com\/pulse\/ha-sido-una-casualidad-nathalia-ascanio\">Texto original disponible aqu\u00ed<\/a><\/p>\n","protected":false},"excerpt":{"rendered":"<p>Nathalia Ascanio es voluntaria del proyecto enT\u00e0ndem desde enero del 2016 y fue una de las tres voluntarias que fue a recoger el segundo Premio Nacional al Voluntariado Universitario de la Fundaci\u00f3n Mutua Madrile\u00f1a en Madrid. Publicamos el texto muy potente que escribi\u00f3 donde comparte su visi\u00f3n acertada de la tarea de enT\u00e0ndem recordando la &hellip; <a href=\"https:\/\/entandem.cat\/es\/testimonios\/no-ha-sido-una-casualidad-afev-por-nathalia-ascanio\/\">Continued<\/a><\/p>\n","protected":false},"author":1,"featured_media":3031,"comment_status":"closed","ping_status":"open","sticky":false,"template":"","format":"standard","meta":{"footnotes":""},"categories":[742],"tags":[426,427,463,330,465,431,467,541,542,334,543,433,544,545,546,434,483,484,485,486,336,435,487,437,331,339,369,476],"class_list":["post-3015","post","type-post","status-publish","format-standard","has-post-thumbnail","hentry","category-testimonios","tag-adolescencia-es","tag-adolescentes-es","tag-adolescents-es","tag-afev-es","tag-educacio-es","tag-educacion-es","tag-entandem-es","tag-exclusio-social-es","tag-exclusion-social-es","tag-fracas-escolar-es","tag-fracaso-escolar-es","tag-igualdad-es","tag-igualtat-doportunitats-es","tag-inclusio-es","tag-inclusion-es","tag-infancia-es","tag-infants-es","tag-jovenes-es","tag-joves-es","tag-mentoria-es","tag-mentoria-social-es","tag-ninas-es","tag-ninos-es","tag-voluntariado-es","tag-voluntariat-es","tag-voluntariat-social-es","tag-voluntariat-universitari-es","tag-voluntaris-es"],"yoast_head":"<!-- This site is optimized with the Yoast SEO plugin v27.0 - https:\/\/yoast.com\/product\/yoast-seo-wordpress\/ -->\n<title>&quot;No ha sido una casualidad - AFEV&quot; por Nathalia Ascanio - enT\u00e0ndem<\/title>\n<meta name=\"description\" content=\"Nathalia Ascanio, voluntaria del proyecto de mentoria social enT\u00e0ndem comparte su visi\u00f3n acertada de la tarea de enT\u00e0ndem y de la entidad AFEV.\" \/>\n<meta name=\"robots\" content=\"index, follow, max-snippet:-1, max-image-preview:large, max-video-preview:-1\" \/>\n<link rel=\"canonical\" href=\"https:\/\/entandem.cat\/es\/testimonios\/no-ha-sido-una-casualidad-afev-por-nathalia-ascanio\/\" \/>\n<meta property=\"og:locale\" content=\"es_ES\" \/>\n<meta property=\"og:type\" content=\"article\" \/>\n<meta property=\"og:title\" content=\"&quot;No ha sido una casualidad - AFEV&quot; por Nathalia Ascanio - enT\u00e0ndem\" \/>\n<meta property=\"og:description\" content=\"Nathalia Ascanio, voluntaria del proyecto de mentoria social enT\u00e0ndem comparte su visi\u00f3n acertada de la tarea de enT\u00e0ndem y de la entidad AFEV.\" \/>\n<meta property=\"og:url\" content=\"https:\/\/entandem.cat\/es\/testimonios\/no-ha-sido-una-casualidad-afev-por-nathalia-ascanio\/\" \/>\n<meta property=\"og:site_name\" content=\"enT\u00e0ndem\" \/>\n<meta property=\"article:publisher\" content=\"https:\/\/www.facebook.com\/afevcat\" \/>\n<meta property=\"article:published_time\" content=\"2017-05-09T09:56:01+00:00\" \/>\n<meta property=\"article:modified_time\" content=\"2020-09-15T14:22:38+00:00\" \/>\n<meta property=\"og:image\" content=\"https:\/\/entandem.cat\/wp-content\/uploads\/2017\/05\/PostNathalia-1.jpg\" \/>\n\t<meta property=\"og:image:width\" content=\"5184\" \/>\n\t<meta property=\"og:image:height\" content=\"3456\" \/>\n\t<meta property=\"og:image:type\" content=\"image\/jpeg\" \/>\n<meta name=\"author\" content=\"adminTandem\" \/>\n<meta name=\"twitter:card\" content=\"summary_large_image\" \/>\n<meta name=\"twitter:creator\" content=\"@afevcat\" \/>\n<meta name=\"twitter:site\" content=\"@afevcat\" \/>\n<meta name=\"twitter:label1\" content=\"Escrito por\" \/>\n\t<meta name=\"twitter:data1\" content=\"adminTandem\" \/>\n\t<meta name=\"twitter:label2\" content=\"Tiempo de lectura\" \/>\n\t<meta name=\"twitter:data2\" content=\"3 minutos\" \/>\n<script type=\"application\/ld+json\" class=\"yoast-schema-graph\">{\"@context\":\"https:\/\/schema.org\",\"@graph\":[{\"@type\":\"Article\",\"@id\":\"https:\/\/entandem.cat\/es\/testimonios\/no-ha-sido-una-casualidad-afev-por-nathalia-ascanio\/#article\",\"isPartOf\":{\"@id\":\"https:\/\/entandem.cat\/es\/testimonios\/no-ha-sido-una-casualidad-afev-por-nathalia-ascanio\/\"},\"author\":{\"name\":\"adminTandem\",\"@id\":\"https:\/\/entandem.cat\/#\/schema\/person\/2111428ce1954193a11054a1e2b5b0da\"},\"headline\":\"\u00abNo ha sido una casualidad &#8211; AFEV\u00bb por Nathalia Ascanio\",\"datePublished\":\"2017-05-09T09:56:01+00:00\",\"dateModified\":\"2020-09-15T14:22:38+00:00\",\"mainEntityOfPage\":{\"@id\":\"https:\/\/entandem.cat\/es\/testimonios\/no-ha-sido-una-casualidad-afev-por-nathalia-ascanio\/\"},\"wordCount\":686,\"publisher\":{\"@id\":\"https:\/\/entandem.cat\/#organization\"},\"image\":{\"@id\":\"https:\/\/entandem.cat\/es\/testimonios\/no-ha-sido-una-casualidad-afev-por-nathalia-ascanio\/#primaryimage\"},\"thumbnailUrl\":\"https:\/\/entandem.cat\/wp-content\/uploads\/2017\/05\/PostNathalia-1.jpg\",\"keywords\":[\"adolesc\u00e8ncia\",\"adolescentes\",\"adolescents\",\"afev\",\"educaci\u00f3\",\"educaci\u00f3n\",\"entandem\",\"exclusi\u00f3 social\",\"exclusi\u00f3n social\",\"frac\u00e0s escolar\",\"fracaso escolar\",\"igualdad\",\"igualtat d&#8217;oportunitats\",\"inclusi\u00f3\",\"inclusi\u00f3n\",\"inf\u00e0ncia\",\"infants\",\"jovenes\",\"joves\",\"mentoria\",\"mentoria social\",\"ni\u00f1as\",\"ni\u00f1os\",\"voluntariado\",\"voluntariat\",\"voluntariat social\",\"voluntariat universitari\",\"voluntaris\"],\"articleSection\":[\"Testimonios\"],\"inLanguage\":\"es\"},{\"@type\":\"WebPage\",\"@id\":\"https:\/\/entandem.cat\/es\/testimonios\/no-ha-sido-una-casualidad-afev-por-nathalia-ascanio\/\",\"url\":\"https:\/\/entandem.cat\/es\/testimonios\/no-ha-sido-una-casualidad-afev-por-nathalia-ascanio\/\",\"name\":\"\\\"No ha sido una casualidad - AFEV\\\" por Nathalia Ascanio - enT\u00e0ndem\",\"isPartOf\":{\"@id\":\"https:\/\/entandem.cat\/#website\"},\"primaryImageOfPage\":{\"@id\":\"https:\/\/entandem.cat\/es\/testimonios\/no-ha-sido-una-casualidad-afev-por-nathalia-ascanio\/#primaryimage\"},\"image\":{\"@id\":\"https:\/\/entandem.cat\/es\/testimonios\/no-ha-sido-una-casualidad-afev-por-nathalia-ascanio\/#primaryimage\"},\"thumbnailUrl\":\"https:\/\/entandem.cat\/wp-content\/uploads\/2017\/05\/PostNathalia-1.jpg\",\"datePublished\":\"2017-05-09T09:56:01+00:00\",\"dateModified\":\"2020-09-15T14:22:38+00:00\",\"description\":\"Nathalia Ascanio, voluntaria del proyecto de mentoria social enT\u00e0ndem comparte su visi\u00f3n acertada de la tarea de enT\u00e0ndem y de la entidad AFEV.\",\"breadcrumb\":{\"@id\":\"https:\/\/entandem.cat\/es\/testimonios\/no-ha-sido-una-casualidad-afev-por-nathalia-ascanio\/#breadcrumb\"},\"inLanguage\":\"es\",\"potentialAction\":[{\"@type\":\"ReadAction\",\"target\":[\"https:\/\/entandem.cat\/es\/testimonios\/no-ha-sido-una-casualidad-afev-por-nathalia-ascanio\/\"]}]},{\"@type\":\"ImageObject\",\"inLanguage\":\"es\",\"@id\":\"https:\/\/entandem.cat\/es\/testimonios\/no-ha-sido-una-casualidad-afev-por-nathalia-ascanio\/#primaryimage\",\"url\":\"https:\/\/entandem.cat\/wp-content\/uploads\/2017\/05\/PostNathalia-1.jpg\",\"contentUrl\":\"https:\/\/entandem.cat\/wp-content\/uploads\/2017\/05\/PostNathalia-1.jpg\",\"width\":5184,\"height\":3456},{\"@type\":\"BreadcrumbList\",\"@id\":\"https:\/\/entandem.cat\/es\/testimonios\/no-ha-sido-una-casualidad-afev-por-nathalia-ascanio\/#breadcrumb\",\"itemListElement\":[{\"@type\":\"ListItem\",\"position\":1,\"name\":\"Inici\",\"item\":\"https:\/\/entandem.cat\/es\/\"},{\"@type\":\"ListItem\",\"position\":2,\"name\":\"\u00abNo ha sido una casualidad &#8211; AFEV\u00bb por Nathalia Ascanio\"}]},{\"@type\":\"WebSite\",\"@id\":\"https:\/\/entandem.cat\/#website\",\"url\":\"https:\/\/entandem.cat\/\",\"name\":\"enT\u00e0ndem\",\"description\":\"Voluntariat Social Universitari\",\"publisher\":{\"@id\":\"https:\/\/entandem.cat\/#organization\"},\"potentialAction\":[{\"@type\":\"SearchAction\",\"target\":{\"@type\":\"EntryPoint\",\"urlTemplate\":\"https:\/\/entandem.cat\/?s={search_term_string}\"},\"query-input\":{\"@type\":\"PropertyValueSpecification\",\"valueRequired\":true,\"valueName\":\"search_term_string\"}}],\"inLanguage\":\"es\"},{\"@type\":\"Organization\",\"@id\":\"https:\/\/entandem.cat\/#organization\",\"name\":\"enT\u00e0ndem\",\"url\":\"https:\/\/entandem.cat\/\",\"logo\":{\"@type\":\"ImageObject\",\"inLanguage\":\"es\",\"@id\":\"https:\/\/entandem.cat\/#\/schema\/logo\/image\/\",\"url\":\"https:\/\/entandem.cat\/wp-content\/uploads\/2016\/12\/logo-entandem.png\",\"contentUrl\":\"https:\/\/entandem.cat\/wp-content\/uploads\/2016\/12\/logo-entandem.png\",\"width\":166,\"height\":44,\"caption\":\"enT\u00e0ndem\"},\"image\":{\"@id\":\"https:\/\/entandem.cat\/#\/schema\/logo\/image\/\"},\"sameAs\":[\"https:\/\/www.facebook.com\/afevcat\",\"https:\/\/x.com\/afevcat\",\"https:\/\/www.instagram.com\/afevcat\/\"]},{\"@type\":\"Person\",\"@id\":\"https:\/\/entandem.cat\/#\/schema\/person\/2111428ce1954193a11054a1e2b5b0da\",\"name\":\"adminTandem\"}]}<\/script>\n<!-- \/ Yoast SEO plugin. -->","yoast_head_json":{"title":"\"No ha sido una casualidad - AFEV\" por Nathalia Ascanio - enT\u00e0ndem","description":"Nathalia Ascanio, voluntaria del proyecto de mentoria social enT\u00e0ndem comparte su visi\u00f3n acertada de la tarea de enT\u00e0ndem y de la entidad AFEV.","robots":{"index":"index","follow":"follow","max-snippet":"max-snippet:-1","max-image-preview":"max-image-preview:large","max-video-preview":"max-video-preview:-1"},"canonical":"https:\/\/entandem.cat\/es\/testimonios\/no-ha-sido-una-casualidad-afev-por-nathalia-ascanio\/","og_locale":"es_ES","og_type":"article","og_title":"\"No ha sido una casualidad - AFEV\" por Nathalia Ascanio - enT\u00e0ndem","og_description":"Nathalia Ascanio, voluntaria del proyecto de mentoria social enT\u00e0ndem comparte su visi\u00f3n acertada de la tarea de enT\u00e0ndem y de la entidad AFEV.","og_url":"https:\/\/entandem.cat\/es\/testimonios\/no-ha-sido-una-casualidad-afev-por-nathalia-ascanio\/","og_site_name":"enT\u00e0ndem","article_publisher":"https:\/\/www.facebook.com\/afevcat","article_published_time":"2017-05-09T09:56:01+00:00","article_modified_time":"2020-09-15T14:22:38+00:00","og_image":[{"width":5184,"height":3456,"url":"https:\/\/entandem.cat\/wp-content\/uploads\/2017\/05\/PostNathalia-1.jpg","type":"image\/jpeg"}],"author":"adminTandem","twitter_card":"summary_large_image","twitter_creator":"@afevcat","twitter_site":"@afevcat","twitter_misc":{"Escrito por":"adminTandem","Tiempo de lectura":"3 minutos"},"schema":{"@context":"https:\/\/schema.org","@graph":[{"@type":"Article","@id":"https:\/\/entandem.cat\/es\/testimonios\/no-ha-sido-una-casualidad-afev-por-nathalia-ascanio\/#article","isPartOf":{"@id":"https:\/\/entandem.cat\/es\/testimonios\/no-ha-sido-una-casualidad-afev-por-nathalia-ascanio\/"},"author":{"name":"adminTandem","@id":"https:\/\/entandem.cat\/#\/schema\/person\/2111428ce1954193a11054a1e2b5b0da"},"headline":"\u00abNo ha sido una casualidad &#8211; AFEV\u00bb por Nathalia Ascanio","datePublished":"2017-05-09T09:56:01+00:00","dateModified":"2020-09-15T14:22:38+00:00","mainEntityOfPage":{"@id":"https:\/\/entandem.cat\/es\/testimonios\/no-ha-sido-una-casualidad-afev-por-nathalia-ascanio\/"},"wordCount":686,"publisher":{"@id":"https:\/\/entandem.cat\/#organization"},"image":{"@id":"https:\/\/entandem.cat\/es\/testimonios\/no-ha-sido-una-casualidad-afev-por-nathalia-ascanio\/#primaryimage"},"thumbnailUrl":"https:\/\/entandem.cat\/wp-content\/uploads\/2017\/05\/PostNathalia-1.jpg","keywords":["adolesc\u00e8ncia","adolescentes","adolescents","afev","educaci\u00f3","educaci\u00f3n","entandem","exclusi\u00f3 social","exclusi\u00f3n social","frac\u00e0s escolar","fracaso escolar","igualdad","igualtat d&#8217;oportunitats","inclusi\u00f3","inclusi\u00f3n","inf\u00e0ncia","infants","jovenes","joves","mentoria","mentoria social","ni\u00f1as","ni\u00f1os","voluntariado","voluntariat","voluntariat social","voluntariat universitari","voluntaris"],"articleSection":["Testimonios"],"inLanguage":"es"},{"@type":"WebPage","@id":"https:\/\/entandem.cat\/es\/testimonios\/no-ha-sido-una-casualidad-afev-por-nathalia-ascanio\/","url":"https:\/\/entandem.cat\/es\/testimonios\/no-ha-sido-una-casualidad-afev-por-nathalia-ascanio\/","name":"\"No ha sido una casualidad - AFEV\" por Nathalia Ascanio - enT\u00e0ndem","isPartOf":{"@id":"https:\/\/entandem.cat\/#website"},"primaryImageOfPage":{"@id":"https:\/\/entandem.cat\/es\/testimonios\/no-ha-sido-una-casualidad-afev-por-nathalia-ascanio\/#primaryimage"},"image":{"@id":"https:\/\/entandem.cat\/es\/testimonios\/no-ha-sido-una-casualidad-afev-por-nathalia-ascanio\/#primaryimage"},"thumbnailUrl":"https:\/\/entandem.cat\/wp-content\/uploads\/2017\/05\/PostNathalia-1.jpg","datePublished":"2017-05-09T09:56:01+00:00","dateModified":"2020-09-15T14:22:38+00:00","description":"Nathalia Ascanio, voluntaria del proyecto de mentoria social enT\u00e0ndem comparte su visi\u00f3n acertada de la tarea de enT\u00e0ndem y de la entidad AFEV.","breadcrumb":{"@id":"https:\/\/entandem.cat\/es\/testimonios\/no-ha-sido-una-casualidad-afev-por-nathalia-ascanio\/#breadcrumb"},"inLanguage":"es","potentialAction":[{"@type":"ReadAction","target":["https:\/\/entandem.cat\/es\/testimonios\/no-ha-sido-una-casualidad-afev-por-nathalia-ascanio\/"]}]},{"@type":"ImageObject","inLanguage":"es","@id":"https:\/\/entandem.cat\/es\/testimonios\/no-ha-sido-una-casualidad-afev-por-nathalia-ascanio\/#primaryimage","url":"https:\/\/entandem.cat\/wp-content\/uploads\/2017\/05\/PostNathalia-1.jpg","contentUrl":"https:\/\/entandem.cat\/wp-content\/uploads\/2017\/05\/PostNathalia-1.jpg","width":5184,"height":3456},{"@type":"BreadcrumbList","@id":"https:\/\/entandem.cat\/es\/testimonios\/no-ha-sido-una-casualidad-afev-por-nathalia-ascanio\/#breadcrumb","itemListElement":[{"@type":"ListItem","position":1,"name":"Inici","item":"https:\/\/entandem.cat\/es\/"},{"@type":"ListItem","position":2,"name":"\u00abNo ha sido una casualidad &#8211; AFEV\u00bb por Nathalia Ascanio"}]},{"@type":"WebSite","@id":"https:\/\/entandem.cat\/#website","url":"https:\/\/entandem.cat\/","name":"enT\u00e0ndem","description":"Voluntariat Social Universitari","publisher":{"@id":"https:\/\/entandem.cat\/#organization"},"potentialAction":[{"@type":"SearchAction","target":{"@type":"EntryPoint","urlTemplate":"https:\/\/entandem.cat\/?s={search_term_string}"},"query-input":{"@type":"PropertyValueSpecification","valueRequired":true,"valueName":"search_term_string"}}],"inLanguage":"es"},{"@type":"Organization","@id":"https:\/\/entandem.cat\/#organization","name":"enT\u00e0ndem","url":"https:\/\/entandem.cat\/","logo":{"@type":"ImageObject","inLanguage":"es","@id":"https:\/\/entandem.cat\/#\/schema\/logo\/image\/","url":"https:\/\/entandem.cat\/wp-content\/uploads\/2016\/12\/logo-entandem.png","contentUrl":"https:\/\/entandem.cat\/wp-content\/uploads\/2016\/12\/logo-entandem.png","width":166,"height":44,"caption":"enT\u00e0ndem"},"image":{"@id":"https:\/\/entandem.cat\/#\/schema\/logo\/image\/"},"sameAs":["https:\/\/www.facebook.com\/afevcat","https:\/\/x.com\/afevcat","https:\/\/www.instagram.com\/afevcat\/"]},{"@type":"Person","@id":"https:\/\/entandem.cat\/#\/schema\/person\/2111428ce1954193a11054a1e2b5b0da","name":"adminTandem"}]}},"_links":{"self":[{"href":"https:\/\/entandem.cat\/es\/wp-json\/wp\/v2\/posts\/3015","targetHints":{"allow":["GET"]}}],"collection":[{"href":"https:\/\/entandem.cat\/es\/wp-json\/wp\/v2\/posts"}],"about":[{"href":"https:\/\/entandem.cat\/es\/wp-json\/wp\/v2\/types\/post"}],"author":[{"embeddable":true,"href":"https:\/\/entandem.cat\/es\/wp-json\/wp\/v2\/users\/1"}],"replies":[{"embeddable":true,"href":"https:\/\/entandem.cat\/es\/wp-json\/wp\/v2\/comments?post=3015"}],"version-history":[{"count":0,"href":"https:\/\/entandem.cat\/es\/wp-json\/wp\/v2\/posts\/3015\/revisions"}],"wp:featuredmedia":[{"embeddable":true,"href":"https:\/\/entandem.cat\/es\/wp-json\/wp\/v2\/media\/3031"}],"wp:attachment":[{"href":"https:\/\/entandem.cat\/es\/wp-json\/wp\/v2\/media?parent=3015"}],"wp:term":[{"taxonomy":"category","embeddable":true,"href":"https:\/\/entandem.cat\/es\/wp-json\/wp\/v2\/categories?post=3015"},{"taxonomy":"post_tag","embeddable":true,"href":"https:\/\/entandem.cat\/es\/wp-json\/wp\/v2\/tags?post=3015"}],"curies":[{"name":"wp","href":"https:\/\/api.w.org\/{rel}","templated":true}]}}