{"id":12178,"date":"2025-01-10T13:45:56","date_gmt":"2025-01-10T13:45:56","guid":{"rendered":"https:\/\/entandem.cat\/agenda-cultural-gener-2025\/"},"modified":"2025-01-10T13:45:56","modified_gmt":"2025-01-10T13:45:56","slug":"agenda-cultural-gener-2025","status":"publish","type":"post","link":"https:\/\/entandem.cat\/es\/recursos-es\/agenda-cultural-gener-2025\/","title":{"rendered":"Agenda Cultural &#8211; Gener 2025"},"content":{"rendered":"\n<p>Ha arribat el mes de Gener i amb aix\u00f2 la tercera Agenda Cultural del curs! L\u00b4agenda cultural d\u00b4aquesta temporada \u00e9s plena d\u00b4activitats de tota mena: des de biblioteques, mercats, senderisme a tallers. Porteu als vostres T\u00c0NDEMS, calceu-vos les sabates i uniu-vos a nosaltres per a una temporada plena d&#8217;emocions i sorpreses! Som-hi! \u2744\ufe0f<\/p>\n<p><strong>\u00a0<\/strong><\/p>\n<h1><span style=\"color: #bf0000;\">Nou Barris<\/span><\/h1>\n<h3><span style=\"color: #808080;\"><strong>Verdum<\/strong><\/span><\/h3>\n<p><strong><span style=\"color: #99cc00;\">[Taller]<\/span><\/strong>\u00a0<a href=\"https:\/\/www.barcelona.cat\/ca\/que-pots-fer-a-bcn\/parcs-i-jardins\/parc-del-pla-de-fornells-98294121049\">Parc del Pla de Fornells<\/a><\/p>\n<p><a href=\"https:\/\/entandem.cat\/recursos\/agenda-cultural-gener-2025\/attachment\/1o\/\" rel=\"attachment wp-att-12020\"><img loading=\"lazy\" decoding=\"async\" class=\"alignnone  wp-image-12020\" src=\"https:\/\/entandem.cat\/wp-content\/uploads\/2025\/01\/1o-300x164.jpg\" alt=\"\" width=\"470\" height=\"257\" srcset=\"https:\/\/entandem.cat\/wp-content\/uploads\/2025\/01\/1o-300x164.jpg 300w, https:\/\/entandem.cat\/wp-content\/uploads\/2025\/01\/1o-768x419.jpg 768w, https:\/\/entandem.cat\/wp-content\/uploads\/2025\/01\/1o.jpg 953w\" sizes=\"auto, (max-width: 470px) 100vw, 470px\" \/><\/a><\/p>\n<ul>\n<li>Quan es vulgui<\/li>\n<li>C Nou Barris 14<\/li>\n<li>A tothom<\/li>\n<li>Gratuita<\/li>\n<li>Qu\u00e8 \u00e9s? Visita a un parc; El parc del Pla de Fornells combina el seu car\u00e0cter eminentment forestal amb un tra\u00e7at de disseny molt actual.<\/li>\n<\/ul>\n<p>\u00a0<\/p>\n<p><strong><span style=\"color: #99cc00;\">[Circ]<\/span><\/strong>\u00a0<a href=\"https:\/\/ajuntament.barcelona.cat\/noubarris\/ca\/guia-del-districte\/agenda\/llistat-activitats\/29e-circ-d-hivern-rara-avis-a-l-ateneu-popular-de-nou-barris_99400640465\">29\u00e8 Circ d\u2019Hivern de l\u2019Ateneu Popular 9 Barris: \u2018Rara avis&#8217;<\/a><\/p>\n<ul>\n<li>14 de gener al 19 de gener a les 18<\/li>\n<li>F\u00e0brica de Creaci\u00f3 Ateneu Popular 9 Barris<\/li>\n<li>a partir de 8 anys<\/li>\n<li>6 euro per menors de 14 anys<\/li>\n<li>Qu\u00e8 \u00e9s? Circ: Un espectacle de circ per a tots els p\u00fablics, amb cinc artistes especialistes en aeris.<\/li>\n<\/ul>\n<p>\u00a0<\/p>\n<p><strong><span style=\"color: #99cc00;\">[Exposici\u00f3]<\/span><\/strong>\u00a0<a href=\"https:\/\/ajuntament.barcelona.cat\/noubarris\/ca\/guia-del-districte\/agenda\/llistat-activitats\/exposicio-agony-in-the-garden_99400746465\">Exposici\u00f3 \u00abAgony in the garden\u00bb<\/a><\/p>\n<ul>\n<li>Fins el 25 de gener, tots els dies de 16 a las 22<\/li>\n<li>Centre C\u00edvic Can Bast\u00e9<\/li>\n<li>a partir de 8 anys<\/li>\n<li>Gratu\u00eft<\/li>\n<li>Qu\u00e8 \u00e9s? S\u00e8rie fotogr\u00e0fica realitzada en col\u00b7laboraci\u00f3 amb joves al llarg dels paisatges \u00e0rids del centre i sud d\u2019Espanya. La intenci\u00f3 del treball, que es va desenvolupar en el context de la pand\u00e8mia, \u00e9s posar el focus d\u2019atenci\u00f3 en els moviments juvenils contemporanis i reflexionar sobre el moment present en relaci\u00f3 amb un passat remot.<\/li>\n<\/ul>\n<p>\u00a0<\/p>\n<h3><strong><span style=\"color: #808080;\">Tur\u00f3 de la Peira &#8211; Can Peguera<\/span><\/strong><\/h3>\n<p><strong><span style=\"color: #99cc00;\">[Parc]<\/span><\/strong>\u00a0<a href=\"https:\/\/www.barcelona.cat\/es\/que-hacer-en-bcn\/parques-y-jardines\/parque-del-turo-de-la-peira-92086011958\">Passeig pel parc de Tur\u00f3 de la Peira<\/a><\/p>\n<p><a href=\"https:\/\/entandem.cat\/recursos\/agenda-cultural-gener-2025\/attachment\/2o\/\" rel=\"attachment wp-att-12017\"><img loading=\"lazy\" decoding=\"async\" class=\"alignnone  wp-image-12017\" src=\"https:\/\/entandem.cat\/wp-content\/uploads\/2025\/01\/2o-300x164.jpg\" alt=\"\" width=\"468\" height=\"256\" srcset=\"https:\/\/entandem.cat\/wp-content\/uploads\/2025\/01\/2o-300x164.jpg 300w, https:\/\/entandem.cat\/wp-content\/uploads\/2025\/01\/2o-768x419.jpg 768w, https:\/\/entandem.cat\/wp-content\/uploads\/2025\/01\/2o.jpg 953w\" sizes=\"auto, (max-width: 468px) 100vw, 468px\" \/><\/a><\/p>\n<ul>\n<li>Quan es vulgui<\/li>\n<li>Parque Turo de la Peira<\/li>\n<li>Tothom<\/li>\n<li>Gratuit<\/li>\n<li>Qu\u00e8 \u00e9s? Visita a un Parc<\/li>\n<\/ul>\n<p>\u00a0<\/p>\n<p><strong><span style=\"color: #99cc00;\">[Xerrada]<\/span><\/strong>\u00a0<a href=\"https:\/\/ajuntament.barcelona.cat\/centrescivics\/ca\/activitat\/emergencia-educativa-eduquem-consumir-o-pensar\">Emerg\u00e8ncia educativa \u2013 Eduquem per consumir o per pensar?<\/a><\/p>\n<ul>\n<li>Dijous, 16\/01\/2025 &#8211; 18.30 h i Dijous, 30\/01\/2025 &#8211; 19.00 h (CC El Sortidor)<\/li>\n<li>CC Torre Llobeta<\/li>\n<li>adolescents<\/li>\n<li>Gratuit<\/li>\n<li>Qu\u00e8 \u00e9s? Xerrada: En aquesta sessi\u00f3 volem analitzar els grans reptes que afronta l\u2019educaci\u00f3 en una societat capitalista i amb una gran pres\u00e8ncia de la tecnologia.<\/li>\n<\/ul>\n<p>\u00a0<\/p>\n<p><strong><span style=\"color: #99cc00;\">[Donaci\u00f3]<\/span><\/strong><a href=\"https:\/\/www.barcelona.cat\/casalsdebarri\/lacosanostra\/ca\/armari-gener-febrer-i-mar%C3%A7\">\u00a0L&#8217;armari<\/a><\/p>\n<ul>\n<li>13 de Gener: 17:30 a 19:30h<\/li>\n<li>Casal de barri la cosa nostra<\/li>\n<li>Adolescents<\/li>\n<li>Gratu\u00eft<\/li>\n<li>Qu\u00e8 \u00e9s? Porta la roba que no facis servir o vine a agafa la que t&#8217;agradi!<\/li>\n<\/ul>\n<p>\u00a0<\/p>\n<h3><span style=\"color: #808080;\"><strong>La Prosperitat<\/strong><\/span><\/h3>\n<p><strong><span style=\"color: #99cc00;\">[Exposici\u00f3]<\/span><\/strong>\u00a0<a href=\"https:\/\/ajuntament.barcelona.cat\/noubarris\/es\/guia-del-distrito\/agenda\/exposicio-la-pintada_99400746466\">Exposici\u00f3 &#8216;La Pintada&#8217;<\/a><\/p>\n<p><a href=\"https:\/\/entandem.cat\/recursos\/agenda-cultural-gener-2025\/attachment\/3o\/\" rel=\"attachment wp-att-12014\"><img loading=\"lazy\" decoding=\"async\" class=\"alignnone  wp-image-12014\" src=\"https:\/\/entandem.cat\/wp-content\/uploads\/2025\/01\/3o-300x142.jpg\" alt=\"\" width=\"526\" height=\"249\" srcset=\"https:\/\/entandem.cat\/wp-content\/uploads\/2025\/01\/3o-300x142.jpg 300w, https:\/\/entandem.cat\/wp-content\/uploads\/2025\/01\/3o.jpg 760w\" sizes=\"auto, (max-width: 526px) 100vw, 526px\" \/><\/a><\/p>\n<ul>\n<li>Dilluns de 16.00 h a 22.00 h. Dimarts, dimecres, dijous i divendres de 16.00 h a 22.00 h fins al 25\/01\/25.<\/li>\n<li>Centre Can Bast\u00e9<\/li>\n<li>Adolescents<\/li>\n<li>Gratu\u00eft<\/li>\n<li>Qu\u00e8 \u00e9s? Exposici\u00f3: La pintada! Un mural de protestes i altres missatges on veiem la veu de les ve\u00efnes que van decidir estar al llarg de la hist\u00f2ria parlant en les seves parets.<\/li>\n<\/ul>\n<p>\u00a0<\/p>\n<p><strong><span style=\"color: #99cc00;\">[Exposici\u00f3]<\/span><\/strong>\u00a0<a href=\"https:\/\/ajuntament.barcelona.cat\/noubarris\/es\/guia-del-distrito\/agenda\/exposicio-col-lectiva-el-salo_99400746467\">Exposici\u00f3 col\u00b7lectiva &#8216;El Sal\u00f3&#8217;<\/a><\/p>\n<ul>\n<li>Dilluns de 16.00 h a 22.00 h y Dimarts, dimecres, dijous i divendres de 16.00 h a 22.00 h fins al 25\/01\/25<\/li>\n<li>Can Bast\u00e9<\/li>\n<li>Adolescents<\/li>\n<li>Gratu\u00eft<\/li>\n<li>Qu\u00e8 \u00e9s? Exposici\u00f3: Aquesta exposici\u00f3 \u00e9s un crit, un inventari, un \u00edndex incomplet, una mostra de la fertilitat fotogr\u00e0fica a la ciutat de Barcelona.<\/li>\n<\/ul>\n<p>\u00a0<\/p>\n<p><strong><span style=\"color: #99cc00;\">[Parc]<\/span><\/strong>\u00a0<a href=\"https:\/\/www.barcelona.cat\/ca\/que-pots-fer-a-bcn\/parcs-i-jardins\/parc-de-josep-maria-serra-marti-97248100532\">Parc de Josep Maria Serra Mart\u00ed<\/a><\/p>\n<p><a href=\"https:\/\/entandem.cat\/recursos\/agenda-cultural-gener-2025\/attachment\/4\/\" rel=\"attachment wp-att-12011\"><img loading=\"lazy\" decoding=\"async\" class=\"alignnone  wp-image-12011\" src=\"https:\/\/entandem.cat\/wp-content\/uploads\/2025\/01\/4.jpg\" alt=\"\" width=\"422\" height=\"282\" \/><\/a><\/p>\n<ul>\n<li>Quan es vulgui<\/li>\n<li>C Miguel Hern\u00e1ndez, 16<\/li>\n<li>Tothom<\/li>\n<li>Gratu\u00eft<\/li>\n<li>Qu\u00e8 \u00e9s?Visita al parc; Aquest espai verd, molt ve\u00efnal, no \u00e9s solament un parc, sin\u00f3 que tamb\u00e9 \u00e9s un passeig i una pla\u00e7a.<\/li>\n<\/ul>\n<p>\u00a0<\/p>\n<h3><span style=\"color: #808080;\"><strong>Zona Nord<\/strong><\/span><\/h3>\n<p><strong><span style=\"color: #99cc00;\">[Exposici\u00f3]<\/span><\/strong>\u00a0<a href=\"https:\/\/ajuntament.barcelona.cat\/biblioteques\/ca\/bibzonanord\/noticies\/ni-una-mas-1461936\">Expo 25N Ni una mas<\/a><\/p>\n<ul>\n<li>Fins el 07\/01<\/li>\n<li>A l\u2019exterior de la Biblioteca Maria Sanchez<\/li>\n<li>Tothom<\/li>\n<li>Gratu\u00eft<\/li>\n<li>Qu\u00e8 \u00e9s?Exposic\u00f3 ; Festival de Fotografia sobre drets humans i Just\u00edcia Global de Barcelona. Es presenten 12 fotografies, que mostren la viol\u00e8ncia de g\u00e8nere que pateixen les dones a M\u00e8xic al llarg de la seva vida. Estar\u00e0 exposada des del 3 de desembre fins al 7 de gener a l\u2019exterior de la Biblioteca de Zona Nord-M\u00e0ria S\u00e1nchez.<\/li>\n<\/ul>\n<p>\u00a0<\/p>\n<p><strong><span style=\"color: #99cc00;\">[Passeig]<\/span><\/strong><u><a href=\"https:\/\/www.meet.barcelona\/ca\/visita-la-i-estima-la\/punts-dinteres-de-la-ciutat\/la-casa-de-l-aigua-99400407405\">Passeig i visita de \u00abla casa de l&#8217;aigua\u00bb<\/a><\/u><\/p>\n<p><a href=\"https:\/\/entandem.cat\/recursos\/agenda-cultural-gener-2025\/attachment\/5o\/\" rel=\"attachment wp-att-12008\"><img loading=\"lazy\" decoding=\"async\" class=\"alignnone  wp-image-12008\" src=\"https:\/\/entandem.cat\/wp-content\/uploads\/2025\/01\/5o-300x224.jpg\" alt=\"\" width=\"434\" height=\"324\" srcset=\"https:\/\/entandem.cat\/wp-content\/uploads\/2025\/01\/5o-300x224.jpg 300w, https:\/\/entandem.cat\/wp-content\/uploads\/2025\/01\/5o.jpg 302w\" sizes=\"auto, (max-width: 434px) 100vw, 434px\" \/><\/a><\/p>\n<ul>\n<li>De dilluns a divendres de 10:00 h a 19:00 h<\/li>\n<li>Casa de l&#8217;aigua. Carrer Garb\u00ed, 2<\/li>\n<li>Tothom<\/li>\n<li>Gratu\u00eft<\/li>\n<li>Qu\u00e8 \u00e9s?Passeig i visita cultural a la \u00abCasa de l&#8217;Aigua\u00bb [Exposici\u00f3] <a href=\"https:\/\/ajuntament.barcelona.cat\/noubarris\/es\/guia-del-distrito\/agenda\/lista-actividades\/exposicio-donants-de-memoria_99400730222\">Exposici\u00f3n \u00abDonants de mem\u00f2ria\u00bb<\/a><\/li>\n<li>De dilluns a divendres de 16.00 h a 21.30 h fins al 31\/01 \u25cf Centre civic Can Verdaguer<\/li>\n<li>Tothom<\/li>\n<li>Gratu\u00eft<\/li>\n<li>Qu\u00e8 \u00e9s? Exposici\u00f3: Per no oblidar que cada un de nosaltres tenim m\u00e9s poder per canviar les coses del que imaginem, especialment ni teixim una comunitat.<\/li>\n<\/ul>\n<p>No oblidem i deixem arribar a les noves generacions que el verdader poder est\u00e0 a la for\u00e7a de la comunitat.<\/p>\n<p>\u00a0<\/p>\n<h1><span style=\"color: #bf0000;\">Bon Pastor &#8211; Bar\u00f3 De Viver<\/span><\/h1>\n<p><strong><span style=\"color: #99cc00;\">[Dansa]<\/span><\/strong>\u00a0<a href=\"https:\/\/ajuntament.barcelona.cat\/ccivics\/bonpastor\/p\/61543\/poker-de-iaies-\">Vespre de dansa<\/a><\/p>\n<ul>\n<li>31 de gener a les 19.00 h<\/li>\n<li>Centre C\u00edvic Bon Pastor. Pla\u00e7a Robert Gerhard, 3-4. 08030. Barcelona<\/li>\n<li>Adolescents<\/li>\n<li>Gratu\u00eft<\/li>\n<li>Qu\u00e8 \u00e9s? Vine a viure una vesprada de dansa contempor\u00e0nia on, a trav\u00e9s dels moviments corporals, es presenta una jornada de remoure i transformar emocions i sentiments.<\/li>\n<\/ul>\n<p>\u00a0<\/p>\n<p><strong><span style=\"color: #99cc00;\">[Obra]<\/span><\/strong>\u00a0<a href=\"https:\/\/ajuntament.barcelona.cat\/ccivics\/bonpastor\/p\/61543\/poker-de-iaies-\">Poker de iaies<\/a><\/p>\n<p><a href=\"https:\/\/entandem.cat\/recursos\/agenda-cultural-gener-2025\/attachment\/6o\/\" rel=\"attachment wp-att-12005\"><img loading=\"lazy\" decoding=\"async\" class=\"alignnone  wp-image-12005\" src=\"https:\/\/entandem.cat\/wp-content\/uploads\/2025\/01\/6o-300x200.jpg\" alt=\"\" width=\"417\" height=\"278\" srcset=\"https:\/\/entandem.cat\/wp-content\/uploads\/2025\/01\/6o-300x200.jpg 300w, https:\/\/entandem.cat\/wp-content\/uploads\/2025\/01\/6o-272x182.jpg 272w, https:\/\/entandem.cat\/wp-content\/uploads\/2025\/01\/6o.jpg 467w\" sizes=\"auto, (max-width: 417px) 100vw, 417px\" \/><\/a><\/p>\n<ul>\n<li>10 de gener a les 19.00 h<\/li>\n<li>Centre C\u00edvic Bon Pastor. Pla\u00e7a Robert Gerhard, 3-4. 08030. Barcelona<\/li>\n<li>Adolescents<\/li>\n<li>Gratu\u00eft<\/li>\n<li>Qu\u00e8 \u00e9s? Un c\u00f2ctel d&#8217;humor i m\u00e0gia on es trenquen tots els esquemes, s\u00f3n dones, s\u00f3n de la tercera edat, independents i de fet, s\u00f3n parella.<\/li>\n<\/ul>\n<p>\u00a0<\/p>\n<p><strong><span style=\"color: #99cc00;\">[Exposici\u00f3]<\/span><\/strong>\u00a0<a href=\"https:\/\/ajuntament.barcelona.cat\/ccivics\/bonpastor\/p\/55413\/exposici-maquetes-del-bon-pastor-\">Exposici\u00f3: maquetes del Bon Pastor<\/a><\/p>\n<ul>\n<li>02\/01\/2025 &gt; 20\/01\/2025 16:00h &#8211; 21:30h<\/li>\n<li>Centre C\u00edvic Bon Pastor. Pla\u00e7a Robert Gerhard, 3-4. 08030. Barcelona<\/li>\n<li>Adolescents<\/li>\n<li>Gratu\u00eft<\/li>\n<li>Qu\u00e8 \u00e9s? A partir de maquetes, es podr\u00e0 recorre els edificis m\u00e9s caracter\u00edstics del barri i rememorar aquells espais ja desapareguts.<\/li>\n<\/ul>\n<p>\u00a0<\/p>\n<p><strong><span style=\"color: #99cc00;\">[Exposici\u00f3]<\/span><\/strong>\u00a0<a href=\"https:\/\/ajuntament.barcelona.cat\/ccivics\/bonpastor\/p\/61607\/exposici-ecofeminismes-\">Exposici\u00f3: ecofeminismes<\/a><\/p>\n<ul>\n<li>21\/01\/2025 &gt; 31\/01\/2025 16:00- 21:30<\/li>\n<li>Pla\u00e7a Robert Gerhard, 3-4. 08030. Barcelona<\/li>\n<li>Adolescents<\/li>\n<li>Gratu\u00eft<\/li>\n<li>Qu\u00e8 \u00e9s? Qu\u00e8 \u00e9s l\u2019ecofeminisme? A trav\u00e9s de l\u2019exposici\u00f3, es buscar\u00e0 donar resposta sobre aquest moviment sociopol\u00edtic que combina medi ambient i feminisme.<\/li>\n<\/ul>\n<p>\u00a0<\/p>\n<h3><span style=\"color: #808080;\"><strong>Carmel<\/strong><\/span><\/h3>\n<p><strong><span style=\"color: #99cc00;\">[Taller]<\/span><\/strong>\u00a0<a href=\"https:\/\/ajuntament.barcelona.cat\/horta-guinardo\/ca\/el-districte-i-els-seus-barris\/el-carmel\/agenda\/cicle-musica-z_99400701711\">Taller: Cicle \u00abMusica Z\u00bb<\/a><\/p>\n<ul>\n<li>Des de 22\/01\/2025 al 26\/03\/2025 a les 18:30<\/li>\n<li>Centre civic El Carmel<\/li>\n<li>Nens, adolescentes (Alumnes de l\u2019escola ESMUC)<\/li>\n<li>Gratu\u00eft<\/li>\n<li>Qu\u00e8 \u00e9s? Cicle musical que apropa els coneixements de l\u2019alumnat de diferents escoles superiors de m\u00fasica als diferents districtes de la ciutat, en una experi\u00e8ncia musical propera i compartida.<\/li>\n<\/ul>\n<p>\u00a0<\/p>\n<p><strong><span style=\"color: #99cc00;\">[Escalada]<\/span><\/strong>\u00a0<a href=\"https:\/\/ajuntament.barcelona.cat\/bocanord\/serveis\/rocodrom\/\">Escalada a espai jove Boca Nord<\/a><\/p>\n<ul>\n<li>De dilluns a divendres de 16h a 21h<\/li>\n<li>Espai Jove Boca Nord<\/li>\n<li>Tothom<\/li>\n<li>Preu: 1 euro<\/li>\n<li>Qu\u00e8 \u00e9s? Activitat d&#8217;escalada al rocodrom<\/li>\n<\/ul>\n<p>\u00a0<\/p>\n<p><strong><span style=\"color: #99cc00;\">[Sortida]<\/span><\/strong>\u00a0<a href=\"http:\/\/www.bunkers.cat\/es\/\">Sortida : Los Bunkers del Carmel<\/a><\/p>\n<p><a href=\"https:\/\/entandem.cat\/recursos\/agenda-cultural-gener-2025\/attachment\/7o\/\" rel=\"attachment wp-att-12002\"><img loading=\"lazy\" decoding=\"async\" class=\"alignnone  wp-image-12002\" src=\"https:\/\/entandem.cat\/wp-content\/uploads\/2025\/01\/7o.jpg\" alt=\"\" width=\"444\" height=\"295\" \/><\/a><\/p>\n<ul>\n<li>9.00 h a 17:30 h cada dia (hivern)<\/li>\n<li>El Carmel<\/li>\n<li>Tothom<\/li>\n<li>gratu\u00eft<\/li>\n<li>Qu\u00e8 \u00e9s? Els b\u00fanquers del Carmel \u00e9s un mirador des del qual es pot observar tota la ciutat de Barcelona (vistes a la ciutat en 360\u00e8). Est\u00e0 situat en el cim del Tur\u00f3 de la Rovira en el Carmel amb una altura de 262 metres.<\/li>\n<\/ul>\n<p>\u00a0<\/p>\n<h3><span style=\"color: #808080;\"><strong>La Pau i la Verneda<\/strong><\/span><\/h3>\n<p><strong><span style=\"color: #99cc00;\">[Biblioteca]<\/span><\/strong><a href=\"https:\/\/naubostik.com\/visitans\/primera-planta\/biblioteca\/\">(Biblioteca) Nau Bostik<\/a><\/p>\n<ul>\n<li>Tardes de dilluns a divendres: 16.00 h a 18.00 h<\/li>\n<li>Nau Bostik<\/li>\n<li>Tothom<\/li>\n<li>Gratu\u00eft<\/li>\n<li>Qu\u00e8 \u00e9s? Visita a la biblioteca: Nova biblioteca popular i social, oberta a tothom, especialitzada en arquitectura, urbanisme, art, fotografia, Barcelona -i els seus barris- i teoria pol\u00edtica.<\/li>\n<\/ul>\n<p>\u00a0<\/p>\n<p><strong><span style=\"color: #99cc00;\">[Museu]<\/span><\/strong>\u00a0<a href=\"https:\/\/www.mhic.cat\/qui-som\/\">Museu d&#8217;hist\u00f2ria de la immigraci\u00f3 de Catalunya<\/a><\/p>\n<p><a href=\"https:\/\/entandem.cat\/recursos\/agenda-cultural-gener-2025\/attachment\/8o\/\" rel=\"attachment wp-att-11999\"><img loading=\"lazy\" decoding=\"async\" class=\"alignnone  wp-image-11999\" src=\"https:\/\/entandem.cat\/wp-content\/uploads\/2025\/01\/8o-300x89.jpg\" alt=\"\" width=\"519\" height=\"154\" srcset=\"https:\/\/entandem.cat\/wp-content\/uploads\/2025\/01\/8o-300x89.jpg 300w, https:\/\/entandem.cat\/wp-content\/uploads\/2025\/01\/8o-768x228.jpg 768w, https:\/\/entandem.cat\/wp-content\/uploads\/2025\/01\/8o.jpg 979w\" sizes=\"auto, (max-width: 519px) 100vw, 519px\" \/><\/a><\/p>\n<ul>\n<li>De dimarts a dissabtes de 10h a 14h i dimarts i dijous de 16h a 19h.<\/li>\n<li>MHIC<\/li>\n<li>Tothom<\/li>\n<li>Entrada lliure<\/li>\n<li>Qu\u00e8 \u00e9s? El Museu d\u2019hist\u00f2ria de la immigraci\u00f3 de Catalunya (MhiC) va obrir les seves portes l\u2019any 2004. \u00c9s per tant un museu del segle XXI, amb una clara vocaci\u00f3 d\u2019educaci\u00f3 a la ciutadania, on la creaci\u00f3 del Fons patrimonial \u00e9s oberta i participativa.<\/li>\n<\/ul>\n<p>\u00a0<\/p>\n<p><strong><span style=\"color: #99cc00;\">[Hort]<\/span><\/strong>\u00a0<a href=\"https:\/\/ajuntament.barcelona.cat\/ccivics\/santmarti\/p\/36733\/grup-dintercanvi-a-lhort-\">Grup d&#8217;intercanvi a l&#8217;hort<\/a><\/p>\n<ul>\n<li>12\/12\/2024 &gt; 28\/03\/2025<\/li>\n<li>Centre civic Sant Marti<\/li>\n<li>Per tothom<\/li>\n<li>Gratu\u00eft<\/li>\n<li>Qu\u00e8 \u00e9s? Grup d&#8217;intercanvi de coneixements i sabers amb l&#8217;hort del Centre C\u00edvic Sant Mart\u00ed i la Casa de Llavors de La Escocesa.<\/li>\n<\/ul>\n<p>\u00a0<\/p>\n<h1><span style=\"color: #bf0000;\">Montcada i Reixac<\/span><\/h1>\n<p><strong><span style=\"color: #99cc00;\">[Exposici\u00f3]<\/span><\/strong>\u00a0<a href=\"https:\/\/www.montcada.cat\/actualitat\/agenda\/exposicio-fotografica-quan-tot-sensorra.html\">Exposici\u00f3 fotogr\u00e0fica. Quan tot s&#8217;ensorra<\/a><\/p>\n<p><a href=\"https:\/\/entandem.cat\/recursos\/agenda-cultural-gener-2025\/attachment\/9o\/\" rel=\"attachment wp-att-11996\"><img loading=\"lazy\" decoding=\"async\" class=\"alignnone  wp-image-11996\" src=\"https:\/\/entandem.cat\/wp-content\/uploads\/2025\/01\/9o-300x300.jpg\" alt=\"\" width=\"347\" height=\"347\" srcset=\"https:\/\/entandem.cat\/wp-content\/uploads\/2025\/01\/9o-300x300.jpg 300w, https:\/\/entandem.cat\/wp-content\/uploads\/2025\/01\/9o-150x150.jpg 150w, https:\/\/entandem.cat\/wp-content\/uploads\/2025\/01\/9o.jpg 600w\" sizes=\"auto, (max-width: 347px) 100vw, 347px\" \/><\/a><\/p>\n<ul>\n<li>16 de Gener al 7 de Febrer<\/li>\n<li>Casa de la Vila<\/li>\n<li>Adolescents<\/li>\n<li>Gratu\u00eft<\/li>\n<li>Qu\u00e8 \u00e9s? Exposici\u00f3: Aquesta mostra busca un discurs universal sobre la reacci\u00f3 humana a les emerg\u00e8ncies humanit\u00e0ries arreu del m\u00f3n, tamb\u00e9 a casa nostra.<\/li>\n<\/ul>\n<p>\u00a0<\/p>\n<p><strong><span style=\"color: #99cc00;\">[Exposici\u00f3]<\/span><\/strong>\u00a0<a href=\"https:\/\/www.montcada.cat\/actualitat\/agenda\/exposicio-drets-del-infants-construim-el-nostre-mon-de-drets.html\">Exposici\u00f3. Drets del infants. Constru\u00efm el nostre m\u00f3n de drets<\/a><\/p>\n<ul>\n<li>20 de Gener al 25 de Febrer<\/li>\n<li>Biblioteca Elisenda de Moncada<\/li>\n<li>Adolescents<\/li>\n<li>Gratu\u00eft<\/li>\n<li>Qu\u00e8 \u00e9s? En aquesta edici\u00f3, es reivindicaran els drets dels infants que es troben enmig dels conflictes armats a trav\u00e9s d\u2019un joc d\u2019escapada per apropar-se a la realitat de milers d\u2019infants arreu del m\u00f3n i, alhora, con\u00e8ixer els drets fonamentals dels infants d\u2019una manera interactiva.<\/li>\n<\/ul>\n<p><u>\u00a0<\/u><\/p>\n<p><strong><span style=\"color: #99cc00;\">[Xerrada]<\/span><\/strong>\u00a0<a href=\"https:\/\/www.montcada.cat\/actualitat\/agenda\/xerrada-les-dones-i-les-nenes-de-lafganistan-dels-tailbans.html\">Xerrada. Les dones i les nenes de l&#8217;Afganistan dels tailbans<\/a><\/p>\n<ul>\n<li>30 de Gener a les 18:00h<\/li>\n<li>Carrer Major, 32 &#8211; Carrer Dom\u00e8nec Fins, 15 &#8211; 08110 Montcada i Reixac &#8211; Barcelona<\/li>\n<li>Adolescents<\/li>\n<li>Gratu\u00eft<\/li>\n<li>Qu\u00e8 \u00e9s? L\u2019activista afganesa Nadia Ghulam ens explicar\u00e0 qu\u00e8 est\u00e0 passant a l\u2019Afganistan amb les dones i les ne-nes arran de la prohibici\u00f3 de qu\u00e8 puguin estudiar i treballar.<\/li>\n<\/ul>\n<p>\u00a0<\/p>\n<h1><span style=\"color: #bf0000;\">Sant Mart\u00ed<\/span><\/h1>\n<h3><strong><span style=\"color: #808080;\">Bes\u00f2s i el Maresme<\/span><\/strong><\/h3>\n<p><strong><span style=\"color: #99cc00;\">[Exposici\u00f3]<\/span><\/strong>\u00a0<a href=\"https:\/\/ajuntament.barcelona.cat\/ccivics\/elbesosielmaresme\/p\/62150\/exposici-shred-the-patriarchy-ii\">Exposici\u00f3 \u00abShred the Patriarchy\u00bb<\/a><\/p>\n<p><a href=\"https:\/\/entandem.cat\/recursos\/agenda-cultural-gener-2025\/attachment\/10o\/\" rel=\"attachment wp-att-11993\"><img loading=\"lazy\" decoding=\"async\" class=\"alignnone  wp-image-11993\" src=\"https:\/\/entandem.cat\/wp-content\/uploads\/2025\/01\/10o-300x148.jpg\" alt=\"\" width=\"448\" height=\"221\" srcset=\"https:\/\/entandem.cat\/wp-content\/uploads\/2025\/01\/10o-300x148.jpg 300w, https:\/\/entandem.cat\/wp-content\/uploads\/2025\/01\/10o-768x378.jpg 768w, https:\/\/entandem.cat\/wp-content\/uploads\/2025\/01\/10o.jpg 905w\" sizes=\"auto, (max-width: 448px) 100vw, 448px\" \/><\/a><\/p>\n<ul>\n<li>10 de Desembre al 25 de Gener<\/li>\n<li>Tanques de l\u2019Institut Rambla Prim<\/li>\n<li>Per tothom<\/li>\n<li>Gratu\u00eft<\/li>\n<li>Qu\u00e8 \u00e9s? Exposici\u00f3; projecte Shred the Patriarchy es centra en les hist\u00f2ries d\u2019algunes dones que practiquen skate malgrat les dures repercussions socials i familiars que pateixen per triar aquesta pr\u00e0ctica, encara no acceptada en algunes societats.<\/li>\n<\/ul>\n<p>\u00a0<\/p>\n<p><strong><span style=\"color: #99cc00;\">[Exposici\u00f3]<\/span><\/strong>\u00a0<a href=\"https:\/\/ajuntament.barcelona.cat\/ccivics\/elbesosielmaresme\/p\/62149\/exposici-objectiu-la-pau\">Exposici\u00f3 \u00abObjectiu la Pau\u00bb<\/a><\/p>\n<ul>\n<li>10 de Desembre al 25 de Gener: horari del centre c\u00edvic, abierto de lunes a viernes hasta las 21<\/li>\n<li>Sala d&#8217;exposicions. Adre\u00e7a: Rambla Prim, 87<\/li>\n<li>Per tothom<\/li>\n<li>Gratu\u00eft<\/li>\n<li>Qu\u00e8s \u00e9s? A trav\u00e9s de les imatges, ambd\u00f3s recorreguts fotogr\u00e0fics dialoguen, s\u2019interpel\u00b7len i ens conviden a humanitzar, a desaprendre\u2019ns la guerra i a transformar l\u2019odi, apropant-nos aix\u00ed a la realitat actual de Col\u00f2mbia i el seu proc\u00e9s de pau.<\/li>\n<\/ul>\n<p>\u00a0<\/p>\n<h1><span style=\"color: #bf0000;\">Cerdanyola del Vall\u00e8s<\/span><\/h1>\n<p><strong><span style=\"color: #99cc00;\">[Exposici\u00f3]<\/span><\/strong>\u00a0<a href=\"https:\/\/cerdanyola.cat\/agenda\/exposicio-pintem-la-diversitat-dia-internacional-de-les-persones-amb-discapacitatdiversitat-0\">Exposici\u00f3 &#8216;Pintem la Diversitat&#8217; Dia Internacional de les Persones amb disCapacitat\/Diversitat Funcional<\/a><\/p>\n<ul>\n<li>Del 13\/01\/2025 al 20\/01\/2025<\/li>\n<li>Sala infantil de la Biblioteca Central (pla\u00e7a Enric Granados, 1) \u25cf Per tothom<\/li>\n<li>Gratu\u00eft<\/li>\n<li>En el marc del programa d&#8217;activitats del Dia Internacional de les Persones amb disCapacitat\/Diversitat Funcional, que es commemora el 3 de desembre, es presenta aquesta exposici\u00f3 de tots els dibuixos realitzats pels nens i les nenes de 2n de prim\u00e0ria de les escoles que han participat: Tur\u00f3 de Guiera, Serraparera, la Sinia, Saltells, Xarau, Fontetes, Fedac Cerdanyola i Montserrat, on es transmet la mirada que tenen aquests infants envers la disCapacitat\/Diversitat Funcional explicada a trav\u00e9s d&#8217;un conte pels usuaris de Catalonia Fundaci\u00f3 Creactiva.<\/li>\n<\/ul>\n<p>\u00a0<\/p>\n<p><strong><span style=\"color: #99cc00;\">[Exposici\u00f3]<\/span><\/strong>\u00a0<a href=\"https:\/\/www.cerdanyola.cat\/agenda\/exposicio-solidaria-benefici-de-lassociacio-adia\">Exposici\u00f3 solid\u00e0ria a benefici de l&#8217;Associaci\u00f3 ADIA<\/a><\/p>\n<ul>\n<li>Del 4 de desembre al 6 de gener<\/li>\n<li>La sala B\u2019Art de l\u2019Ateneu<\/li>\n<li>Per tothom<\/li>\n<li>Gratu\u00eft<\/li>\n<li>Qu\u00e8 \u00e9s? ART PER ETI\u00d2PIA, junts per un futur millor&#8217;, a benefici de l\u2019ONG ADIA (Associaci\u00f3 per al desenvolupament de la inf\u00e0ncia a \u00c0frica). ADIA \u00e9s una ONG sense afany de lucre, independent de qualsevol afiliaci\u00f3 pol\u00edtica o religiosa, que treballa en l\u2019\u00e0mbit de la cooperaci\u00f3 social i el respecte als drets humans. Tots els membres que col\u00b7laboren en l\u2019entitat ho fan des del voluntariat. Es va inaugurar el 4 de desembre a les 19:30 h a la sala B\u2019Art de l\u2019Ateneu, i \u00e9s el tret de sortida per a que les obres es puguin adquirir a preus molt populars tenint en compte que son obres originals (entre 50 i 100\u20ac). L&#8217;Associaci\u00f3 far\u00e0 p\u00fablica la recaptaci\u00f3 final. Les obres adquirides es lliuraran entre el 6 i el 7 de gener.<\/li>\n<\/ul>\n<p>\u00a0<\/p>\n<p><strong><span style=\"color: #99cc00;\">[Lectura]<\/span><\/strong><a href=\"https:\/\/www.bibliotecacerdanyola.cat\/event\/conte-menuts-3\/\">\u00abLes punxes d\u2019en Pinxo\u00bb<\/a><\/p>\n<ul>\n<li>15 de gener a les 17:30h<\/li>\n<li>BCC, Planta 0, Sala Enric Granados &#8211; Pla\u00e7a Enric Granados, 1<\/li>\n<li>Fam\u00edlies amb infants de 18-36 mesos<\/li>\n<li>Inscripcions: a partir del 10 de gener al espai web de la biblioteca<\/li>\n<li>Pinxo \u00e9s un eri\u00e7\u00f3 i a les seves punxes s\u2019hi enganxa de tot. S\u2019acosta l\u2019hivern i en Pinxo tindr\u00e0 problemes per entrar al seu cau, per\u00f2 Pinxo t\u00e9 amics i aix\u00f2 sempre ajuda. Una petita hist\u00f2ria acumulativa amb rimes i can\u00e7ons.<\/li>\n<\/ul>\n<p>\u00a0<\/p>\n<h1><span style=\"color: #bf0000;\">Manresa<\/span><\/h1>\n<p><strong><span style=\"color: #99cc00;\">[Exposici\u00f3]<\/span><\/strong>\u00a0<a href=\"https:\/\/www.manresacultura.cat\/casino\/menu\/17159-llindars-de-quim-moya\">\u201cLlindars\u00bb de Quim Moya<\/a><\/p>\n<ul>\n<li>Del 15\/11\/24 19:30h al 06\/01\/25 20:30h &#8211; De dimarts a diumenge de 17:30 a 20: 30 h.<\/li>\n<li>Centre Cultural el Casino Passeig de Pere III, 27. Manresa<\/li>\n<li>Per a tots els p\u00fablics<\/li>\n<li>Gratu\u00eft<\/li>\n<li>Llindars \u00e9s una exposici\u00f3 que ens convida a q\u00fcestionar i a reflexionar tot demanant-nos un paper actiu. A l\u2019exposici\u00f3, en Quim Moya ens mena a entrar a un espai, a passar un llindar. Tot llindar \u00e9s un punt intermedi, una frontissa i en tot llindar es fa present una decisi\u00f3.<\/li>\n<\/ul>\n<p>\u00a0<\/p>\n<p><strong><span style=\"color: #99cc00;\">[Exposici\u00f3]<\/span><\/strong>\u00a0<a href=\"https:\/\/myalbum.com\/album\/oiWsTsUqmrEZT9\/\">Exposici\u00f3 Welcome: experi\u00e8ncia de refugi<\/a><\/p>\n<p><a href=\"https:\/\/entandem.cat\/recursos\/agenda-cultural-gener-2025\/attachment\/11o\/\" rel=\"attachment wp-att-11990\"><img loading=\"lazy\" decoding=\"async\" class=\"alignnone  wp-image-11990\" src=\"https:\/\/entandem.cat\/wp-content\/uploads\/2025\/01\/11o-300x164.jpg\" alt=\"\" width=\"435\" height=\"238\" srcset=\"https:\/\/entandem.cat\/wp-content\/uploads\/2025\/01\/11o-300x164.jpg 300w, https:\/\/entandem.cat\/wp-content\/uploads\/2025\/01\/11o-1024x561.jpg 1024w, https:\/\/entandem.cat\/wp-content\/uploads\/2025\/01\/11o-768x421.jpg 768w, https:\/\/entandem.cat\/wp-content\/uploads\/2025\/01\/11o.jpg 1271w\" sizes=\"auto, (max-width: 435px) 100vw, 435px\" \/><\/a><\/p>\n<ul>\n<li>Del 09\/12\/24 00:00h al 07\/01\/25 23:59h<\/li>\n<li>Claustre del Museu de Manresa<\/li>\n<li>Tots els p\u00fablics<\/li>\n<li>Gratu\u00eft<\/li>\n<li>A trav\u00e9s de diverses fotografies de Ra\u00fcl Clemente, la mostra proposa un passeig visual per rostres, espais i escenes que fan reflexionar sobre l\u2019experi\u00e8ncia del refugi en diferents \u00e0mbits temporals i geogr\u00e0fics.<\/li>\n<\/ul>\n<p>\u00a0<\/p>\n<p><strong><span style=\"color: #99cc00;\">[Exposici\u00f3]<\/span><\/strong>\u00a0<a href=\"https:\/\/lapuntador.cat\/apuntador\/Members\/manresaturisme\/mbc-mc\/exposicions-temporals\/nous-ingressos-any-2024-exposicio-temporal\">Nous ingressos. Any 2024 &#8211; Exposici\u00f3 Temporal<\/a><\/p>\n<ul>\n<li>Del 12\/12\/2024 10:00 al 06\/01\/2025 15:00<\/li>\n<li>Sala del claustre del Museu de Manresa<\/li>\n<li>tots els p\u00fablics<\/li>\n<li>Gratu\u00eft<\/li>\n<li>La mostra dona a con\u00e8ixer els darrers ingressos que ha realitzat el Museu de Manresa en el transcurs d\u2019aquest any 2024, fent possible l\u2019ampliaci\u00f3 de la col\u00b7lecci\u00f3, que ja compta amb m\u00e9s d\u2019onze mil peces inventariades.<\/li>\n<\/ul>\n<p>\u00a0<\/p>\n<h1><span style=\"color: #bf0000;\">Mollet del Vall\u00e8s<\/span><\/h1>\n<p><strong><span style=\"color: #99cc00;\">[Teatre]<\/span><\/strong><a href=\"https:\/\/molletvalles.koobin.com\/index.php\">Temporada de teatre familiar de la Xarxa<\/a><\/p>\n<p><a href=\"https:\/\/entandem.cat\/recursos\/agenda-cultural-gener-2025\/attachment\/12o\/\" rel=\"attachment wp-att-11987\"><img loading=\"lazy\" decoding=\"async\" class=\"alignnone  wp-image-11987\" src=\"https:\/\/entandem.cat\/wp-content\/uploads\/2025\/01\/12o-300x222.jpg\" alt=\"\" width=\"382\" height=\"283\" srcset=\"https:\/\/entandem.cat\/wp-content\/uploads\/2025\/01\/12o-300x222.jpg 300w, https:\/\/entandem.cat\/wp-content\/uploads\/2025\/01\/12o.jpg 596w\" sizes=\"auto, (max-width: 382px) 100vw, 382px\" \/><\/a><\/p>\n<ul>\n<li>11 y 12 de Enero\/\/ 15 y 16 de Febrero \/\/ 16 deMarzo<\/li>\n<li>Sala Marineta y Teatreras Can Gom\u00e1<\/li>\n<li>Per a tots els p\u00fablics<\/li>\n<li>5 euros<\/li>\n<li>Qu\u00e8 \u00e9s? Diferents obres de teatres entretingudes per a tot el p\u00fablics.<\/li>\n<\/ul>\n<p>\u00a0<\/p>\n<p><strong><span style=\"color: #99cc00;\">[Mercat]<\/span><\/strong><a href=\"https:\/\/www.molletvalles.cat\/es\/servicios\/cultura\/equipamientos-culturales-y-civicos\/mercat-vell\">Mercat vell<\/a><\/p>\n<ul>\n<li>Tots els dies de l\u00b4any<\/li>\n<li>Pla\u00e7a de Prat de la Riba, 6, 08100 Mollet del Vall\u00e8s, Barcelona<\/li>\n<li>Per a tots els p\u00fablics<\/li>\n<li>Gratu\u00eft<\/li>\n<li>Qu\u00e8 \u00e9s? El Mercat Vell de Mollet del Vall\u00e8s \u00e9s un mercat municipal de Mollet del Vall\u00e8s, al Vall\u00e8s Oriental.<\/li>\n<\/ul>\n<p>\u00a0<\/p>\n<p><strong><span style=\"color: #99cc00;\">[Parc]<\/span><\/strong><a href=\"https:\/\/maps.app.goo.gl\/BjBzYckhW5ZqSxb76\">Parc de Can Mul\u00e1<\/a><\/p>\n<ul>\n<li>Tots els dies de l\u2019any<\/li>\n<li>Avinguda de Rafael Casanova, 15, 08100 Mollet del Vall\u00e8s, Barcelona<\/li>\n<li>Tots els p\u00fablics<\/li>\n<li>Gratu\u00eft<\/li>\n<li>Aquest parc \u00e9s un espai p\u00fablic ideal per a activitats a l&#8217;aire lliure, com ara jocs, p\u00edcnics o simplement gaudir de la natura.<\/li>\n<\/ul>\n<p>\u00a0<\/p>\n<p><strong><span style=\"color: #99cc00;\">[Museu]<\/span><\/strong><a href=\"https:\/\/www.museuabello.cat\/es\/informacio\/horaris-i-tarifes\/\">Museu Abell\u00f3<\/a><\/p>\n<ul>\n<li>Dijous i divendres, de 16h a 19h<\/li>\n<li>Dissabte, de 11h a 14h i de 16h a 19h<\/li>\n<li>Diumenge i festius, de 11h a 14h<\/li>\n<li>C. Berenguer III, 122<\/li>\n<li>Tots els p\u00fablics<\/li>\n<li>Gratu\u00eft per a menors de 18 anys \/\/ Tarifa redu\u00efda 1,65\u20ac \u25cf El museu ofereix exposicions d&#8217;art que poden ser interessants per a adolescents. L&#8217;entrada \u00e9s gratu\u00efta o amb un cost redu\u00eft per a grups escolars o fundacions.<\/li>\n<\/ul>\n<p>\u00a0<\/p>\n<h1><span style=\"color: #bf0000;\">Esplugues de Llobregat<\/span><\/h1>\n<p><strong><span style=\"color: #99cc00;\">[Taller]<\/span><\/strong><a href=\"https:\/\/www.esplugues.cat\/wp-content\/uploads\/2024\/08\/guia-no-et-quedis-a-casa-WEB-CAST-08-09-2024.pdf\">Tallers d&#8217;angl\u00e8s i taller de cinema<\/a><\/p>\n<ul>\n<li>Comen\u00e7a el 20 de gener, dimarts o dijous de 18-19:30<\/li>\n<li>Oficina Jove d&#8217;emancipaci\u00f3<\/li>\n<li>Joves de 12 a 29 anys<\/li>\n<li>Amb el carnet jove \u00e9s gratis<\/li>\n<li>Classes d&#8217;angl\u00e8s, de cinema i teatre de diferents nivells<\/li>\n<\/ul>\n<p>\u00a0<\/p>\n<p><strong><span style=\"color: #99cc00;\">[Piscines]<\/span><\/strong><a href=\"https:\/\/www.esplugues.cat\/es\/ciudad\/equipamientos\/piscinas-municipales-parc-dels-torrents\/\">Piscines Municipals Parc dels Torrents<\/a><\/p>\n<p><a href=\"https:\/\/entandem.cat\/recursos\/agenda-cultural-gener-2025\/attachment\/13o\/\" rel=\"attachment wp-att-11984\"><img loading=\"lazy\" decoding=\"async\" class=\"alignnone  wp-image-11984\" src=\"https:\/\/entandem.cat\/wp-content\/uploads\/2025\/01\/13o-300x223.jpg\" alt=\"\" width=\"391\" height=\"291\" srcset=\"https:\/\/entandem.cat\/wp-content\/uploads\/2025\/01\/13o-300x223.jpg 300w, https:\/\/entandem.cat\/wp-content\/uploads\/2025\/01\/13o-768x571.jpg 768w, https:\/\/entandem.cat\/wp-content\/uploads\/2025\/01\/13o.jpg 790w\" sizes=\"auto, (max-width: 391px) 100vw, 391px\" \/><\/a><\/p>\n<ul>\n<li>De 11 a 20 h &#8211; De dilluns a diumenge<\/li>\n<li>Torrent d en Farr\u00e9<\/li>\n<li>Tots els p\u00fablics<\/li>\n<li>Entrada grup 1,65\u20ac per persona o entrada puntual en dia feiner infantil, pensionista, jubilat\/da, en situaci\u00f3 d&#8217;atur, fam\u00edlia monoparental o persona amb diversitat funcional 4,80\u20ac per persona<\/li>\n<li>Activitat de nataci\u00f3, on es desenvolupa l&#8217;esport com a base clau i fonamental<\/li>\n<\/ul>\n<p>\u00a0<\/p>\n<p><strong><span style=\"color: #99cc00;\">[Parc]<\/span><\/strong><u><a href=\"https:\/\/g.co\/kgs\/kLDwMne\">Parc de Can Vidalet<\/a><\/u><\/p>\n<ul>\n<li>Dilluns a diumenge de 8:00 a 22:00<\/li>\n<li>Carrer del Mol\u00ed 112<\/li>\n<li>Per a tots els p\u00fablics<\/li>\n<li>Gratu\u00eft<\/li>\n<li>El Parc de Can Vidalet \u00e9s un espai verd ideal per a activitats a l&#8217;aire lliure, com ara jocs, p\u00edcnics o simplement gaudir de la natura.<\/li>\n<\/ul>\n<p>\u00a0<\/p>\n<p><strong><span style=\"color: #99cc00;\">[Conte]<\/span><\/strong><a href=\"https:\/\/www.esplugues.cat\/ciutat\/agenda\/hora-del-conte-contes-dhivern\/\">Hora del conte: Contes d&#8217;hivern!<\/a><\/p>\n<ul>\n<li>23\/01\/2025 17:30h a 18:30h<\/li>\n<li>Biblioteca pare de miquel<\/li>\n<li>Tost els p\u00fablics<\/li>\n<li>Gratu\u00eft<\/li>\n<li>Ja ha arribat el fred! Dins de cada caixa, plena de garlandes i decoracions, surten hist\u00f2ries i can\u00e7ons! Una sessi\u00f3 de contes a c\u00e0rrec de Laberta Delpoblet, narradora oral.<\/li>\n<\/ul>\n","protected":false},"excerpt":{"rendered":"<p>Ha arribat el mes de Gener i amb aix\u00f2 la tercera Agenda Cultural del curs! L\u00b4agenda cultural d\u00b4aquesta temporada \u00e9s plena d\u00b4activitats de tota mena: des de biblioteques, mercats, senderisme a tallers. Porteu als vostres T\u00c0NDEMS, calceu-vos les sabates i uniu-vos a nosaltres per a una temporada plena d&#8217;emocions i sorpreses! Som-hi! \u2744\ufe0f \u00a0 Nou &hellip; <a href=\"https:\/\/entandem.cat\/es\/recursos-es\/agenda-cultural-gener-2025\/\">Continued<\/a><\/p>\n","protected":false},"author":1,"featured_media":12026,"comment_status":"closed","ping_status":"open","sticky":false,"template":"","format":"standard","meta":{"footnotes":""},"categories":[320],"tags":[474,463,330,510,467,499,485,336,331,339],"class_list":["post-12178","post","type-post","status-publish","format-standard","has-post-thumbnail","hentry","category-recursos-es","tag-acompanyament-educatiu-es","tag-adolescents-es","tag-afev-es","tag-agenda-cultural-es","tag-entandem-es","tag-exposicio-es-2","tag-joves-es","tag-mentoria-social-es","tag-voluntariat-es","tag-voluntariat-social-es"],"yoast_head":"<!-- This site is optimized with the Yoast SEO plugin v27.0 - https:\/\/yoast.com\/product\/yoast-seo-wordpress\/ -->\n<title>Agenda Cultural - Gener 2025 - enT\u00e0ndem<\/title>\n<meta name=\"robots\" content=\"index, follow, max-snippet:-1, max-image-preview:large, max-video-preview:-1\" \/>\n<link rel=\"canonical\" href=\"https:\/\/entandem.cat\/es\/agenda-cultural-gener-2025\/\" \/>\n<meta property=\"og:locale\" content=\"es_ES\" \/>\n<meta property=\"og:type\" content=\"article\" \/>\n<meta property=\"og:title\" content=\"Agenda Cultural - Gener 2025 - enT\u00e0ndem\" \/>\n<meta property=\"og:description\" content=\"Ha arribat el mes de Gener i amb aix\u00f2 la tercera Agenda Cultural del curs! L\u00b4agenda cultural d\u00b4aquesta temporada \u00e9s plena d\u00b4activitats de tota mena: des de biblioteques, mercats, senderisme a tallers. Porteu als vostres T\u00c0NDEMS, calceu-vos les sabates i uniu-vos a nosaltres per a una temporada plena d&#8217;emocions i sorpreses! Som-hi! \u2744\ufe0f \u00a0 Nou &hellip; Continued\" \/>\n<meta property=\"og:url\" content=\"https:\/\/entandem.cat\/es\/agenda-cultural-gener-2025\/\" \/>\n<meta property=\"og:site_name\" content=\"enT\u00e0ndem\" \/>\n<meta property=\"article:publisher\" content=\"https:\/\/www.facebook.com\/afevcat\" \/>\n<meta property=\"article:published_time\" content=\"2025-01-10T13:45:56+00:00\" \/>\n<meta property=\"og:image\" content=\"https:\/\/entandem.cat\/wp-content\/uploads\/2025\/01\/1o-300x164.jpg\" \/>\n<meta name=\"author\" content=\"adminTandem\" \/>\n<meta name=\"twitter:card\" content=\"summary_large_image\" \/>\n<meta name=\"twitter:creator\" content=\"@afevcat\" \/>\n<meta name=\"twitter:site\" content=\"@afevcat\" \/>\n<meta name=\"twitter:label1\" content=\"Escrito por\" \/>\n\t<meta name=\"twitter:data1\" content=\"adminTandem\" \/>\n\t<meta name=\"twitter:label2\" content=\"Tiempo de lectura\" \/>\n\t<meta name=\"twitter:data2\" content=\"13 minutos\" \/>\n<script type=\"application\/ld+json\" class=\"yoast-schema-graph\">{\"@context\":\"https:\/\/schema.org\",\"@graph\":[{\"@type\":\"Article\",\"@id\":\"https:\/\/entandem.cat\/es\/agenda-cultural-gener-2025\/#article\",\"isPartOf\":{\"@id\":\"https:\/\/entandem.cat\/es\/agenda-cultural-gener-2025\/\"},\"author\":{\"name\":\"adminTandem\",\"@id\":\"https:\/\/entandem.cat\/#\/schema\/person\/2111428ce1954193a11054a1e2b5b0da\"},\"headline\":\"Agenda Cultural &#8211; Gener 2025\",\"datePublished\":\"2025-01-10T13:45:56+00:00\",\"mainEntityOfPage\":{\"@id\":\"https:\/\/entandem.cat\/es\/agenda-cultural-gener-2025\/\"},\"wordCount\":2587,\"publisher\":{\"@id\":\"https:\/\/entandem.cat\/#organization\"},\"image\":{\"@id\":\"https:\/\/entandem.cat\/es\/agenda-cultural-gener-2025\/#primaryimage\"},\"thumbnailUrl\":\"https:\/\/entandem.cat\/wp-content\/uploads\/2025\/01\/gener-2025-1.png\",\"keywords\":[\"acompanyament educatiu\",\"adolescents\",\"afev\",\"agenda cultural\",\"entandem\",\"exposici\u00f3\",\"joves\",\"mentoria social\",\"voluntariat\",\"voluntariat social\"],\"articleSection\":[\"Recursos\"],\"inLanguage\":\"es\"},{\"@type\":\"WebPage\",\"@id\":\"https:\/\/entandem.cat\/es\/agenda-cultural-gener-2025\/\",\"url\":\"https:\/\/entandem.cat\/es\/agenda-cultural-gener-2025\/\",\"name\":\"Agenda Cultural - Gener 2025 - enT\u00e0ndem\",\"isPartOf\":{\"@id\":\"https:\/\/entandem.cat\/#website\"},\"primaryImageOfPage\":{\"@id\":\"https:\/\/entandem.cat\/es\/agenda-cultural-gener-2025\/#primaryimage\"},\"image\":{\"@id\":\"https:\/\/entandem.cat\/es\/agenda-cultural-gener-2025\/#primaryimage\"},\"thumbnailUrl\":\"https:\/\/entandem.cat\/wp-content\/uploads\/2025\/01\/gener-2025-1.png\",\"datePublished\":\"2025-01-10T13:45:56+00:00\",\"breadcrumb\":{\"@id\":\"https:\/\/entandem.cat\/es\/agenda-cultural-gener-2025\/#breadcrumb\"},\"inLanguage\":\"es\",\"potentialAction\":[{\"@type\":\"ReadAction\",\"target\":[\"https:\/\/entandem.cat\/es\/agenda-cultural-gener-2025\/\"]}]},{\"@type\":\"ImageObject\",\"inLanguage\":\"es\",\"@id\":\"https:\/\/entandem.cat\/es\/agenda-cultural-gener-2025\/#primaryimage\",\"url\":\"https:\/\/entandem.cat\/wp-content\/uploads\/2025\/01\/gener-2025-1.png\",\"contentUrl\":\"https:\/\/entandem.cat\/wp-content\/uploads\/2025\/01\/gener-2025-1.png\",\"width\":1385,\"height\":922},{\"@type\":\"BreadcrumbList\",\"@id\":\"https:\/\/entandem.cat\/es\/agenda-cultural-gener-2025\/#breadcrumb\",\"itemListElement\":[{\"@type\":\"ListItem\",\"position\":1,\"name\":\"Inici\",\"item\":\"https:\/\/entandem.cat\/es\/\"},{\"@type\":\"ListItem\",\"position\":2,\"name\":\"Agenda Cultural &#8211; Gener 2025\"}]},{\"@type\":\"WebSite\",\"@id\":\"https:\/\/entandem.cat\/#website\",\"url\":\"https:\/\/entandem.cat\/\",\"name\":\"enT\u00e0ndem\",\"description\":\"Voluntariat Social Universitari\",\"publisher\":{\"@id\":\"https:\/\/entandem.cat\/#organization\"},\"potentialAction\":[{\"@type\":\"SearchAction\",\"target\":{\"@type\":\"EntryPoint\",\"urlTemplate\":\"https:\/\/entandem.cat\/?s={search_term_string}\"},\"query-input\":{\"@type\":\"PropertyValueSpecification\",\"valueRequired\":true,\"valueName\":\"search_term_string\"}}],\"inLanguage\":\"es\"},{\"@type\":\"Organization\",\"@id\":\"https:\/\/entandem.cat\/#organization\",\"name\":\"enT\u00e0ndem\",\"url\":\"https:\/\/entandem.cat\/\",\"logo\":{\"@type\":\"ImageObject\",\"inLanguage\":\"es\",\"@id\":\"https:\/\/entandem.cat\/#\/schema\/logo\/image\/\",\"url\":\"https:\/\/entandem.cat\/wp-content\/uploads\/2016\/12\/logo-entandem.png\",\"contentUrl\":\"https:\/\/entandem.cat\/wp-content\/uploads\/2016\/12\/logo-entandem.png\",\"width\":166,\"height\":44,\"caption\":\"enT\u00e0ndem\"},\"image\":{\"@id\":\"https:\/\/entandem.cat\/#\/schema\/logo\/image\/\"},\"sameAs\":[\"https:\/\/www.facebook.com\/afevcat\",\"https:\/\/x.com\/afevcat\",\"https:\/\/www.instagram.com\/afevcat\/\"]},{\"@type\":\"Person\",\"@id\":\"https:\/\/entandem.cat\/#\/schema\/person\/2111428ce1954193a11054a1e2b5b0da\",\"name\":\"adminTandem\"}]}<\/script>\n<!-- \/ Yoast SEO plugin. -->","yoast_head_json":{"title":"Agenda Cultural - Gener 2025 - enT\u00e0ndem","robots":{"index":"index","follow":"follow","max-snippet":"max-snippet:-1","max-image-preview":"max-image-preview:large","max-video-preview":"max-video-preview:-1"},"canonical":"https:\/\/entandem.cat\/es\/agenda-cultural-gener-2025\/","og_locale":"es_ES","og_type":"article","og_title":"Agenda Cultural - Gener 2025 - enT\u00e0ndem","og_description":"Ha arribat el mes de Gener i amb aix\u00f2 la tercera Agenda Cultural del curs! L\u00b4agenda cultural d\u00b4aquesta temporada \u00e9s plena d\u00b4activitats de tota mena: des de biblioteques, mercats, senderisme a tallers. Porteu als vostres T\u00c0NDEMS, calceu-vos les sabates i uniu-vos a nosaltres per a una temporada plena d&#8217;emocions i sorpreses! Som-hi! \u2744\ufe0f \u00a0 Nou &hellip; Continued","og_url":"https:\/\/entandem.cat\/es\/agenda-cultural-gener-2025\/","og_site_name":"enT\u00e0ndem","article_publisher":"https:\/\/www.facebook.com\/afevcat","article_published_time":"2025-01-10T13:45:56+00:00","og_image":[{"url":"https:\/\/entandem.cat\/wp-content\/uploads\/2025\/01\/1o-300x164.jpg","type":"","width":"","height":""}],"author":"adminTandem","twitter_card":"summary_large_image","twitter_creator":"@afevcat","twitter_site":"@afevcat","twitter_misc":{"Escrito por":"adminTandem","Tiempo de lectura":"13 minutos"},"schema":{"@context":"https:\/\/schema.org","@graph":[{"@type":"Article","@id":"https:\/\/entandem.cat\/es\/agenda-cultural-gener-2025\/#article","isPartOf":{"@id":"https:\/\/entandem.cat\/es\/agenda-cultural-gener-2025\/"},"author":{"name":"adminTandem","@id":"https:\/\/entandem.cat\/#\/schema\/person\/2111428ce1954193a11054a1e2b5b0da"},"headline":"Agenda Cultural &#8211; Gener 2025","datePublished":"2025-01-10T13:45:56+00:00","mainEntityOfPage":{"@id":"https:\/\/entandem.cat\/es\/agenda-cultural-gener-2025\/"},"wordCount":2587,"publisher":{"@id":"https:\/\/entandem.cat\/#organization"},"image":{"@id":"https:\/\/entandem.cat\/es\/agenda-cultural-gener-2025\/#primaryimage"},"thumbnailUrl":"https:\/\/entandem.cat\/wp-content\/uploads\/2025\/01\/gener-2025-1.png","keywords":["acompanyament educatiu","adolescents","afev","agenda cultural","entandem","exposici\u00f3","joves","mentoria social","voluntariat","voluntariat social"],"articleSection":["Recursos"],"inLanguage":"es"},{"@type":"WebPage","@id":"https:\/\/entandem.cat\/es\/agenda-cultural-gener-2025\/","url":"https:\/\/entandem.cat\/es\/agenda-cultural-gener-2025\/","name":"Agenda Cultural - Gener 2025 - enT\u00e0ndem","isPartOf":{"@id":"https:\/\/entandem.cat\/#website"},"primaryImageOfPage":{"@id":"https:\/\/entandem.cat\/es\/agenda-cultural-gener-2025\/#primaryimage"},"image":{"@id":"https:\/\/entandem.cat\/es\/agenda-cultural-gener-2025\/#primaryimage"},"thumbnailUrl":"https:\/\/entandem.cat\/wp-content\/uploads\/2025\/01\/gener-2025-1.png","datePublished":"2025-01-10T13:45:56+00:00","breadcrumb":{"@id":"https:\/\/entandem.cat\/es\/agenda-cultural-gener-2025\/#breadcrumb"},"inLanguage":"es","potentialAction":[{"@type":"ReadAction","target":["https:\/\/entandem.cat\/es\/agenda-cultural-gener-2025\/"]}]},{"@type":"ImageObject","inLanguage":"es","@id":"https:\/\/entandem.cat\/es\/agenda-cultural-gener-2025\/#primaryimage","url":"https:\/\/entandem.cat\/wp-content\/uploads\/2025\/01\/gener-2025-1.png","contentUrl":"https:\/\/entandem.cat\/wp-content\/uploads\/2025\/01\/gener-2025-1.png","width":1385,"height":922},{"@type":"BreadcrumbList","@id":"https:\/\/entandem.cat\/es\/agenda-cultural-gener-2025\/#breadcrumb","itemListElement":[{"@type":"ListItem","position":1,"name":"Inici","item":"https:\/\/entandem.cat\/es\/"},{"@type":"ListItem","position":2,"name":"Agenda Cultural &#8211; Gener 2025"}]},{"@type":"WebSite","@id":"https:\/\/entandem.cat\/#website","url":"https:\/\/entandem.cat\/","name":"enT\u00e0ndem","description":"Voluntariat Social Universitari","publisher":{"@id":"https:\/\/entandem.cat\/#organization"},"potentialAction":[{"@type":"SearchAction","target":{"@type":"EntryPoint","urlTemplate":"https:\/\/entandem.cat\/?s={search_term_string}"},"query-input":{"@type":"PropertyValueSpecification","valueRequired":true,"valueName":"search_term_string"}}],"inLanguage":"es"},{"@type":"Organization","@id":"https:\/\/entandem.cat\/#organization","name":"enT\u00e0ndem","url":"https:\/\/entandem.cat\/","logo":{"@type":"ImageObject","inLanguage":"es","@id":"https:\/\/entandem.cat\/#\/schema\/logo\/image\/","url":"https:\/\/entandem.cat\/wp-content\/uploads\/2016\/12\/logo-entandem.png","contentUrl":"https:\/\/entandem.cat\/wp-content\/uploads\/2016\/12\/logo-entandem.png","width":166,"height":44,"caption":"enT\u00e0ndem"},"image":{"@id":"https:\/\/entandem.cat\/#\/schema\/logo\/image\/"},"sameAs":["https:\/\/www.facebook.com\/afevcat","https:\/\/x.com\/afevcat","https:\/\/www.instagram.com\/afevcat\/"]},{"@type":"Person","@id":"https:\/\/entandem.cat\/#\/schema\/person\/2111428ce1954193a11054a1e2b5b0da","name":"adminTandem"}]}},"_links":{"self":[{"href":"https:\/\/entandem.cat\/es\/wp-json\/wp\/v2\/posts\/12178","targetHints":{"allow":["GET"]}}],"collection":[{"href":"https:\/\/entandem.cat\/es\/wp-json\/wp\/v2\/posts"}],"about":[{"href":"https:\/\/entandem.cat\/es\/wp-json\/wp\/v2\/types\/post"}],"author":[{"embeddable":true,"href":"https:\/\/entandem.cat\/es\/wp-json\/wp\/v2\/users\/1"}],"replies":[{"embeddable":true,"href":"https:\/\/entandem.cat\/es\/wp-json\/wp\/v2\/comments?post=12178"}],"version-history":[{"count":0,"href":"https:\/\/entandem.cat\/es\/wp-json\/wp\/v2\/posts\/12178\/revisions"}],"wp:featuredmedia":[{"embeddable":true,"href":"https:\/\/entandem.cat\/es\/wp-json\/wp\/v2\/media\/12026"}],"wp:attachment":[{"href":"https:\/\/entandem.cat\/es\/wp-json\/wp\/v2\/media?parent=12178"}],"wp:term":[{"taxonomy":"category","embeddable":true,"href":"https:\/\/entandem.cat\/es\/wp-json\/wp\/v2\/categories?post=12178"},{"taxonomy":"post_tag","embeddable":true,"href":"https:\/\/entandem.cat\/es\/wp-json\/wp\/v2\/tags?post=12178"}],"curies":[{"name":"wp","href":"https:\/\/api.w.org\/{rel}","templated":true}]}}