{"id":10525,"date":"2023-12-04T12:39:02","date_gmt":"2023-12-04T12:39:02","guid":{"rendered":"https:\/\/entandem.cat\/?p=10525"},"modified":"2023-12-04T15:12:02","modified_gmt":"2023-12-04T15:12:02","slug":"agenda-cultural-desembre-2023","status":"publish","type":"post","link":"https:\/\/entandem.cat\/es\/recursos-es\/agenda-cultural-desembre-2023\/","title":{"rendered":"Agenda cultural \u2013 Desembre 2023"},"content":{"rendered":"\n<p>La mentoria ja ha comen\u00e7at a rutllar i ja heu conegut als vostres t\u00e0ndems! Ax\u00ed que ara \u00e9s l&#8217;hora de guadir de les vostres trobades! Aquest mes, a banda de totes les activitats de Nadal i de les vacances d&#8217;hivern, us proposem un munt de plans per fer amb el vostre t\u00e0ndem. Des del concurs de fotografia m\u00e9s important del m\u00f3n a una pista de patinatge sobre gel m\u00e0gica!<\/p>\n<p><span style=\"font-size: revert; color: initial;\">\ud83d\udcf8Recordeu fer moltes fotos i etiquetar-nos a <\/span><strong style=\"font-size: revert; color: initial;\">@afevcat<\/strong><span style=\"font-size: revert; color: initial;\">!<\/span><\/p>\n<p>\u00a0<\/p>\n<p><em>\ud83d\udc49El passat 25 de novembre es va commemorar el Dia Internacional contra la Viol\u00e8ncia Masclista, aix\u00ed que no podem deixar passar l&#8217;oportunitat de recordar-vos que tenim <a href=\"https:\/\/entandem.cat\/es\/recursos-es\/como-acompanamos-una-situacion-explicita-de-violencia-y-o-acoso\/\">aquesta fitxa<\/a> a <a href=\"https:\/\/entandem.cat\/es\/recursos-es\/acompanyateca\/\">l&#8217;Acompanyateca<\/a> sobre com acompanyar una situaci\u00f3 de viol\u00e8ncia o assatjament masclista.<\/em><\/p>\n<p>\u00a0<\/p>\n<h2>\u2728El pla del mes!<\/h2>\n<p>\u00a0<\/p>\n<p><span style=\"color: #99cc00;\">[Exposici\u00f3] <\/span><span style=\"color: #ff0000;\"><a style=\"color: #ff0000;\" href=\"https:\/\/www.cccb.org\/ca\/exposicions\/fitxa\/world-press-photo-2023\/241735\">World Press Photo<\/a><\/span><\/p>\n<p><img loading=\"lazy\" decoding=\"async\" class=\"alignnone size-medium wp-image-10499\" src=\"https:\/\/entandem.cat\/wp-content\/uploads\/2023\/11\/086_South_America_Stories_Alessandro_Cinque_Pulitzer_Center_National_Geographic_web-300x168.jpg\" alt=\"\" width=\"300\" height=\"168\" srcset=\"https:\/\/entandem.cat\/wp-content\/uploads\/2023\/11\/086_South_America_Stories_Alessandro_Cinque_Pulitzer_Center_National_Geographic_web-300x168.jpg 300w, https:\/\/entandem.cat\/wp-content\/uploads\/2023\/11\/086_South_America_Stories_Alessandro_Cinque_Pulitzer_Center_National_Geographic_web-768x430.jpg 768w, https:\/\/entandem.cat\/wp-content\/uploads\/2023\/11\/086_South_America_Stories_Alessandro_Cinque_Pulitzer_Center_National_Geographic_web.jpg 1000w\" sizes=\"auto, (max-width: 300px) 100vw, 300px\" \/><\/p>\n<ul style=\"list-style-type: square;\">\n<li>Fins el 17 de desembre<\/li>\n<li>Centre de Cultura Contempor\u00e0nea de Barcelona<\/li>\n<li>Infants, adolescents i joves<\/li>\n<li>Gratu\u00eft pels menors de 12 anys. 4\u20ac per menors de 25 anys i\/o Carnet Jove. Diumenges tarda gratu\u00eft.<\/li>\n<li><strong>Qu\u00e8 \u00e9s? <\/strong>Photographic Social Vision organitza per dinovena vegada l\u2019exposici\u00f3 m\u00e9s reconeguda en l\u2019\u00e0mbit del fotoperiodisme a escala mundial. La mostra reuneix les fotografies i les produccions multim\u00e8dia guanyadores del concurs World Press Photo 2023, incloent-hi totes les guanyadores regionals, de les quals el concurs destaca quatre guanyadores globals.<\/li>\n<\/ul>\n<p>\u00a0<\/p>\n<h2>Barcelona (altres barris)<\/h2>\n<p>\u00a0<\/p>\n<p><span style=\"color: #99cc00;\">[Exposici\u00f3] <\/span><span style=\"color: #ff0000;\"><a style=\"color: #ff0000;\" href=\"https:\/\/www.cccb.org\/ca\/exposicions\/fitxa\/world-press-photo-2023\/241735\">World Press Photo<\/a><\/span><\/p>\n<p><img loading=\"lazy\" decoding=\"async\" class=\"alignnone size-medium wp-image-10499\" src=\"https:\/\/entandem.cat\/wp-content\/uploads\/2023\/11\/086_South_America_Stories_Alessandro_Cinque_Pulitzer_Center_National_Geographic_web-300x168.jpg\" alt=\"\" width=\"300\" height=\"168\" srcset=\"https:\/\/entandem.cat\/wp-content\/uploads\/2023\/11\/086_South_America_Stories_Alessandro_Cinque_Pulitzer_Center_National_Geographic_web-300x168.jpg 300w, https:\/\/entandem.cat\/wp-content\/uploads\/2023\/11\/086_South_America_Stories_Alessandro_Cinque_Pulitzer_Center_National_Geographic_web-768x430.jpg 768w, https:\/\/entandem.cat\/wp-content\/uploads\/2023\/11\/086_South_America_Stories_Alessandro_Cinque_Pulitzer_Center_National_Geographic_web.jpg 1000w\" sizes=\"auto, (max-width: 300px) 100vw, 300px\" \/><\/p>\n<ul style=\"list-style-type: square;\">\n<li>Fins el 17 de desembre<\/li>\n<li>Centre de Cultura Contempor\u00e0nea de Barcelona<\/li>\n<li>Infants, adolescents i joves<\/li>\n<li>Gratu\u00eft pels menors de 12 anys. 4\u20ac per menors de 25 anys i\/o Carnet Jove<\/li>\n<li><strong>Qu\u00e8 \u00e9s? <\/strong>Photographic Social Vision organitza per dinovena vegada l\u2019exposici\u00f3 m\u00e9s reconeguda en l\u2019\u00e0mbit del fotoperiodisme a escala mundial. La mostra reuneix les fotografies i les produccions multim\u00e8dia guanyadores del concurs World Press Photo 2023, incloent-hi totes les guanyadores regionals, de les quals el concurs destaca quatre guanyadores globals.<\/li>\n<\/ul>\n<p>\u00a0<\/p>\n<p><span style=\"color: #99cc00;\">[Festival] <\/span><span style=\"color: #ff0000;\"><a style=\"color: #ff0000;\" href=\"https:\/\/www.barcelona.cat\/nadal\/ca\/nadal-la-placa-de-catalunya\">BARCELONA FESTIVAL DE NADAL 2023<br \/><\/a><\/span><\/p>\n<p><img loading=\"lazy\" decoding=\"async\" class=\"alignnone size-medium wp-image-10508\" src=\"https:\/\/entandem.cat\/wp-content\/uploads\/2023\/12\/nova_cabecera-300x109.png\" alt=\"\" width=\"300\" height=\"109\" srcset=\"https:\/\/entandem.cat\/wp-content\/uploads\/2023\/12\/nova_cabecera-300x109.png 300w, https:\/\/entandem.cat\/wp-content\/uploads\/2023\/12\/nova_cabecera-1024x373.png 1024w, https:\/\/entandem.cat\/wp-content\/uploads\/2023\/12\/nova_cabecera-768x280.png 768w, https:\/\/entandem.cat\/wp-content\/uploads\/2023\/12\/nova_cabecera-1536x560.png 1536w, https:\/\/entandem.cat\/wp-content\/uploads\/2023\/12\/nova_cabecera.png 1920w\" sizes=\"auto, (max-width: 300px) 100vw, 300px\" \/><\/p>\n<ul style=\"list-style-type: square;\">\n<li>Del 16 al 29 de desembre d&#8217;11 a 14 h i de 16:30 a 21 h<\/li>\n<li>A tota la ciutat de Barcelona<\/li>\n<li>Infants, adolescents i joves<\/li>\n<li>Gratu\u00eft<\/li>\n<li><strong><strong>Qu\u00e8 \u00e9s? <\/strong><\/strong>Durant catorze dies la pla\u00e7a de Catalunya i la pla\u00e7a de la Universitat seran l\u2019escenari d\u2019una programaci\u00f3 atractiva i extensa per a tot tipus de p\u00fablics, ja siguin infants, joves, adults, ciutadania local o visitants d\u2019arreu. A m\u00e9s, tamb\u00e9 tindr\u00e0 lloc el festival de m\u00fasica Sons de Ciutat a tots els districtes de Barcelona.<\/li>\n<\/ul>\n<p>\u00a0<\/p>\n<p><span style=\"color: #99cc00;\">[Visita] <span style=\"color: #ff0000;\"><a style=\"color: #ff0000;\" href=\"https:\/\/www.firadesantallucia.cat\/\">Fira de Santa Ll\u00facia<\/a><\/span><\/span><\/p>\n<p><img loading=\"lazy\" decoding=\"async\" class=\"alignnone size-medium wp-image-10505\" src=\"https:\/\/entandem.cat\/wp-content\/uploads\/2023\/11\/cartell_fira_2014-300x212.jpg\" alt=\"\" width=\"300\" height=\"212\" srcset=\"https:\/\/entandem.cat\/wp-content\/uploads\/2023\/11\/cartell_fira_2014-300x212.jpg 300w, https:\/\/entandem.cat\/wp-content\/uploads\/2023\/11\/cartell_fira_2014-768x541.jpg 768w, https:\/\/entandem.cat\/wp-content\/uploads\/2023\/11\/cartell_fira_2014.jpg 800w\" sizes=\"auto, (max-width: 300px) 100vw, 300px\" \/><\/p>\n<ul style=\"list-style-type: square;\">\n<li>Fins el 23 de desembre<\/li>\n<li>Pla\u00e7a de la catedral<\/li>\n<li>Infants, adolescents i joves<\/li>\n<li>Gratu\u00eft<\/li>\n<li><strong>Qu\u00e8 \u00e9s? <\/strong>Un any m\u00e9s, i des del 1786, ja en seran 237, la Fira de Santa Ll\u00facia, com sempre a l\u2019Avinguda de la Catedral de Barcelona, ens tornar\u00e0 a omplir de llum, il\u00b7lusi\u00f3 i esperan\u00e7a.<\/li>\n<\/ul>\n<p>\u00a0<\/p>\n<p><span style=\"color: #99cc00;\">[Pista de gel] <span style=\"color: #ff0000;\"><a style=\"color: #ff0000;\" href=\"https:\/\/www.tibidabo.cat\/es\/en-el-parque\/atracciones\/pista-de-hielo\">Pista de gel del Tibidabo<\/a><\/span><\/span><\/p>\n<p><img loading=\"lazy\" decoding=\"async\" class=\"alignnone size-medium wp-image-10511\" src=\"https:\/\/entandem.cat\/wp-content\/uploads\/2023\/12\/Pista-de-gel-de-nit-2_0-300x169.jpg\" alt=\"\" width=\"300\" height=\"169\" srcset=\"https:\/\/entandem.cat\/wp-content\/uploads\/2023\/12\/Pista-de-gel-de-nit-2_0-300x169.jpg 300w, https:\/\/entandem.cat\/wp-content\/uploads\/2023\/12\/Pista-de-gel-de-nit-2_0-1024x576.jpg 1024w, https:\/\/entandem.cat\/wp-content\/uploads\/2023\/12\/Pista-de-gel-de-nit-2_0-768x432.jpg 768w, https:\/\/entandem.cat\/wp-content\/uploads\/2023\/12\/Pista-de-gel-de-nit-2_0-1536x864.jpg 1536w, https:\/\/entandem.cat\/wp-content\/uploads\/2023\/12\/Pista-de-gel-de-nit-2_0.jpg 1920w\" sizes=\"auto, (max-width: 300px) 100vw, 300px\" \/><\/p>\n<ul style=\"list-style-type: square;\">\n<li>Fins el 5 de gener<\/li>\n<li>Parc d&#8217;Atraccions del Tibidabo<\/li>\n<li>Infants, adolescents i joves<\/li>\n<li>5 euros<\/li>\n<li><strong>Qu\u00e8 \u00e9s? <\/strong>Celebra Nadal patinant a la nova pista de gel del Tibidabo, amb les millors vistes possibles de la ciutat de Barcelona! La pista est\u00e0 fabricada de panells de polietil\u00e8, un material que replica la sensaci\u00f3 de patinar sobre gel i que fa el projecte completament sostenible.<\/li>\n<\/ul>\n<p>\u00a0<\/p>\n<h2>Nou Barris<\/h2>\n<p>\u00a0<\/p>\n<p><span style=\"color: #99cc00;\">[Exposici\u00f3] <span style=\"color: #ff0000;\"><a style=\"color: #ff0000;\" href=\"https:\/\/www.barcelona.cat\/casalsdebarri\/verdun\/ca\/agenda\/exposicio-pertanyer-al-poble-gitano\" target=\"_blank\" rel=\"noopener\"><span data-sheets-value=\"{&quot;1&quot;:2,&quot;2&quot;:&quot;LaboratoriA in progress (Cia. LaboratoriA)&quot;}\" data-sheets-userformat=\"{&quot;2&quot;:8961,&quot;3&quot;:{&quot;1&quot;:0},&quot;11&quot;:4,&quot;12&quot;:0,&quot;16&quot;:10}\">Pert\u00e0nyer al poble gitano<\/span><\/a><\/span><\/span><\/p>\n<p><img loading=\"lazy\" decoding=\"async\" class=\"alignnone size-medium wp-image-10432\" src=\"https:\/\/entandem.cat\/wp-content\/uploads\/2023\/11\/39503195260_a96f230778_b-300x225.jpg\" alt=\"\" width=\"300\" height=\"225\" srcset=\"https:\/\/entandem.cat\/wp-content\/uploads\/2023\/11\/39503195260_a96f230778_b-300x225.jpg 300w, https:\/\/entandem.cat\/wp-content\/uploads\/2023\/11\/39503195260_a96f230778_b-768x576.jpg 768w, https:\/\/entandem.cat\/wp-content\/uploads\/2023\/11\/39503195260_a96f230778_b.jpg 1024w\" sizes=\"auto, (max-width: 300px) 100vw, 300px\" \/><\/p>\n<ul style=\"list-style-type: square;\">\n<li>Fins el 29 de desembre<\/li>\n<li>Casal de Barri Verdun<\/li>\n<li>Infants, adolescents i joves<\/li>\n<li>Gratu\u00eft<\/li>\n<li><strong><strong>Qu\u00e8 \u00e9s? <\/strong><\/strong>Mostra fotogr\u00e0fica de la celebraci\u00f3 del dia del Poble Gitano al barri del passat 14 d\u2019abril, tamb\u00e9 trobarem frases que vam recollir sobre qu\u00e8 significa pert\u00e0nyer al poble gitano per ve\u00efnat del barri.<\/li>\n<\/ul>\n<p>\u00a0<\/p>\n<p><span style=\"color: #99cc00;\">[Taller] <span style=\"color: #ff0000;\"><a style=\"color: #ff0000;\" href=\"https:\/\/trinitatvella.inscripcionscc.com\/MiramModular\/buscador\/buscador.jsp?g=1&amp;c=42&amp;t=AC&amp;f=8\" target=\"_blank\" rel=\"noopener\"><span data-sheets-value=\"{&quot;1&quot;:2,&quot;2&quot;:&quot;LaboratoriA in progress (Cia. LaboratoriA)&quot;}\" data-sheets-userformat=\"{&quot;2&quot;:8961,&quot;3&quot;:{&quot;1&quot;:0},&quot;11&quot;:4,&quot;12&quot;:0,&quot;16&quot;:10}\">CUINA INTERCULTURAL DE REAPROFITAMENT<\/span><\/a><\/span><\/span><\/p>\n<p><img loading=\"lazy\" decoding=\"async\" class=\"alignnone size-full wp-image-10435\" src=\"https:\/\/entandem.cat\/wp-content\/uploads\/2023\/11\/baixa.jpg\" alt=\"\" width=\"275\" height=\"183\" srcset=\"https:\/\/entandem.cat\/wp-content\/uploads\/2023\/11\/baixa.jpg 275w, https:\/\/entandem.cat\/wp-content\/uploads\/2023\/11\/baixa-272x182.jpg 272w\" sizes=\"auto, (max-width: 275px) 100vw, 275px\" \/><\/p>\n<ul style=\"list-style-type: square;\">\n<li>Dimecres 20 de desembre a les 17:30h<\/li>\n<li>Centre C\u00edvic Trinitat Vella<\/li>\n<li>Infants, adolescents i joves<\/li>\n<li>Gratu\u00eft, cal inscripci\u00f3 pr\u00e8via<\/li>\n<li><strong><strong>Qu\u00e8 \u00e9s? <\/strong><\/strong>No llen\u00e7em ni una mica de menjar, per aix\u00f2 us animem a venir per aprendre receptes f\u00e0cils d&#8217;aprofitament alimentari d&#8217;areu del m\u00f3n. Taller gratu\u00eft coorganitzat amb l&#8217;aula ambiental del Districte de Sant andreu i el centre de vida comuntaria de Trinitat Vella.<\/li>\n<\/ul>\n<p>\u00a0<\/p>\n<p><span style=\"color: #99cc00;\">[M\u00fasica] <span style=\"color: #ff0000;\"><a style=\"color: #ff0000;\" href=\"https:\/\/www.barcelona.cat\/districtecultural\/ca\/agenda\/el-rumb%C3%B2drom\" target=\"_blank\" rel=\"noopener\"><span data-sheets-value=\"{&quot;1&quot;:2,&quot;2&quot;:&quot;LaboratoriA in progress (Cia. LaboratoriA)&quot;}\" data-sheets-userformat=\"{&quot;2&quot;:8961,&quot;3&quot;:{&quot;1&quot;:0},&quot;11&quot;:4,&quot;12&quot;:0,&quot;16&quot;:10}\">Rumb\u00f2drom<\/span><\/a><\/span><\/span><\/p>\n<p><img loading=\"lazy\" decoding=\"async\" class=\"alignnone size-medium wp-image-10438\" src=\"https:\/\/entandem.cat\/wp-content\/uploads\/2023\/11\/cia.josemanuellvarez_elrumbdrom_elrumbodrom4753_0254-200x300.jpg\" alt=\"\" width=\"200\" height=\"300\" srcset=\"https:\/\/entandem.cat\/wp-content\/uploads\/2023\/11\/cia.josemanuellvarez_elrumbdrom_elrumbodrom4753_0254-200x300.jpg 200w, https:\/\/entandem.cat\/wp-content\/uploads\/2023\/11\/cia.josemanuellvarez_elrumbdrom_elrumbodrom4753_0254-681x1024.jpg 681w, https:\/\/entandem.cat\/wp-content\/uploads\/2023\/11\/cia.josemanuellvarez_elrumbdrom_elrumbodrom4753_0254-768x1154.jpg 768w, https:\/\/entandem.cat\/wp-content\/uploads\/2023\/11\/cia.josemanuellvarez_elrumbdrom_elrumbodrom4753_0254.jpg 998w\" sizes=\"auto, (max-width: 200px) 100vw, 200px\" \/><\/p>\n<ul style=\"list-style-type: square;\">\n<li>Divendres 15 de desembre a les 20h<\/li>\n<li>Centre C\u00edvic Trinitat Vella<\/li>\n<li>Adolescents i joves<\/li>\n<li>Gratu\u00eft, cal inscripci\u00f3 pr\u00e8via<\/li>\n<li><strong><strong>Qu\u00e8 \u00e9s? <\/strong><\/strong>Si a R\u00edo de Janeiro tenen el seu Samb\u00f2drom al Barcelona Districte Cultural hem de tenir el Rumb\u00f2drom, que faci honor a la Rumba, tot un g\u00e8nere musical nascut de la festa als barris de la nostra ciutat.A l\u2019escenari pugen les palmeras d\u2019una festa, per\u00f2 qui s\u00f3n en realitat? S\u00f3n coristes d\u2019un cantant molt conegut i popular? O s\u00f3n ballarines que volen conquerir el m\u00f3n a ritme de rumba catalana? S\u00f3n Miranda Alfonso, Carmen Mu\u00f1oz i Marina Paje, acompanyades amb la m\u00fasica de Carlos Cuenca, les encarregades de fer que un escenari, un tablao o, fins i tot, una pla\u00e7a es transformi en un rumb\u00f2drom on hi desfila l\u2019art i on tothom \u00e9s convidat.\n<p>El Rumb\u00f2drom es va estrenar a la Fira Mediterr\u00e0nia de Manresa de l\u2019any 2021 i ha voltat i portat la festa al Dansa Metropolitana de 2022, al Festival Flamenco Azul de Marsella 2022, al Festival Flamenco Madrid 2022, al Tarragona Sona Flamenc 2022, a La Merc\u00e8 de Barcelona 2022 i a La Villete de Paris 2023; perqu\u00e8 ja ho deia en Peret, un dels pares de la rumba: \u201cQuan em demanen que els hi toqui rumba&#8230; es tornen bojos!<\/p>\n<p>\u00a0<\/p>\n<\/li>\n<\/ul>\n<p><span style=\"color: #99cc00;\">[Taller] <span style=\"color: #ff0000;\"><a style=\"color: #ff0000;\" href=\"https:\/\/www.canbaste.com\/events\/aquest-nadal-ni-un-paper-mes\/?occurrence=2023-12-21\" target=\"_blank\" rel=\"noopener\"><span data-sheets-value=\"{&quot;1&quot;:2,&quot;2&quot;:&quot;LaboratoriA in progress (Cia. LaboratoriA)&quot;}\" data-sheets-userformat=\"{&quot;2&quot;:8961,&quot;3&quot;:{&quot;1&quot;:0},&quot;11&quot;:4,&quot;12&quot;:0,&quot;16&quot;:10}\">Berenars Ecologistes. Aquest Nadal ni un paper m\u00e9s!<\/span><\/a><\/span><\/span><\/p>\n<p><img loading=\"lazy\" decoding=\"async\" class=\"alignnone size-medium wp-image-10456\" src=\"https:\/\/entandem.cat\/wp-content\/uploads\/2023\/11\/Ecologistes-300x199.jpg\" alt=\"\" width=\"300\" height=\"199\" srcset=\"https:\/\/entandem.cat\/wp-content\/uploads\/2023\/11\/Ecologistes-300x199.jpg 300w, https:\/\/entandem.cat\/wp-content\/uploads\/2023\/11\/Ecologistes-768x509.jpg 768w, https:\/\/entandem.cat\/wp-content\/uploads\/2023\/11\/Ecologistes.jpg 800w\" sizes=\"auto, (max-width: 300px) 100vw, 300px\" \/><\/p>\n<ul style=\"list-style-type: square;\">\n<li>Dijous 21 de desembre a les 19:30h<\/li>\n<li>Centre C\u00edvic Can Bast\u00e9<\/li>\n<li>Infants, adolescents i joves<\/li>\n<li>Gratu\u00eft, cal inscripci\u00f3 pr\u00e8via<\/li>\n<li><strong>Qu\u00e8 \u00e9s? <\/strong>Aquest Nadal ni un paper m\u00e9s! Emboliquem regals sense generar residus. Cada Nadal igual, tirant tones de papers per nom\u00e9s 3 segons desembolicant. Voleu quedar com les que m\u00e9s us ho curreu amb els regals i, a m\u00e9s, sense contaminar?<br \/>T\u2019ensenyarem a embolicar regals amb teles que podr\u00e0s utilitzar infinitament. T\u2019ho ensenyem, vine a berenar amb nosaltres!<br \/>\n<p>\u00a0<\/p>\n<\/li>\n<\/ul>\n<p><span style=\"color: #99cc00;\">[Cinema] <span style=\"color: #ff0000;\"><a style=\"color: #ff0000;\" href=\"https:\/\/www.canbaste.com\/events\/en-los-margenes-de-juan-diego-botto-pantalla-bcn-106\/?occurrence=2023-12-15\" target=\"_blank\" rel=\"noopener\"><span data-sheets-value=\"{&quot;1&quot;:2,&quot;2&quot;:&quot;LaboratoriA in progress (Cia. LaboratoriA)&quot;}\" data-sheets-userformat=\"{&quot;2&quot;:8961,&quot;3&quot;:{&quot;1&quot;:0},&quot;11&quot;:4,&quot;12&quot;:0,&quot;16&quot;:10}\">Aftersun de Charlotte Wells \u2013 Pantalla BCN<br \/><\/span><\/a><\/span><\/span><\/p>\n<p><img loading=\"lazy\" decoding=\"async\" class=\"alignnone size-medium wp-image-10453\" src=\"https:\/\/entandem.cat\/wp-content\/uploads\/2023\/11\/Aftersun-300x199.jpg\" alt=\"\" width=\"300\" height=\"199\" srcset=\"https:\/\/entandem.cat\/wp-content\/uploads\/2023\/11\/Aftersun-300x199.jpg 300w, https:\/\/entandem.cat\/wp-content\/uploads\/2023\/11\/Aftersun-768x509.jpg 768w, https:\/\/entandem.cat\/wp-content\/uploads\/2023\/11\/Aftersun.jpg 800w\" sizes=\"auto, (max-width: 300px) 100vw, 300px\" \/><\/p>\n<ul style=\"list-style-type: square;\">\n<li>Divendres 15 de desembre a les 19h<\/li>\n<li>Centre C\u00edvic Can Bast\u00e9<\/li>\n<li>Adolescents i joves<\/li>\n<li>Gratu\u00eft, cal inscripci\u00f3 pr\u00e8via<\/li>\n<li><strong>Qu\u00e8 \u00e9s? <\/strong>Sophie reflexiona sobre l\u2019alegria compartida i la malenconia privada d\u2019unes vacances que va fer amb el seu pare fa 20 anys. Els records reals i imaginaris omplen els espais entre les imatges mentre intenta reconciliar el pare que va con\u00e8ixer amb l\u2019home que no va con\u00e8ixer<span style=\"font-size: revert; color: initial;\">.<\/span>\n<p>\u00a0<\/p>\n<\/li>\n<\/ul>\n<p><span style=\"color: #99cc00;\">[Exposici\u00f3] <span style=\"color: #ff0000;\"><a style=\"color: #ff0000;\" href=\"https:\/\/ajuntament.barcelona.cat\/noubarris\/ca\/guia-del-districte\/agenda\/exposicio-projectes-de-la-residencia-fotografica-de-can-baste-2023-amb-pablo-a-i-latens-imago_99400722943#div-informacio\" target=\"_blank\" rel=\"noopener\"><span data-sheets-value=\"{&quot;1&quot;:2,&quot;2&quot;:&quot;LaboratoriA in progress (Cia. LaboratoriA)&quot;}\" data-sheets-userformat=\"{&quot;2&quot;:8961,&quot;3&quot;:{&quot;1&quot;:0},&quot;11&quot;:4,&quot;12&quot;:0,&quot;16&quot;:10}\">Projectes de la Resid\u00e8ncia fotogr\u00e0fica de Can Bast\u00e9 2023<br \/><\/span><\/a><\/span><\/span><\/p>\n<p><img loading=\"lazy\" decoding=\"async\" class=\"alignnone size-medium wp-image-10441\" src=\"https:\/\/entandem.cat\/wp-content\/uploads\/2023\/11\/foto.760x428.b1579c44-300x169.jpg\" alt=\"\" width=\"300\" height=\"169\" srcset=\"https:\/\/entandem.cat\/wp-content\/uploads\/2023\/11\/foto.760x428.b1579c44-300x169.jpg 300w, https:\/\/entandem.cat\/wp-content\/uploads\/2023\/11\/foto.760x428.b1579c44.jpg 760w\" sizes=\"auto, (max-width: 300px) 100vw, 300px\" \/><\/p>\n<ul style=\"list-style-type: square;\">\n<li>Fins el 23 de desembre<\/li>\n<li>Centre C\u00edvic Can Bast\u00e9<\/li>\n<li>Adolescents i Joves<\/li>\n<li>Gratu\u00eft<\/li>\n<li><strong><strong>Qu\u00e8 \u00e9s? <\/strong><\/strong>Aquest any hem iniciat el projecte de les Resid\u00e8ncies Fotogr\u00e0fiques de Can Bast\u00e9. Ha estat una prova pilot en la qual hem comptat amb la participaci\u00f3 de Pablo A. i el col\u00b7lectiu Latens Imago, format per quatre noies, Paula Fujiwara, N\u00faria Badosa, Maria Macias i MIMG. Totes dues parts han treballat, experimentat i aprofundit en la seva obra per finalment presentar com tot aquest proc\u00e9s ha pres forma i vida.<\/li>\n<\/ul>\n<p>\u00a0<\/p>\n<p><span style=\"color: #99cc00;\">[Exposici\u00f3] <span style=\"color: #ff0000;\"><a style=\"color: #ff0000;\" href=\"https:\/\/ajuntament.barcelona.cat\/noubarris\/ca\/guia-del-districte\/agenda\/exposicio-estados-de-transito_99400686919\" target=\"_blank\" rel=\"noopener\"><span data-sheets-value=\"{&quot;1&quot;:2,&quot;2&quot;:&quot;LaboratoriA in progress (Cia. LaboratoriA)&quot;}\" data-sheets-userformat=\"{&quot;2&quot;:8961,&quot;3&quot;:{&quot;1&quot;:0},&quot;11&quot;:4,&quot;12&quot;:0,&quot;16&quot;:10}\">Estados de Tr\u00e1nsito<\/span><\/a><\/span><\/span><\/p>\n<p><img loading=\"lazy\" decoding=\"async\" class=\"alignnone size-medium wp-image-10444\" src=\"https:\/\/entandem.cat\/wp-content\/uploads\/2023\/11\/estados_de_transito.760x428.cd00b069-300x169.jpg\" alt=\"\" width=\"300\" height=\"169\" srcset=\"https:\/\/entandem.cat\/wp-content\/uploads\/2023\/11\/estados_de_transito.760x428.cd00b069-300x169.jpg 300w, https:\/\/entandem.cat\/wp-content\/uploads\/2023\/11\/estados_de_transito.760x428.cd00b069.jpg 760w\" sizes=\"auto, (max-width: 300px) 100vw, 300px\" \/><\/p>\n<ul style=\"list-style-type: square;\">\n<li>Fins el 29 de desembre<\/li>\n<li>Centre C\u00edvic Can Verdaguer<\/li>\n<li>Adolescents i joves<\/li>\n<li>Gratu\u00eft<\/li>\n<li><strong><strong>Qu\u00e8 \u00e9s? <\/strong><\/strong>Una identitat n\u00f2mada, descentrada i fluida implica allunyar-nos de les categories r\u00edgides i bin\u00e0ries, abandonant la idea que els \u00e9ssers humans s\u00f3n el centre de l&#8217;univers. En el seu lloc, reconeixem la nostra interconnexi\u00f3 amb un m\u00f3n igualment canviant, abra\u00e7ant la identitat en la seva multiplicitat de factors i dimensions com a part d&#8217;un teixit interconnectat de relacions i sistemes en el qual compartim vincles amb altres formes de vida i l&#8217;entorn natural, incloent-hi tamb\u00e9 la tecnologia i el m\u00f3n digital. Aquest canvi de perspectiva ens convida a considerar l&#8217;impacte de les nostres accions en el m\u00f3n i a adoptar un enfocament m\u00e9s \u00e8tic i sostenible en les nostres relacions.<\/li>\n<\/ul>\n<p>\u00a0<\/p>\n<p><span style=\"color: #99cc00;\">[Exposici\u00f3] <span style=\"color: #ff0000;\"><a style=\"color: #ff0000;\" href=\"https:\/\/ajuntament.barcelona.cat\/ccivics\/files\/1698422944_Programacio-novembre-2023.pdf\" target=\"_blank\" rel=\"noopener\"><span data-sheets-value=\"{&quot;1&quot;:2,&quot;2&quot;:&quot;LaboratoriA in progress (Cia. LaboratoriA)&quot;}\" data-sheets-userformat=\"{&quot;2&quot;:8961,&quot;3&quot;:{&quot;1&quot;:0},&quot;11&quot;:4,&quot;12&quot;:0,&quot;16&quot;:10}\">25 ANYS AMICS DEL QUART M\u00d3N <br \/><\/span><\/a><\/span><\/span><\/p>\n<p><img loading=\"lazy\" decoding=\"async\" class=\"alignnone size-medium wp-image-10447\" src=\"https:\/\/entandem.cat\/wp-content\/uploads\/2023\/11\/ahir_i_avui_de_nou_barris.760x428.964b3d5e-300x169.jpg\" alt=\"\" width=\"300\" height=\"169\" srcset=\"https:\/\/entandem.cat\/wp-content\/uploads\/2023\/11\/ahir_i_avui_de_nou_barris.760x428.964b3d5e-300x169.jpg 300w, https:\/\/entandem.cat\/wp-content\/uploads\/2023\/11\/ahir_i_avui_de_nou_barris.760x428.964b3d5e.jpg 760w\" sizes=\"auto, (max-width: 300px) 100vw, 300px\" \/><\/p>\n<ul style=\"list-style-type: square;\">\n<li>Del 20 de novembre al 15 de desembre<\/li>\n<li>Centre C\u00edvic Zona Nord<\/li>\n<li>Adolescents i Joves<\/li>\n<li>Gratu\u00eft<\/li>\n<li><strong>Qu\u00e8 \u00e9s? <\/strong>A Barcelona, moltes fam\u00edlies tenen casa seva a solars, f\u00e0briques, locals en des\u00fas&#8230; Des de 1998, els Amics del Moviment Quart M\u00f3n hem teixit un vincle amb elles. Aquesta exposici\u00f3 \u00e9s una mostra del cam\u00ed que hem recorregut juntes.<\/li>\n<\/ul>\n<p>\u00a0<\/p>\n<h2>Sant Mart\u00ed<\/h2>\n<p>\u00a0<\/p>\n<p><span style=\"color: #99cc00;\">[Teatre] <span style=\"color: #ff0000;\"><a style=\"color: #ff0000;\" href=\"https:\/\/www.cccanfelipa.cat\/arts-esceniques\/1973-lhora-que-vull-cia-la-justa-companyia-resident\/\" target=\"_blank\" rel=\"noopener\"><span data-sheets-value=\"{&quot;1&quot;:2,&quot;2&quot;:&quot;LaboratoriA in progress (Cia. LaboratoriA)&quot;}\" data-sheets-userformat=\"{&quot;2&quot;:8961,&quot;3&quot;:{&quot;1&quot;:0},&quot;11&quot;:4,&quot;12&quot;:0,&quot;16&quot;:10}\">L&#8217;HORA QUE VULL, Cia La Justa<br \/><\/span><\/a><\/span><\/span><\/p>\n<p><img loading=\"lazy\" decoding=\"async\" class=\"alignnone size-medium wp-image-10460\" src=\"https:\/\/entandem.cat\/wp-content\/uploads\/2023\/11\/20230724172026-1-300x196.jpg\" alt=\"\" width=\"300\" height=\"196\" srcset=\"https:\/\/entandem.cat\/wp-content\/uploads\/2023\/11\/20230724172026-1-300x196.jpg 300w, https:\/\/entandem.cat\/wp-content\/uploads\/2023\/11\/20230724172026-1.jpg 460w\" sizes=\"auto, (max-width: 300px) 100vw, 300px\" \/><\/p>\n<ul style=\"list-style-type: square;\">\n<li>Divendres 15 de desembre a les 19.30h<\/li>\n<li>Centre C\u00edvic Can Felipa<\/li>\n<li>Infants, adolescents i joves<\/li>\n<li>Gratu\u00eft, cal inscripci\u00f3 pr\u00e8via<\/li>\n<li><strong><strong>Qu\u00e8 \u00e9s? <\/strong><\/strong>Perseguir la nostra voluntat. Apropar-nos a la mort i sentir-nos vius. Existir fins al final. Aix\u00ed \u00e9s el comiat de la Lily, la protagonista; tota una festa de vida, on riurem, cantarem, ballarem i celebrarem el regal d&#8217;estar vius tot indagant en els racons m\u00e9s ombr\u00edvols de la consci\u00e8ncia.\n<p>Una festa d&#8217;aniversari on el p\u00fablic sou els convidats imprescindibles per tal que la cerim\u00f2nia tiri endavant. Junts farem que la Lily pugui alliberar el seu patiment, tot dotant de sentit la seva vida fins al final<span style=\"color: initial;\">.<\/span><\/p>\n<p>\u00a0<\/p>\n<\/li>\n<\/ul>\n<p><span style=\"color: #99cc00;\">[Teatre] <span style=\"color: #ff0000;\"><a style=\"color: #ff0000;\" href=\"https:\/\/ajuntament.barcelona.cat\/ccivics\/elbesosielmaresme\/p\/56036\/meno-es-ms\" target=\"_blank\" rel=\"noopener\"><span data-sheets-value=\"{&quot;1&quot;:2,&quot;2&quot;:&quot;LaboratoriA in progress (Cia. LaboratoriA)&quot;}\" data-sheets-userformat=\"{&quot;2&quot;:8961,&quot;3&quot;:{&quot;1&quot;:0},&quot;11&quot;:4,&quot;12&quot;:0,&quot;16&quot;:10}\">MENO ES M\u00c1S Festival Dona Crea &#8211; Crea Mujer<\/span><\/a><\/span><\/span><\/p>\n<p><img loading=\"lazy\" decoding=\"async\" class=\"alignnone size-medium wp-image-10463\" src=\"https:\/\/entandem.cat\/wp-content\/uploads\/2023\/11\/1701171020_DONA-CREA_Maria-Antonieta_AGENDA-300x167.jpg\" alt=\"\" width=\"300\" height=\"167\" srcset=\"https:\/\/entandem.cat\/wp-content\/uploads\/2023\/11\/1701171020_DONA-CREA_Maria-Antonieta_AGENDA-300x167.jpg 300w, https:\/\/entandem.cat\/wp-content\/uploads\/2023\/11\/1701171020_DONA-CREA_Maria-Antonieta_AGENDA-768x428.jpg 768w, https:\/\/entandem.cat\/wp-content\/uploads\/2023\/11\/1701171020_DONA-CREA_Maria-Antonieta_AGENDA.jpg 905w\" sizes=\"auto, (max-width: 300px) 100vw, 300px\" \/><\/p>\n<ul style=\"list-style-type: square;\">\n<li>Divendres 15 de desembre a les 19.30h<\/li>\n<li>Centre C\u00edvic del Bes\u00f2s i el Maresme<\/li>\n<li>Adolescents i joves<\/li>\n<li>Gratu\u00eft, cal inscripci\u00f3 pr\u00e8via<\/li>\n<li><strong><strong>Qu\u00e8 \u00e9s? <\/strong><\/strong>Obra de microteatre escrita per Merc\u00e8 Espelleta i dirigida per Ariadna Marti\n<p>Meno es m\u00e1s tracta des de la com\u00e8dia com viuen la menopausa dues \u00edntimes amigues de tota la vida. A la Margarita li ha canviat la vida per a millor, se sent plena, lliure, radiant i millor que mai!&#8230;. Sole, no obstant aix\u00f2, est\u00e0 feta un embolic i la viu des del dolor, la ignor\u00e0ncia i la preocupaci\u00f3. El seu marit la maltracta i ella ja no sap qu\u00e8 fer. No se sent gens b\u00e9 amb tots els \u00abcanvis\u00bb que li estan succeint, ni amb la seva pr\u00f2pia exist\u00e8ncia, per\u00f2 amb l\u2019ajuda de Margarita trobar\u00e0 la f\u00f3rmula per a donar un gir de 360 graus a la seva vida!<\/p>\n<\/li>\n<\/ul>\n<p>\u00a0<\/p>\n<p><span style=\"color: #99cc00;\">[Teatre gestual] <span style=\"color: #ff0000;\"><a style=\"color: #ff0000;\" href=\"https:\/\/ajuntament.barcelona.cat\/ccivics\/elbesosielmaresme\/p\/54770\/insomni\" target=\"_blank\" rel=\"noopener\"><span data-sheets-value=\"{&quot;1&quot;:2,&quot;2&quot;:&quot;LaboratoriA in progress (Cia. LaboratoriA)&quot;}\" data-sheets-userformat=\"{&quot;2&quot;:8961,&quot;3&quot;:{&quot;1&quot;:0},&quot;11&quot;:4,&quot;12&quot;:0,&quot;16&quot;:10}\">Insomni<\/span><\/a><\/span><\/span><\/p>\n<p><img loading=\"lazy\" decoding=\"async\" class=\"alignnone size-medium wp-image-10466\" src=\"https:\/\/entandem.cat\/wp-content\/uploads\/2023\/11\/1692169856_Insomni_AGENDA-300x167.jpg\" alt=\"\" width=\"300\" height=\"167\" srcset=\"https:\/\/entandem.cat\/wp-content\/uploads\/2023\/11\/1692169856_Insomni_AGENDA-300x167.jpg 300w, https:\/\/entandem.cat\/wp-content\/uploads\/2023\/11\/1692169856_Insomni_AGENDA-768x428.jpg 768w, https:\/\/entandem.cat\/wp-content\/uploads\/2023\/11\/1692169856_Insomni_AGENDA.jpg 905w\" sizes=\"auto, (max-width: 300px) 100vw, 300px\" \/><\/p>\n<ul style=\"list-style-type: square;\">\n<li>Divendres 15 de desembre a les 19h<\/li>\n<li>Sala Carlos D\u00edaz &#8211; INS Barri Bes\u00f2s<\/li>\n<li>Infants a partir de 5 anys<\/li>\n<li>Gratu\u00eft, cal inscripci\u00f3 pr\u00e8via<\/li>\n<li><strong><strong>Qu\u00e8 \u00e9s?<\/strong><\/strong>\n<p>Un llit antic, un pallasso preparat per a dormir. De sobte: sorolls, sorpreses, rialles i adversitats que no el deixaran descansar fins a portar-lo a l\u2019insomni.<\/p>\n<p>Ser\u00e0 un viatge po\u00e8tic, on\u00edric i entranyable que estar\u00e0 ple de situacions descabellades i surrealistes Aquest \u00e9s un espectacle de pallasso gestual, sense cap paraula per\u00f2 ple d\u2019enginyoses inventives que aconseguiran fer somiar, sorprendre i dibuixar somriures a tothom.<\/p>\n<\/li>\n<\/ul>\n<p>\u00a0<\/p>\n<p><span style=\"color: #99cc00;\">[Taller] <span style=\"color: #ff0000;\"><a style=\"color: #ff0000;\" href=\"https:\/\/ajuntament.barcelona.cat\/ccivics\/santmarti\/p\/53814\/cuina-jove-aperitius-i-postres-de-nadal\" target=\"_blank\" rel=\"noopener\"><span data-sheets-value=\"{&quot;1&quot;:2,&quot;2&quot;:&quot;LaboratoriA in progress (Cia. LaboratoriA)&quot;}\" data-sheets-userformat=\"{&quot;2&quot;:8961,&quot;3&quot;:{&quot;1&quot;:0},&quot;11&quot;:4,&quot;12&quot;:0,&quot;16&quot;:10}\">Cuina Jove: Aperitius i Postres de Nadal<br \/><\/span><\/a><\/span><\/span><\/p>\n<p><img loading=\"lazy\" decoding=\"async\" class=\"alignnone size-medium wp-image-10469\" src=\"https:\/\/entandem.cat\/wp-content\/uploads\/2023\/11\/1688652364_getImatge-300x300.jpg\" alt=\"\" width=\"300\" height=\"300\" srcset=\"https:\/\/entandem.cat\/wp-content\/uploads\/2023\/11\/1688652364_getImatge.jpg 300w, https:\/\/entandem.cat\/wp-content\/uploads\/2023\/11\/1688652364_getImatge-150x150.jpg 150w\" sizes=\"auto, (max-width: 300px) 100vw, 300px\" \/><\/p>\n<ul style=\"list-style-type: square;\">\n<li>Dilluns 18 de desembre de 18.30h a 21 h.<\/li>\n<li><span style=\"color: initial;\">Centre C\u00edvic de Sant Mart\u00ed<\/span><\/li>\n<li>Per a joves d\u2019entre 16 i 25 anys<\/li>\n<li>Gratu\u00eft, cal inscripci\u00f3 pr\u00e8via<\/li>\n<li><strong><strong>Qu\u00e8 \u00e9s? <\/strong><\/strong>Apr\u00e8n a elaborar deliciosos i r\u00e0pids entrants i postres per fer gaudir als teus convidats. Treballarem amb massa de full, massa filo i farem t\u00e0rtar de fuet, pat\u00e9 de pebrots, cistelles de formatge&#8230; i panacotta de torr\u00f3. Cal portar: davantal i drap de cuina i el cabell recollit.\n<p>\u00a0<\/p>\n<\/li>\n<\/ul>\n<p><span style=\"color: #99cc00;\">[Exposici\u00f3] <span style=\"color: #ff0000;\"><a style=\"color: #ff0000;\" href=\"https:\/\/farinera.org\/agenda\/josep-vila-un-mestre-del-nostre-barri\/\" target=\"_blank\" rel=\"noopener\"><span data-sheets-value=\"{&quot;1&quot;:2,&quot;2&quot;:&quot;LaboratoriA in progress (Cia. LaboratoriA)&quot;}\" data-sheets-userformat=\"{&quot;2&quot;:8961,&quot;3&quot;:{&quot;1&quot;:0},&quot;11&quot;:4,&quot;12&quot;:0,&quot;16&quot;:10}\">JOSEP VILA, UN MESTRE DEL NOSTRE BARRI (1921-1966)<br \/><\/span><\/a><\/span><\/span><\/p>\n<p><img loading=\"lazy\" decoding=\"async\" class=\"alignnone size-medium wp-image-10472\" src=\"https:\/\/entandem.cat\/wp-content\/uploads\/2023\/11\/expo-festa-major-300x169.jpg\" alt=\"\" width=\"300\" height=\"169\" srcset=\"https:\/\/entandem.cat\/wp-content\/uploads\/2023\/11\/expo-festa-major-300x169.jpg 300w, https:\/\/entandem.cat\/wp-content\/uploads\/2023\/11\/expo-festa-major-1024x576.jpg 1024w, https:\/\/entandem.cat\/wp-content\/uploads\/2023\/11\/expo-festa-major-768x432.jpg 768w, https:\/\/entandem.cat\/wp-content\/uploads\/2023\/11\/expo-festa-major-1536x864.jpg 1536w, https:\/\/entandem.cat\/wp-content\/uploads\/2023\/11\/expo-festa-major.jpg 1920w\" sizes=\"auto, (max-width: 300px) 100vw, 300px\" \/><\/p>\n<ul style=\"list-style-type: square;\">\n<li>Fins el 16 de desembre<\/li>\n<li>Centre C\u00edvic La Farinera del Clot<\/li>\n<li>Adolescents i joves<\/li>\n<li>Gratu\u00eft<\/li>\n<li><strong><strong>Qu\u00e8 \u00e9s? <\/strong><\/strong>Com cada any, el Taller d\u2019Hist\u00f2ria del Clot-Camp de l\u2019Arpa, dur\u00e0 a terme una exposici\u00f3 en el marc de la Festa Major del barri enguany dedicada al mestre del barri. Sota el t\u00edtol \u201cJosep Vila, un mestre del nostre barri (1921-1966)\u201d veurem un recull gr\u00e0fic de la seva vida docent. Al Foment martinenc entre els anys 1921 i 1931; del 1931 al 1965 a l\u2019Institut Escolar.<\/li>\n<\/ul>\n<p>\u00a0<\/p>\n<h2>El Carmel<\/h2>\n<p>\u00a0<\/p>\n<p><span style=\"color: #99cc00;\">[Exposici\u00f3] <span style=\"color: #ff0000;\"><a style=\"color: #ff0000;\" href=\"https:\/\/ajuntament.barcelona.cat\/bocanord\/2023\/11\/29\/expo-cendra-novembre-2023\/\" target=\"_blank\" rel=\"noopener\"><span data-sheets-value=\"{&quot;1&quot;:2,&quot;2&quot;:&quot;Tarda jove: T\u00f3mbola ( Cia. Gespalka'p)&quot;}\" data-sheets-userformat=\"{&quot;2&quot;:13187,&quot;3&quot;:{&quot;1&quot;:0},&quot;4&quot;:{&quot;1&quot;:2,&quot;2&quot;:16777215},&quot;10&quot;:2,&quot;11&quot;:4,&quot;12&quot;:0,&quot;15&quot;:&quot;Arial&quot;,&quot;16&quot;:10}\">Cendra<\/span><\/a><\/span><\/span><\/p>\n<p><img loading=\"lazy\" decoding=\"async\" class=\"alignnone size-medium wp-image-10475\" src=\"https:\/\/entandem.cat\/wp-content\/uploads\/2023\/11\/Cartell-Cendra-min-724x1024-1-212x300.png\" alt=\"\" width=\"212\" height=\"300\" srcset=\"https:\/\/entandem.cat\/wp-content\/uploads\/2023\/11\/Cartell-Cendra-min-724x1024-1-212x300.png 212w, https:\/\/entandem.cat\/wp-content\/uploads\/2023\/11\/Cartell-Cendra-min-724x1024-1.png 724w\" sizes=\"auto, (max-width: 212px) 100vw, 212px\" \/><\/p>\n<ul style=\"list-style-type: square;\">\n<li>Del 6 al 28 de desembre<\/li>\n<li>Espai Jove Boca Nord<\/li>\n<li>Joves i adolescents<\/li>\n<li>Gratu\u00eft<\/li>\n<li><strong><strong>Qu\u00e8 \u00e9s? <\/strong><\/strong>\u201cInvisible\u201d consiste en el desarrollo y reconfiguraci\u00f3n del concepto identidad para explorar desde la est\u00e9tica en qu\u00e9 consiste habitar una persona.<\/li>\n<\/ul>\n<p>\u00a0<\/p>\n<p><span style=\"color: #99cc00;\">[Club de lectura] <span style=\"color: #ff0000;\"><a style=\"color: #ff0000;\" href=\"https:\/\/ajuntament.barcelona.cat\/ccivics\/teixonera\/p\/54372\/territori-en-dansa-urbana\" target=\"_blank\" rel=\"noopener\"><span data-sheets-value=\"{&quot;1&quot;:2,&quot;2&quot;:&quot;Tarda jove: T\u00f3mbola ( Cia. Gespalka'p)&quot;}\" data-sheets-userformat=\"{&quot;2&quot;:13187,&quot;3&quot;:{&quot;1&quot;:0},&quot;4&quot;:{&quot;1&quot;:2,&quot;2&quot;:16777215},&quot;10&quot;:2,&quot;11&quot;:4,&quot;12&quot;:0,&quot;15&quot;:&quot;Arial&quot;,&quot;16&quot;:10}\">C\u00f2mic<\/span><\/a><\/span><\/span><\/p>\n<p><img loading=\"lazy\" decoding=\"async\" class=\"alignnone size-medium wp-image-10478\" src=\"https:\/\/entandem.cat\/wp-content\/uploads\/2023\/11\/comic_760x428-300x169.png\" alt=\"\" width=\"300\" height=\"169\" srcset=\"https:\/\/entandem.cat\/wp-content\/uploads\/2023\/11\/comic_760x428-300x169.png 300w, https:\/\/entandem.cat\/wp-content\/uploads\/2023\/11\/comic_760x428.png 760w\" sizes=\"auto, (max-width: 300px) 100vw, 300px\" \/><\/p>\n<ul style=\"list-style-type: square;\">\n<li>Dijous 21 de desembre a les 18h<\/li>\n<li>Biblioteca Juan Mars\u00e9 &#8211; El Carmel<\/li>\n<li>Infants, joves i adolescents<\/li>\n<li>Gratu\u00eft<\/li>\n<li><strong><strong>Qu\u00e8 \u00e9s? <\/strong><\/strong>Es tracta d&#8217;un club de lectura creat amb la intenci\u00f3 de compartir la passi\u00f3 pels c\u00f2mics mitjan\u00e7ant la lectura i el comentari. Es proposa un recorregut per diferents autors, g\u00e8neres i tipologies de c\u00f2mic: europeu, manga, americ\u00e0, espanyol, llatinoameric\u00e0&#8230;<\/li>\n<\/ul>\n<p>\u00a0<\/p>\n<p><span style=\"color: #99cc00;\">[Exposici\u00f3] <span style=\"color: #ff0000;\"><a style=\"color: #ff0000;\" href=\"https:\/\/ajuntament.barcelona.cat\/biblioteques\/bibelcarmel\/ca\/detail\/exposicio-bordadoras-de-memoria_99400724048\" target=\"_blank\" rel=\"noopener\"><span data-sheets-value=\"{&quot;1&quot;:2,&quot;2&quot;:&quot;Tarda jove: T\u00f3mbola ( Cia. Gespalka'p)&quot;}\" data-sheets-userformat=\"{&quot;2&quot;:13187,&quot;3&quot;:{&quot;1&quot;:0},&quot;4&quot;:{&quot;1&quot;:2,&quot;2&quot;:16777215},&quot;10&quot;:2,&quot;11&quot;:4,&quot;12&quot;:0,&quot;15&quot;:&quot;Arial&quot;,&quot;16&quot;:10}\">Bordadoras de memoria<br \/><\/span><\/a><\/span><\/span><\/p>\n<p><img loading=\"lazy\" decoding=\"async\" class=\"alignnone size-medium wp-image-10324\" src=\"https:\/\/entandem.cat\/wp-content\/uploads\/2023\/10\/pexels-\u00b6project-atlas-1674049-300x225.jpg\" alt=\"\" width=\"300\" height=\"225\" srcset=\"https:\/\/entandem.cat\/wp-content\/uploads\/2023\/10\/pexels-\u00b6project-atlas-1674049-300x225.jpg 300w, https:\/\/entandem.cat\/wp-content\/uploads\/2023\/10\/pexels-\u00b6project-atlas-1674049-1024x768.jpg 1024w, https:\/\/entandem.cat\/wp-content\/uploads\/2023\/10\/pexels-\u00b6project-atlas-1674049-768x576.jpg 768w, https:\/\/entandem.cat\/wp-content\/uploads\/2023\/10\/pexels-\u00b6project-atlas-1674049.jpg 1280w\" sizes=\"auto, (max-width: 300px) 100vw, 300px\" \/><\/p>\n<ul style=\"list-style-type: square;\">\n<li>Fins el 21 de desembre<\/li>\n<li>Biblioteca Juan Mars\u00e9 &#8211; El Carmel<\/li>\n<li>Adolescents i joves<\/li>\n<li>Gratu\u00eft<\/li>\n<li><strong>Qu\u00e8 \u00e9s? <\/strong>A la d\u00e8cada dels vuitanta, durant el conflicte armat que tenia lloc al Salvador, les dones van comen\u00e7ar a brodar les seves hist\u00f2ries personals.<\/li>\n<\/ul>\n<p>\u00a0<\/p>\n<p><span style=\"color: #99cc00;\">[Exposici\u00f3] <\/span><span style=\"color: #ff0000;\"><a style=\"color: #ff0000;\" href=\"https:\/\/www.barcelona.cat\/casalsdebarri\/la-barraca-del-carmel\/ca\/agenda\/exposicio-del-mes-lart-demmarcar-plantes-i-els-dibuixos-danimals-99400717785\">L\u2019art d\u2019emmarcar plantes i els dibuixos d\u2019animals<\/a><\/span><span style=\"color: #99cc00;\"><span style=\"color: #ff0000;\"><a style=\"color: #ff0000;\" href=\"https:\/\/ajuntament.barcelona.cat\/bocanord\/exposicio-frequencies\/\" target=\"_blank\" rel=\"noopener\"><span data-sheets-value=\"{&quot;1&quot;:2,&quot;2&quot;:&quot;Tarda jove: T\u00f3mbola ( Cia. Gespalka'p)&quot;}\" data-sheets-userformat=\"{&quot;2&quot;:13187,&quot;3&quot;:{&quot;1&quot;:0},&quot;4&quot;:{&quot;1&quot;:2,&quot;2&quot;:16777215},&quot;10&quot;:2,&quot;11&quot;:4,&quot;12&quot;:0,&quot;15&quot;:&quot;Arial&quot;,&quot;16&quot;:10}\"><br \/><\/span><\/a><\/span><\/span><\/p>\n<p><img loading=\"lazy\" decoding=\"async\" class=\"alignnone size-medium wp-image-10484\" src=\"https:\/\/entandem.cat\/wp-content\/uploads\/2023\/11\/photo_2022-12-20_19-47-42-300x228.jpg\" alt=\"\" width=\"300\" height=\"228\" srcset=\"https:\/\/entandem.cat\/wp-content\/uploads\/2023\/11\/photo_2022-12-20_19-47-42-300x228.jpg 300w, https:\/\/entandem.cat\/wp-content\/uploads\/2023\/11\/photo_2022-12-20_19-47-42.jpg 755w\" sizes=\"auto, (max-width: 300px) 100vw, 300px\" \/><\/p>\n<ul style=\"list-style-type: square;\">\n<li>Del 4 al 29 de desembre<\/li>\n<li>Casal de Barri La Barraca del Carmel<\/li>\n<li>Infants, adolescents i joves<\/li>\n<li>Gratu\u00eft<\/li>\n<li><strong>Qu\u00e8 \u00e9s? <\/strong>L\u2019artista Joan Pontes plasma la natura que ens envolta amb les seves obres. A trav\u00e9s de diferents t\u00e8cniques de dibuix com el carbonet i l\u2019emmarcaci\u00f3 de plantes a partir de materials reciclats, representa l\u2019amalgama de sensacions i emocions que ens transmet la naturalesa.<\/li>\n<\/ul>\n<p>\u00a0<\/p>\n<p><span style=\"color: #99cc00;\">[Esport] <span style=\"color: #ff0000;\"><a style=\"color: #ff0000;\" href=\"https:\/\/ajuntament.barcelona.cat\/bocanord\/serveis\/rocodrom\/\" target=\"_blank\" rel=\"noopener\"><span data-sheets-value=\"{&quot;1&quot;:2,&quot;2&quot;:&quot;Tarda jove: T\u00f3mbola ( Cia. Gespalka'p)&quot;}\" data-sheets-userformat=\"{&quot;2&quot;:13187,&quot;3&quot;:{&quot;1&quot;:0},&quot;4&quot;:{&quot;1&quot;:2,&quot;2&quot;:16777215},&quot;10&quot;:2,&quot;11&quot;:4,&quot;12&quot;:0,&quot;15&quot;:&quot;Arial&quot;,&quot;16&quot;:10}\">Escala al roc\u00f2drom!<br \/><\/span><\/a><\/span><\/span><\/p>\n<p><img loading=\"lazy\" decoding=\"async\" class=\"alignnone size-medium wp-image-10373\" src=\"https:\/\/entandem.cat\/wp-content\/uploads\/2023\/10\/image-300x224.jpg\" alt=\"\" width=\"300\" height=\"224\" srcset=\"https:\/\/entandem.cat\/wp-content\/uploads\/2023\/10\/image-300x224.jpg 300w, https:\/\/entandem.cat\/wp-content\/uploads\/2023\/10\/image.jpg 750w\" sizes=\"auto, (max-width: 300px) 100vw, 300px\" \/><\/p>\n<ul style=\"list-style-type: square;\">\n<li>Totes les tardes de dilluns a divendres fins les 22h<\/li>\n<li>Espai jove Boca Nord<\/li>\n<li>M\u00e9s de 12 anys<\/li>\n<li>1 euro<\/li>\n<li><strong>Qu\u00e8 \u00e9s? <\/strong>Els joves escaladors i escaladores que vingueu a l\u2019Espai Jove Boca Nord podreu gaudir d\u2019un \u201cboulder\u201d amb caracter\u00edstiques singulars on podreu practicar l\u2019escalada interior amb taulers multi preses i itineraris amb diferents dificultats.<\/li>\n<\/ul>\n<p>\u00a0<\/p>\n<h2>Bon Pastor &#8211; Bar\u00f3 de Viver<\/h2>\n<p>\u00a0<\/p>\n<p><span style=\"color: #99cc00;\">[Exposici\u00f3] <span style=\"color: #ff0000;\"><a style=\"color: #ff0000;\" href=\"https:\/\/ajuntament.barcelona.cat\/ccivics\/barodeviver\/p\/55107\/un-lbum-familiar-de-cures\">UN \u00c0LBUM FAMILIAR DE CURES<\/a><\/span><\/span><span style=\"color: #99cc00;\"><br \/><\/span><\/p>\n<p><img loading=\"lazy\" decoding=\"async\" class=\"alignnone size-medium wp-image-10487\" src=\"https:\/\/entandem.cat\/wp-content\/uploads\/2023\/11\/1697482951_Tatiana_farinera-300x225.jpg\" alt=\"\" width=\"300\" height=\"225\" srcset=\"https:\/\/entandem.cat\/wp-content\/uploads\/2023\/11\/1697482951_Tatiana_farinera-300x225.jpg 300w, https:\/\/entandem.cat\/wp-content\/uploads\/2023\/11\/1697482951_Tatiana_farinera-1024x768.jpg 1024w, https:\/\/entandem.cat\/wp-content\/uploads\/2023\/11\/1697482951_Tatiana_farinera-768x576.jpg 768w, https:\/\/entandem.cat\/wp-content\/uploads\/2023\/11\/1697482951_Tatiana_farinera-1536x1152.jpg 1536w, https:\/\/entandem.cat\/wp-content\/uploads\/2023\/11\/1697482951_Tatiana_farinera-2048x1536.jpg 2048w\" sizes=\"auto, (max-width: 300px) 100vw, 300px\" \/><\/p>\n<ul style=\"list-style-type: square;\">\n<li>Fins el 21 de desembre<\/li>\n<li>Centre C\u00edvic de Bar\u00f3 de Viver<\/li>\n<li>Adolescents i joves<\/li>\n<li>Gratu\u00eft<\/li>\n<li><strong><strong>Qu\u00e8 \u00e9s? <\/strong><\/strong>Qui cuida la cuidadora? Respondre o, almenys, plantejar aquesta pregunta \u00e9s el que pret\u00e9n l\u2019artista amb aquest \u00e0lbum familiar. Mitjan\u00e7ant la fotografia, l\u2019escriptura i el brodat, planteja i visibilitza com el treball dom\u00e8stic i de cures, no retribu\u00eft econ\u00f2micament o pagat \u201camb amor\u201d, \u00e9s el veritable sostenidor de la fam\u00edlia i del sistema econ\u00f2mic en el qual vivim.\n<p>\u00a0<\/p>\n<\/li>\n<\/ul>\n<p><span style=\"color: #99cc00;\">[Club de lectura] <span style=\"color: #ff0000;\"><a style=\"color: #ff0000;\" href=\"https:\/\/ajuntament.barcelona.cat\/ccivics\/barodeviver\/p\/32895\/fabularum-locus\" target=\"_blank\" rel=\"noopener\"><span data-sheets-value=\"{&quot;1&quot;:2,&quot;2&quot;:&quot;LaboratoriA in progress (Cia. LaboratoriA)&quot;}\" data-sheets-userformat=\"{&quot;2&quot;:8961,&quot;3&quot;:{&quot;1&quot;:0},&quot;11&quot;:4,&quot;12&quot;:0,&quot;16&quot;:10}\">FABULARUM LOCUS<br \/><\/span><\/a><\/span><\/span><\/p>\n<p><img loading=\"lazy\" decoding=\"async\" class=\"alignnone size-medium wp-image-10382\" src=\"https:\/\/entandem.cat\/wp-content\/uploads\/2023\/10\/1633175089_CONTACONTES-QUADRAT-300x300.jpg\" alt=\"\" width=\"300\" height=\"300\" srcset=\"https:\/\/entandem.cat\/wp-content\/uploads\/2023\/10\/1633175089_CONTACONTES-QUADRAT-300x300.jpg 300w, https:\/\/entandem.cat\/wp-content\/uploads\/2023\/10\/1633175089_CONTACONTES-QUADRAT-1024x1024.jpg 1024w, https:\/\/entandem.cat\/wp-content\/uploads\/2023\/10\/1633175089_CONTACONTES-QUADRAT-150x150.jpg 150w, https:\/\/entandem.cat\/wp-content\/uploads\/2023\/10\/1633175089_CONTACONTES-QUADRAT-768x768.jpg 768w, https:\/\/entandem.cat\/wp-content\/uploads\/2023\/10\/1633175089_CONTACONTES-QUADRAT-1536x1536.jpg 1536w, https:\/\/entandem.cat\/wp-content\/uploads\/2023\/10\/1633175089_CONTACONTES-QUADRAT-2048x2048.jpg 2048w\" sizes=\"auto, (max-width: 300px) 100vw, 300px\" \/><\/p>\n<ul style=\"list-style-type: square;\">\n<li>De dilluns a dijous de 17h a 18h<\/li>\n<li>Centre C\u00edvic Bar\u00f3 de Viver<\/li>\n<li>Infants fins 12 anys<\/li>\n<li>Gratu\u00eft<\/li>\n<li><strong>Qu\u00e8 \u00e9s? <\/strong>Espai de lectura adre\u00e7at a fam\u00edlies amb infants de 0 a 12 anys. Vine i endinsa\u2019t en la lectura dels contes que m\u00e9s t\u2019agraden. Juga amb les hist\u00f2ries i personatges i gaudeix dels conta contes<span style=\"font-size: revert; color: initial;\">.<\/span><\/li>\n<\/ul>\n<p>\u00a0<\/p>\n<p><span style=\"color: #99cc00;\">[Lectura] <span style=\"color: #ff0000;\"><a style=\"color: #ff0000;\" href=\"https:\/\/ajuntament.barcelona.cat\/biblioteques\/bibbonpastor\/ca\/canal\/area-infantil\" target=\"_blank\" rel=\"noopener\">\u00c0rea infantil<\/a><\/span><\/span><span style=\"color: #99cc00;\"><br \/><\/span><\/p>\n<p><img loading=\"lazy\" decoding=\"async\" class=\"alignnone size-medium wp-image-10385\" src=\"https:\/\/entandem.cat\/wp-content\/uploads\/2023\/10\/AreaInfantil-300x199.jpg\" alt=\"\" width=\"300\" height=\"199\" srcset=\"https:\/\/entandem.cat\/wp-content\/uploads\/2023\/10\/AreaInfantil-300x199.jpg 300w, https:\/\/entandem.cat\/wp-content\/uploads\/2023\/10\/AreaInfantil.jpg 567w\" sizes=\"auto, (max-width: 300px) 100vw, 300px\" \/><\/p>\n<ul style=\"list-style-type: square;\">\n<li>Tots els dies<\/li>\n<li>Biblioteca de Bon Pastor<\/li>\n<li>Infants fins a 13 anys<\/li>\n<li>Gratu\u00eft<\/li>\n<li><strong>Qu\u00e8 \u00e9s? <\/strong>La sala infantil es troba a la primera planta i \u00e9s un espai de la biblioteca pensat especialment per a nens de 0 a 14 anys.\n<p>Hi ha llibres de tot tipus! Llibres per passar-s&#8217;ho b\u00e9 llegint i llibres per aprendre. Tamb\u00e9 hi ha c\u00f2mics, revistes, v\u00eddeos, DVD, CD de m\u00fasica i CD-ROM per a l&#8217;ordinador. S&#8217;hi pot llegir, escoltar m\u00fasica, mirar una pel\u00b7l\u00edcula, navegar per internet o buscar tot tipus d&#8217;informaci\u00f3.<\/p>\n<p>Els contes es classifiquen per edats i, perqu\u00e8 siguin m\u00e9s f\u00e0cils de localitzar, es diferencien amb gomets de color.<\/p>\n<\/li>\n<\/ul>\n<p>\u00a0<\/p>\n<p><span style=\"color: #99cc00;\">[Exposici\u00f3 interactiva] <span style=\"color: #ff0000;\"><a style=\"color: #ff0000;\" href=\"https:\/\/ajuntament.barcelona.cat\/santandreu\/es\/guia-del-distrito\/agenda\/exposicio-la-ciutat-de-la-desinformacio_99400709336#div-com-arribar\" target=\"_blank\" rel=\"noopener\">La Ciutat de la desinformaci\u00f3<\/a><\/span><\/span><\/p>\n<p><img loading=\"lazy\" decoding=\"async\" class=\"alignnone size-medium wp-image-10490\" src=\"https:\/\/entandem.cat\/wp-content\/uploads\/2023\/11\/La_ciutat_de_la_desinformacio.760x428.6c58b8cd-300x169.jpg\" alt=\"\" width=\"300\" height=\"169\" srcset=\"https:\/\/entandem.cat\/wp-content\/uploads\/2023\/11\/La_ciutat_de_la_desinformacio.760x428.6c58b8cd-300x169.jpg 300w, https:\/\/entandem.cat\/wp-content\/uploads\/2023\/11\/La_ciutat_de_la_desinformacio.760x428.6c58b8cd.jpg 760w\" sizes=\"auto, (max-width: 300px) 100vw, 300px\" \/><\/p>\n<ul style=\"list-style-type: square;\">\n<li>Fins el 15 de desembre<\/li>\n<li>Ateneu d&#8217;Innovaci\u00f3 Digital i Democr\u00e0tica &#8211; Can\u00f2drom<\/li>\n<li>Adolescents i joves<\/li>\n<li>Gratu\u00eft<\/li>\n<li><strong>Qu\u00e8 \u00e9s? <\/strong>A la Ciutat de la desinformaci\u00f3 mai saps qu\u00e8 \u00e9s veritat i qu\u00e8 \u00e9s mentida. O s\u00ed? Explora la ciutat, recorre cada rac\u00f3 i camina per un laberint de not\u00edcies infinites per aprendre a identificar i combatre les fake news.\n<p>En aquesta exposici\u00f3, viatja de la pantalla al m\u00f3n f\u00edsic: descobreix els diferents tipus d&#8217;informaci\u00f3 oculta darrere de cada edifici de la Ciutat de la desinformaci\u00f3 i l&#8217;impacte que la desinformaci\u00f3 pot tenir en la nostra societat i en les nostres vides. Uneix-te a la lluita contra les not\u00edcies falses!<\/p>\n<p>\u00a0<\/p>\n<\/li>\n<\/ul>\n<div>\n<p><span style=\"color: #99cc00;\">[Exposici\u00f3]<\/span> <span style=\"color: #ff0000;\"><a style=\"color: #ff0000;\" href=\"https:\/\/ajuntament.barcelona.cat\/santandreu\/es\/guia-del-distrito\/agenda\/exposicio-aigua-km-zero-bcn_99400628086\" target=\"_blank\" rel=\"noopener\">Aigua Km Zero \/ Bcn<\/a><\/span><\/p>\n<p><img loading=\"lazy\" decoding=\"async\" class=\"alignnone size-medium wp-image-10493\" src=\"https:\/\/entandem.cat\/wp-content\/uploads\/2023\/11\/articleaiguakm0.760x428.2316ef98-300x169.jpg\" alt=\"\" width=\"300\" height=\"169\" srcset=\"https:\/\/entandem.cat\/wp-content\/uploads\/2023\/11\/articleaiguakm0.760x428.2316ef98-300x169.jpg 300w, https:\/\/entandem.cat\/wp-content\/uploads\/2023\/11\/articleaiguakm0.760x428.2316ef98.jpg 760w\" sizes=\"auto, (max-width: 300px) 100vw, 300px\" \/><\/p>\n<ul>\n<li>Tots els dies<\/li>\n<li>MUHBA Museu d&#8217;Hist\u00f2ria de Barcelona &#8211; Casa de l&#8217;Aigua<\/li>\n<li>Adolescents i joves<\/li>\n<li>Gratu\u00eft<\/li>\n<li><strong><strong>Qu\u00e8 \u00e9s? <\/strong><\/strong>Anomenem aigua km zero les aig\u00fces de proximitat, les que cauen al territori amb la pluja i les que hi arriben des d\u00b4altres llocs amb l\u00b4escorrentia. A l\u00b4\u00e0rea de Barcelona delimitada per Collserola, el riu Bes\u00f2s i Montju\u00efc, aquesta aigua ha determinat, al llarg de la hist\u00f2ria, el desenvolupament de la ciutat mateixa i de les viles i els pobles de l\u00b4entorn. Fins fa poc temps, aquesta aigua va conformar les relacions entre la societat i el territori. Amb aquesta exposici\u00f3 es vol fer aflorar els lligams essencials i avui menystinguts de l\u00b4aigua amb el territori, com un pas en la recuperaci\u00f3 de la mem\u00f2ria d\u00b4una llarga tradici\u00f3 de gesti\u00f3 dels recursos h\u00eddrics locals com a aliment, fertilitzant agr\u00edcola, energia i diluent per a activitats dom\u00e8stiques i industrials.<\/li>\n<\/ul>\n<\/div>\n<p>\u00a0<\/p>\n<h2>Santa Coloma de Gramenet<\/h2>\n<p>\u00a0<\/p>\n<p><span style=\"color: #99cc00;\">[Festa] <span style=\"color: #ff0000;\"><a style=\"color: #ff0000;\" href=\"https:\/\/www.instagram.com\/p\/CzraiihMLE2\/?img_index=1\" target=\"_blank\" rel=\"noopener\">MASXXI Fest<\/a><\/span><\/span><\/p>\n<ul style=\"list-style-type: square;\">\n<li>Divendres 15 de desembre a les 17:30h<\/li>\n<li>Centre C\u00edvic Mas Fonollar<\/li>\n<li>Adolescents i joves<\/li>\n<li>Gratu\u00eft<\/li>\n<\/ul>\n<p>\u00a0<\/p>\n<p><span style=\"color: #99cc00;\">[Taller] <span style=\"color: #ff0000;\"><a style=\"color: #ff0000;\" href=\"https:\/\/www.instagram.com\/p\/Cxsw_5EMh2M\/\" target=\"_blank\" rel=\"noopener\">Taller de cuina per joves<\/a><a style=\"color: #ff0000;\" href=\"https:\/\/ajuntament.barcelona.cat\/ccivics\/parcsandaru\/p\/44312\/escnic-presenta-blanca-desvelada-de-la-cia-aleteo-teatro-bdc\" target=\"_blank\" rel=\"noopener\"><br \/><\/a><\/span><\/span><\/p>\n<p><img loading=\"lazy\" decoding=\"async\" class=\"alignnone size-medium wp-image-10397\" src=\"https:\/\/entandem.cat\/wp-content\/uploads\/2023\/10\/chef-3975835_640-300x200.jpg\" alt=\"\" width=\"300\" height=\"200\" srcset=\"https:\/\/entandem.cat\/wp-content\/uploads\/2023\/10\/chef-3975835_640-300x200.jpg 300w, https:\/\/entandem.cat\/wp-content\/uploads\/2023\/10\/chef-3975835_640-272x182.jpg 272w, https:\/\/entandem.cat\/wp-content\/uploads\/2023\/10\/chef-3975835_640.jpg 640w\" sizes=\"auto, (max-width: 300px) 100vw, 300px\" \/><\/p>\n<ul style=\"list-style-type: square;\">\n<li>Dilluns 11 de desembre a les 17:30h<\/li>\n<li>Biblioteca del Fondo<\/li>\n<li><span style=\"color: initial;\">Joves i adolescents (+12 anys)<\/span><\/li>\n<li>Gratu\u00eft, cal inscripci\u00f3 pr\u00e8via<\/li>\n<\/ul>\n<p>\u00a0<\/p>\n<p><span style=\"color: #99cc00;\">[Taller] <span style=\"color: #ff0000;\"><a style=\"color: #ff0000;\" href=\"https:\/\/www.instagram.com\/p\/Cxsw_5EMh2M\/\" target=\"_blank\" rel=\"noopener\">Espai teatral<\/a><a style=\"color: #ff0000;\" href=\"https:\/\/ajuntament.barcelona.cat\/ccivics\/parcsandaru\/p\/44312\/escnic-presenta-blanca-desvelada-de-la-cia-aleteo-teatro-bdc\" target=\"_blank\" rel=\"noopener\"><br \/><\/a><\/span><\/span><\/p>\n<p><img loading=\"lazy\" decoding=\"async\" class=\"alignnone size-medium wp-image-10400\" src=\"https:\/\/entandem.cat\/wp-content\/uploads\/2023\/10\/lights-951000_640-300x200.jpg\" alt=\"\" width=\"300\" height=\"200\" srcset=\"https:\/\/entandem.cat\/wp-content\/uploads\/2023\/10\/lights-951000_640-300x200.jpg 300w, https:\/\/entandem.cat\/wp-content\/uploads\/2023\/10\/lights-951000_640-272x182.jpg 272w, https:\/\/entandem.cat\/wp-content\/uploads\/2023\/10\/lights-951000_640.jpg 640w\" sizes=\"auto, (max-width: 300px) 100vw, 300px\" \/><\/p>\n<ul style=\"list-style-type: square;\">\n<li>Tots els dijous de 17h a 18:30h<\/li>\n<li>Centre C\u00edvic Rellotge XXI<\/li>\n<li><span style=\"color: initial;\">Joves i adolescents (+12 anys)<\/span><\/li>\n<li>Gratu\u00eft, cal inscripci\u00f3 pr\u00e8via<\/li>\n<\/ul>\n<p>\u00a0<\/p>\n<p><span style=\"color: #99cc00;\">[Taller] <span style=\"color: #ff0000;\"><a style=\"color: #ff0000;\" href=\"https:\/\/www.instagram.com\/p\/Cxsw_5EMh2M\/\" target=\"_blank\" rel=\"noopener\">Taller de C\u00f2mic<br \/><\/a><\/span><\/span><\/p>\n<p><img loading=\"lazy\" decoding=\"async\" class=\"alignnone size-medium wp-image-10403\" src=\"https:\/\/entandem.cat\/wp-content\/uploads\/2023\/10\/books-3482286_640-300x200.jpg\" alt=\"\" width=\"300\" height=\"200\" srcset=\"https:\/\/entandem.cat\/wp-content\/uploads\/2023\/10\/books-3482286_640-300x200.jpg 300w, https:\/\/entandem.cat\/wp-content\/uploads\/2023\/10\/books-3482286_640-272x182.jpg 272w, https:\/\/entandem.cat\/wp-content\/uploads\/2023\/10\/books-3482286_640.jpg 640w\" sizes=\"auto, (max-width: 300px) 100vw, 300px\" \/><\/p>\n<ul style=\"list-style-type: square;\">\n<li>Tots els dimarts de 17h a 18:30h<\/li>\n<li>Centre C\u00edvic Rellotge XXI<\/li>\n<li><span style=\"color: initial;\">Joves i adolescents (+12 anys)<\/span><\/li>\n<li>Gratu\u00eft, cal inscripci\u00f3 pr\u00e8via<\/li>\n<\/ul>\n<p>\u00a0<\/p>\n<h2>Montcada i Reixach<\/h2>\n<p>\u00a0<\/p>\n<p><span style=\"color: #99cc00;\">[Exposici\u00f3] <span style=\"color: #ff0000;\"><a style=\"color: #ff0000;\" href=\"https:\/\/www.montcada.cat\/actualitat\/agenda\/exposicio-dones-trencant-barreres-transformant-les-ciutats-mediterranies.html\" target=\"_blank\" rel=\"noopener\">Dones trencant barreres. transformant les ciutats mediterr\u00e0nies<br \/><\/a><\/span><\/span><\/p>\n<p><img loading=\"lazy\" decoding=\"async\" class=\"alignnone size-medium wp-image-10496\" src=\"https:\/\/entandem.cat\/wp-content\/uploads\/2023\/11\/Dones_que_Transformen_-300x201.jpg\" alt=\"\" width=\"300\" height=\"201\" srcset=\"https:\/\/entandem.cat\/wp-content\/uploads\/2023\/11\/Dones_que_Transformen_-300x201.jpg 300w, https:\/\/entandem.cat\/wp-content\/uploads\/2023\/11\/Dones_que_Transformen_-272x182.jpg 272w, https:\/\/entandem.cat\/wp-content\/uploads\/2023\/11\/Dones_que_Transformen_.jpg 600w\" sizes=\"auto, (max-width: 300px) 100vw, 300px\" \/><\/p>\n<ul style=\"list-style-type: square;\">\n<li>Del 4 al 18 de desembre de 2023<\/li>\n<li>Casal de Gent Gran Casa de la Mina<\/li>\n<li><span style=\"color: initial;\">Infants, adolescents i joves<\/span><\/li>\n<li>Gratu\u00eft<\/li>\n<li><strong><strong>Qu\u00e8 \u00e9s? <\/strong><\/strong>L&#8217;exposici\u00f3 pret\u00e9n trencar els estereotips de g\u00e8nere i posar en valor i destacar aquelles dones inspiradores que lluiten cada dia per trencar estereotips de g\u00e8neres i promoure valors d&#8217;igualtat a les seves ciutats i comunitats de la regi\u00f3 mediterr\u00e0nia. L&#8217;exposici\u00f3 celebra les dones excepcionals i valentes, dones que fan front a reptes incomprensibles i batallen per aconseguir un espai i participar plenament a la vida de les seves ciutats.\n<p>\u00a0<\/p>\n<\/li>\n<\/ul>\n<p><span style=\"color: #99cc00;\">[Exposici\u00f3] <span style=\"color: #ff0000;\"><a style=\"color: #ff0000;\" href=\"https:\/\/www.montcada.cat\/actualitat\/agenda\/exposicio-alta-tecnologia-travesti-lo-trans-es-ley.html\" target=\"_blank\" rel=\"noopener\">Alta tecnolog\u00eda travest\u00ed \u00a1Lo trans es ley!<\/a><\/span><\/span><\/p>\n<p><img loading=\"lazy\" decoding=\"async\" class=\"alignnone size-medium wp-image-10409\" src=\"https:\/\/entandem.cat\/wp-content\/uploads\/2023\/10\/expo_ruben_anton-300x210.jpg\" alt=\"\" width=\"300\" height=\"210\" srcset=\"https:\/\/entandem.cat\/wp-content\/uploads\/2023\/10\/expo_ruben_anton-300x210.jpg 300w, https:\/\/entandem.cat\/wp-content\/uploads\/2023\/10\/expo_ruben_anton.jpg 490w\" sizes=\"auto, (max-width: 300px) 100vw, 300px\" \/><\/p>\n<ul style=\"list-style-type: square;\">\n<li>Fins el 29 de desembre<\/li>\n<li>Centre C\u00edvic Can Cui\u00e0s<\/li>\n<li><span style=\"color: initial;\">Infants, adolescents i joves<\/span><\/li>\n<li>Gratu\u00eft<\/li>\n<li><strong>Qu\u00e8 \u00e9s? <\/strong>Rub\u00e9n Ant\u00f3n ofereix una exposici\u00f3 de retrat vectorial que enalteix la mem\u00f2ria hist\u00f2rica d&#8217;artistes i referents trans del territori espanyol, tot fent un recorregut per les seves vides.<\/li>\n<\/ul>\n","protected":false},"excerpt":{"rendered":"<p>La mentoria ja ha comen\u00e7at a rutllar i ja heu conegut als vostres t\u00e0ndems! Ax\u00ed que ara \u00e9s l&#8217;hora de guadir de les vostres trobades! Aquest mes, a banda de totes les activitats de Nadal i de les vacances d&#8217;hivern, us proposem un munt de plans per fer amb el vostre t\u00e0ndem. Des del concurs &hellip; <a href=\"https:\/\/entandem.cat\/es\/recursos-es\/agenda-cultural-desembre-2023\/\">Continued<\/a><\/p>\n","protected":false},"author":1,"featured_media":10538,"comment_status":"closed","ping_status":"open","sticky":false,"template":"","format":"standard","meta":{"footnotes":""},"categories":[655,320],"tags":[510,485,336,331,339],"class_list":["post-10525","post","type-post","status-publish","format-standard","has-post-thumbnail","hentry","category-barcelona-es","category-recursos-es","tag-agenda-cultural-es","tag-joves-es","tag-mentoria-social-es","tag-voluntariat-es","tag-voluntariat-social-es"],"yoast_head":"<!-- This site is optimized with the Yoast SEO plugin v27.0 - https:\/\/yoast.com\/product\/yoast-seo-wordpress\/ -->\n<title>Agenda cultural \u2013 Desembre 2023 - enT\u00e0ndem<\/title>\n<meta name=\"description\" content=\"A l&#039;Agenda Cultural de desembre, a banda de totes les activitats de Nadal, us proposem un munt de plans per fer amb el vostre t\u00e0ndem\" \/>\n<meta name=\"robots\" content=\"index, follow, max-snippet:-1, max-image-preview:large, max-video-preview:-1\" \/>\n<link rel=\"canonical\" href=\"https:\/\/entandem.cat\/es\/recursos-es\/agenda-cultural-desembre-2023\/\" \/>\n<meta property=\"og:locale\" content=\"es_ES\" \/>\n<meta property=\"og:type\" content=\"article\" \/>\n<meta property=\"og:title\" content=\"Agenda cultural \u2013 Desembre 2023 - enT\u00e0ndem\" \/>\n<meta property=\"og:description\" content=\"A l&#039;Agenda Cultural de desembre, a banda de totes les activitats de Nadal, us proposem un munt de plans per fer amb el vostre t\u00e0ndem\" \/>\n<meta property=\"og:url\" content=\"https:\/\/entandem.cat\/es\/recursos-es\/agenda-cultural-desembre-2023\/\" \/>\n<meta property=\"og:site_name\" content=\"enT\u00e0ndem\" \/>\n<meta property=\"article:publisher\" content=\"https:\/\/www.facebook.com\/afevcat\" \/>\n<meta property=\"article:published_time\" content=\"2023-12-04T12:39:02+00:00\" \/>\n<meta property=\"article:modified_time\" content=\"2023-12-04T15:12:02+00:00\" \/>\n<meta property=\"og:image\" content=\"https:\/\/entandem.cat\/wp-content\/uploads\/2023\/12\/AGENDA-CULTURAL-DESEMBRE-2023-2.png\" \/>\n\t<meta property=\"og:image:width\" content=\"1080\" \/>\n\t<meta property=\"og:image:height\" content=\"720\" \/>\n\t<meta property=\"og:image:type\" content=\"image\/png\" \/>\n<meta name=\"author\" content=\"adminTandem\" \/>\n<meta name=\"twitter:card\" content=\"summary_large_image\" \/>\n<meta name=\"twitter:creator\" content=\"@afevcat\" \/>\n<meta name=\"twitter:site\" content=\"@afevcat\" \/>\n<meta name=\"twitter:label1\" content=\"Escrito por\" \/>\n\t<meta name=\"twitter:data1\" content=\"adminTandem\" \/>\n\t<meta name=\"twitter:label2\" content=\"Tiempo de lectura\" \/>\n\t<meta name=\"twitter:data2\" content=\"20 minutos\" \/>\n<script type=\"application\/ld+json\" class=\"yoast-schema-graph\">{\"@context\":\"https:\/\/schema.org\",\"@graph\":[{\"@type\":\"Article\",\"@id\":\"https:\/\/entandem.cat\/es\/recursos-es\/agenda-cultural-desembre-2023\/#article\",\"isPartOf\":{\"@id\":\"https:\/\/entandem.cat\/es\/recursos-es\/agenda-cultural-desembre-2023\/\"},\"author\":{\"name\":\"adminTandem\",\"@id\":\"https:\/\/entandem.cat\/#\/schema\/person\/2111428ce1954193a11054a1e2b5b0da\"},\"headline\":\"Agenda cultural \u2013 Desembre 2023\",\"datePublished\":\"2023-12-04T12:39:02+00:00\",\"dateModified\":\"2023-12-04T15:12:02+00:00\",\"mainEntityOfPage\":{\"@id\":\"https:\/\/entandem.cat\/es\/recursos-es\/agenda-cultural-desembre-2023\/\"},\"wordCount\":3107,\"publisher\":{\"@id\":\"https:\/\/entandem.cat\/#organization\"},\"image\":{\"@id\":\"https:\/\/entandem.cat\/es\/recursos-es\/agenda-cultural-desembre-2023\/#primaryimage\"},\"thumbnailUrl\":\"https:\/\/entandem.cat\/wp-content\/uploads\/2023\/12\/AGENDA-CULTURAL-DESEMBRE-2023-2.png\",\"keywords\":[\"agenda cultural\",\"joves\",\"mentoria social\",\"voluntariat\",\"voluntariat social\"],\"articleSection\":[\"Barcelona\",\"Recursos\"],\"inLanguage\":\"es\"},{\"@type\":\"WebPage\",\"@id\":\"https:\/\/entandem.cat\/es\/recursos-es\/agenda-cultural-desembre-2023\/\",\"url\":\"https:\/\/entandem.cat\/es\/recursos-es\/agenda-cultural-desembre-2023\/\",\"name\":\"Agenda cultural \u2013 Desembre 2023 - enT\u00e0ndem\",\"isPartOf\":{\"@id\":\"https:\/\/entandem.cat\/#website\"},\"primaryImageOfPage\":{\"@id\":\"https:\/\/entandem.cat\/es\/recursos-es\/agenda-cultural-desembre-2023\/#primaryimage\"},\"image\":{\"@id\":\"https:\/\/entandem.cat\/es\/recursos-es\/agenda-cultural-desembre-2023\/#primaryimage\"},\"thumbnailUrl\":\"https:\/\/entandem.cat\/wp-content\/uploads\/2023\/12\/AGENDA-CULTURAL-DESEMBRE-2023-2.png\",\"datePublished\":\"2023-12-04T12:39:02+00:00\",\"dateModified\":\"2023-12-04T15:12:02+00:00\",\"description\":\"A l'Agenda Cultural de desembre, a banda de totes les activitats de Nadal, us proposem un munt de plans per fer amb el vostre t\u00e0ndem\",\"breadcrumb\":{\"@id\":\"https:\/\/entandem.cat\/es\/recursos-es\/agenda-cultural-desembre-2023\/#breadcrumb\"},\"inLanguage\":\"es\",\"potentialAction\":[{\"@type\":\"ReadAction\",\"target\":[\"https:\/\/entandem.cat\/es\/recursos-es\/agenda-cultural-desembre-2023\/\"]}]},{\"@type\":\"ImageObject\",\"inLanguage\":\"es\",\"@id\":\"https:\/\/entandem.cat\/es\/recursos-es\/agenda-cultural-desembre-2023\/#primaryimage\",\"url\":\"https:\/\/entandem.cat\/wp-content\/uploads\/2023\/12\/AGENDA-CULTURAL-DESEMBRE-2023-2.png\",\"contentUrl\":\"https:\/\/entandem.cat\/wp-content\/uploads\/2023\/12\/AGENDA-CULTURAL-DESEMBRE-2023-2.png\",\"width\":1080,\"height\":720},{\"@type\":\"BreadcrumbList\",\"@id\":\"https:\/\/entandem.cat\/es\/recursos-es\/agenda-cultural-desembre-2023\/#breadcrumb\",\"itemListElement\":[{\"@type\":\"ListItem\",\"position\":1,\"name\":\"Inici\",\"item\":\"https:\/\/entandem.cat\/es\/\"},{\"@type\":\"ListItem\",\"position\":2,\"name\":\"Agenda cultural \u2013 Desembre 2023\"}]},{\"@type\":\"WebSite\",\"@id\":\"https:\/\/entandem.cat\/#website\",\"url\":\"https:\/\/entandem.cat\/\",\"name\":\"enT\u00e0ndem\",\"description\":\"Voluntariat Social Universitari\",\"publisher\":{\"@id\":\"https:\/\/entandem.cat\/#organization\"},\"potentialAction\":[{\"@type\":\"SearchAction\",\"target\":{\"@type\":\"EntryPoint\",\"urlTemplate\":\"https:\/\/entandem.cat\/?s={search_term_string}\"},\"query-input\":{\"@type\":\"PropertyValueSpecification\",\"valueRequired\":true,\"valueName\":\"search_term_string\"}}],\"inLanguage\":\"es\"},{\"@type\":\"Organization\",\"@id\":\"https:\/\/entandem.cat\/#organization\",\"name\":\"enT\u00e0ndem\",\"url\":\"https:\/\/entandem.cat\/\",\"logo\":{\"@type\":\"ImageObject\",\"inLanguage\":\"es\",\"@id\":\"https:\/\/entandem.cat\/#\/schema\/logo\/image\/\",\"url\":\"https:\/\/entandem.cat\/wp-content\/uploads\/2016\/12\/logo-entandem.png\",\"contentUrl\":\"https:\/\/entandem.cat\/wp-content\/uploads\/2016\/12\/logo-entandem.png\",\"width\":166,\"height\":44,\"caption\":\"enT\u00e0ndem\"},\"image\":{\"@id\":\"https:\/\/entandem.cat\/#\/schema\/logo\/image\/\"},\"sameAs\":[\"https:\/\/www.facebook.com\/afevcat\",\"https:\/\/x.com\/afevcat\",\"https:\/\/www.instagram.com\/afevcat\/\"]},{\"@type\":\"Person\",\"@id\":\"https:\/\/entandem.cat\/#\/schema\/person\/2111428ce1954193a11054a1e2b5b0da\",\"name\":\"adminTandem\"}]}<\/script>\n<!-- \/ Yoast SEO plugin. -->","yoast_head_json":{"title":"Agenda cultural \u2013 Desembre 2023 - enT\u00e0ndem","description":"A l'Agenda Cultural de desembre, a banda de totes les activitats de Nadal, us proposem un munt de plans per fer amb el vostre t\u00e0ndem","robots":{"index":"index","follow":"follow","max-snippet":"max-snippet:-1","max-image-preview":"max-image-preview:large","max-video-preview":"max-video-preview:-1"},"canonical":"https:\/\/entandem.cat\/es\/recursos-es\/agenda-cultural-desembre-2023\/","og_locale":"es_ES","og_type":"article","og_title":"Agenda cultural \u2013 Desembre 2023 - enT\u00e0ndem","og_description":"A l'Agenda Cultural de desembre, a banda de totes les activitats de Nadal, us proposem un munt de plans per fer amb el vostre t\u00e0ndem","og_url":"https:\/\/entandem.cat\/es\/recursos-es\/agenda-cultural-desembre-2023\/","og_site_name":"enT\u00e0ndem","article_publisher":"https:\/\/www.facebook.com\/afevcat","article_published_time":"2023-12-04T12:39:02+00:00","article_modified_time":"2023-12-04T15:12:02+00:00","og_image":[{"width":1080,"height":720,"url":"https:\/\/entandem.cat\/wp-content\/uploads\/2023\/12\/AGENDA-CULTURAL-DESEMBRE-2023-2.png","type":"image\/png"}],"author":"adminTandem","twitter_card":"summary_large_image","twitter_creator":"@afevcat","twitter_site":"@afevcat","twitter_misc":{"Escrito por":"adminTandem","Tiempo de lectura":"20 minutos"},"schema":{"@context":"https:\/\/schema.org","@graph":[{"@type":"Article","@id":"https:\/\/entandem.cat\/es\/recursos-es\/agenda-cultural-desembre-2023\/#article","isPartOf":{"@id":"https:\/\/entandem.cat\/es\/recursos-es\/agenda-cultural-desembre-2023\/"},"author":{"name":"adminTandem","@id":"https:\/\/entandem.cat\/#\/schema\/person\/2111428ce1954193a11054a1e2b5b0da"},"headline":"Agenda cultural \u2013 Desembre 2023","datePublished":"2023-12-04T12:39:02+00:00","dateModified":"2023-12-04T15:12:02+00:00","mainEntityOfPage":{"@id":"https:\/\/entandem.cat\/es\/recursos-es\/agenda-cultural-desembre-2023\/"},"wordCount":3107,"publisher":{"@id":"https:\/\/entandem.cat\/#organization"},"image":{"@id":"https:\/\/entandem.cat\/es\/recursos-es\/agenda-cultural-desembre-2023\/#primaryimage"},"thumbnailUrl":"https:\/\/entandem.cat\/wp-content\/uploads\/2023\/12\/AGENDA-CULTURAL-DESEMBRE-2023-2.png","keywords":["agenda cultural","joves","mentoria social","voluntariat","voluntariat social"],"articleSection":["Barcelona","Recursos"],"inLanguage":"es"},{"@type":"WebPage","@id":"https:\/\/entandem.cat\/es\/recursos-es\/agenda-cultural-desembre-2023\/","url":"https:\/\/entandem.cat\/es\/recursos-es\/agenda-cultural-desembre-2023\/","name":"Agenda cultural \u2013 Desembre 2023 - enT\u00e0ndem","isPartOf":{"@id":"https:\/\/entandem.cat\/#website"},"primaryImageOfPage":{"@id":"https:\/\/entandem.cat\/es\/recursos-es\/agenda-cultural-desembre-2023\/#primaryimage"},"image":{"@id":"https:\/\/entandem.cat\/es\/recursos-es\/agenda-cultural-desembre-2023\/#primaryimage"},"thumbnailUrl":"https:\/\/entandem.cat\/wp-content\/uploads\/2023\/12\/AGENDA-CULTURAL-DESEMBRE-2023-2.png","datePublished":"2023-12-04T12:39:02+00:00","dateModified":"2023-12-04T15:12:02+00:00","description":"A l'Agenda Cultural de desembre, a banda de totes les activitats de Nadal, us proposem un munt de plans per fer amb el vostre t\u00e0ndem","breadcrumb":{"@id":"https:\/\/entandem.cat\/es\/recursos-es\/agenda-cultural-desembre-2023\/#breadcrumb"},"inLanguage":"es","potentialAction":[{"@type":"ReadAction","target":["https:\/\/entandem.cat\/es\/recursos-es\/agenda-cultural-desembre-2023\/"]}]},{"@type":"ImageObject","inLanguage":"es","@id":"https:\/\/entandem.cat\/es\/recursos-es\/agenda-cultural-desembre-2023\/#primaryimage","url":"https:\/\/entandem.cat\/wp-content\/uploads\/2023\/12\/AGENDA-CULTURAL-DESEMBRE-2023-2.png","contentUrl":"https:\/\/entandem.cat\/wp-content\/uploads\/2023\/12\/AGENDA-CULTURAL-DESEMBRE-2023-2.png","width":1080,"height":720},{"@type":"BreadcrumbList","@id":"https:\/\/entandem.cat\/es\/recursos-es\/agenda-cultural-desembre-2023\/#breadcrumb","itemListElement":[{"@type":"ListItem","position":1,"name":"Inici","item":"https:\/\/entandem.cat\/es\/"},{"@type":"ListItem","position":2,"name":"Agenda cultural \u2013 Desembre 2023"}]},{"@type":"WebSite","@id":"https:\/\/entandem.cat\/#website","url":"https:\/\/entandem.cat\/","name":"enT\u00e0ndem","description":"Voluntariat Social Universitari","publisher":{"@id":"https:\/\/entandem.cat\/#organization"},"potentialAction":[{"@type":"SearchAction","target":{"@type":"EntryPoint","urlTemplate":"https:\/\/entandem.cat\/?s={search_term_string}"},"query-input":{"@type":"PropertyValueSpecification","valueRequired":true,"valueName":"search_term_string"}}],"inLanguage":"es"},{"@type":"Organization","@id":"https:\/\/entandem.cat\/#organization","name":"enT\u00e0ndem","url":"https:\/\/entandem.cat\/","logo":{"@type":"ImageObject","inLanguage":"es","@id":"https:\/\/entandem.cat\/#\/schema\/logo\/image\/","url":"https:\/\/entandem.cat\/wp-content\/uploads\/2016\/12\/logo-entandem.png","contentUrl":"https:\/\/entandem.cat\/wp-content\/uploads\/2016\/12\/logo-entandem.png","width":166,"height":44,"caption":"enT\u00e0ndem"},"image":{"@id":"https:\/\/entandem.cat\/#\/schema\/logo\/image\/"},"sameAs":["https:\/\/www.facebook.com\/afevcat","https:\/\/x.com\/afevcat","https:\/\/www.instagram.com\/afevcat\/"]},{"@type":"Person","@id":"https:\/\/entandem.cat\/#\/schema\/person\/2111428ce1954193a11054a1e2b5b0da","name":"adminTandem"}]}},"_links":{"self":[{"href":"https:\/\/entandem.cat\/es\/wp-json\/wp\/v2\/posts\/10525","targetHints":{"allow":["GET"]}}],"collection":[{"href":"https:\/\/entandem.cat\/es\/wp-json\/wp\/v2\/posts"}],"about":[{"href":"https:\/\/entandem.cat\/es\/wp-json\/wp\/v2\/types\/post"}],"author":[{"embeddable":true,"href":"https:\/\/entandem.cat\/es\/wp-json\/wp\/v2\/users\/1"}],"replies":[{"embeddable":true,"href":"https:\/\/entandem.cat\/es\/wp-json\/wp\/v2\/comments?post=10525"}],"version-history":[{"count":3,"href":"https:\/\/entandem.cat\/es\/wp-json\/wp\/v2\/posts\/10525\/revisions"}],"predecessor-version":[{"id":10540,"href":"https:\/\/entandem.cat\/es\/wp-json\/wp\/v2\/posts\/10525\/revisions\/10540"}],"wp:featuredmedia":[{"embeddable":true,"href":"https:\/\/entandem.cat\/es\/wp-json\/wp\/v2\/media\/10538"}],"wp:attachment":[{"href":"https:\/\/entandem.cat\/es\/wp-json\/wp\/v2\/media?parent=10525"}],"wp:term":[{"taxonomy":"category","embeddable":true,"href":"https:\/\/entandem.cat\/es\/wp-json\/wp\/v2\/categories?post=10525"},{"taxonomy":"post_tag","embeddable":true,"href":"https:\/\/entandem.cat\/es\/wp-json\/wp\/v2\/tags?post=10525"}],"curies":[{"name":"wp","href":"https:\/\/api.w.org\/{rel}","templated":true}]}}