{"id":10018,"date":"2022-11-02T16:13:24","date_gmt":"2022-11-02T16:13:24","guid":{"rendered":"https:\/\/entandem.cat\/?p=10018"},"modified":"2022-11-02T16:13:25","modified_gmt":"2022-11-02T16:13:25","slug":"agenda-cultural-novembre-2022-bcn","status":"publish","type":"post","link":"https:\/\/entandem.cat\/es\/recursos-es\/agenda-cultural-novembre-2022-bcn\/","title":{"rendered":"Agenda cultural &#8211; Novembre 2022 (BCN)"},"content":{"rendered":"\n<p>Comencem un altre curs de mentoria amb m\u00e9s energia que mai! Aquest mes de novembre s&#8217;inicien la majoria de t\u00e0ndems, aix\u00ed que us proposem un munt d&#8217;activitats per fer a les <strong>primeres sessions<\/strong>. Aix\u00ed podeu anar generant el vincle!<\/p>\n<p>En aquesta agenda cultural destaquen les activitats recomanades pel <strong>Dia Internacional de l&#8217;Eliminaci\u00f3 de la Viol\u00e8ncia envers les Dones<\/strong>! Trobareu cicles, xerrades, activitats culturals, etc. Que us faran reflexionar i actuar contra aquesta problem\u00e0tica tan present a la nostra societat.<\/p>\n<p>Tamb\u00e9 trobareu espectacles de circ, teatre o tallers per totes les edats! I, per descomptat, no ens podem oblidar de la <strong>Festa Major de Sant Mart\u00ed<\/strong>! Descobriu tots els plans per fer als vostres barris i gaudiu de la mentoria!<\/p>\n<h2>\u00a0<\/h2>\n<h2>Sant Mart\u00ed (El Bes\u00f2s i el Maresme, Poblenou, La Verneda)<\/h2>\n<p>\u00a0<\/p>\n<p><span style=\"color: #99cc00;\">[Visita] <span style=\"color: #ff0000;\"><a style=\"color: #ff0000;\" href=\"https:\/\/ajuntament.barcelona.cat\/santmarti\/es\/guia-del-distrito\/agenda\/lista-actividades\/exposicio-permanent-de-les-figures-d-imatgeria-festiva-dels-barris-de-sant-marti_99400306406#div-data\" target=\"_blank\" rel=\"noopener\"><span data-sheets-value=\"{&quot;1&quot;:2,&quot;2&quot;:&quot;LaboratoriA in progress (Cia. LaboratoriA)&quot;}\" data-sheets-userformat=\"{&quot;2&quot;:8961,&quot;3&quot;:{&quot;1&quot;:0},&quot;11&quot;:4,&quot;12&quot;:0,&quot;16&quot;:10}\">La imatgeria festiva del Poblenou exposada<br \/><\/span><\/a><\/span><\/span><\/p>\n<ul style=\"list-style-type: square;\">\n<li>Des del 26 de novembre<\/li>\n<li>Centre d&#8217;Imatgeria Festiva de Sant Mart\u00ed &#8211; Can Saladrigas<\/li>\n<li>Infants, joves i adolescents<\/li>\n<li>Gratu\u00eft<\/li>\n<li><strong><strong>Qu\u00e8 \u00e9s? <\/strong><\/strong>Durant tot l&#8217;any, a Can Saladrigas, es pot visitar l&#8217;exposici\u00f3 de les figures d\u00b4imatgeria festiva del Poblenou, amb capgrossos, dracs i gegants, entre d&#8217;altres. Exposici\u00f3 permanent de les figures d\u2019imatgeria festiva del Poblenou. Durant tot l\u2019any, a Can Saladrigas, es pot visitar l\u2019exposici\u00f3 de les figures d\u00b4imatgeria festiva del Poblenou amb els Dracs, els Gegants, La V\u00edbria, el Lloro del 36, el F\u00e8nix, el Bomber o els capgrossos. A partir de dilluns dia 26 de novembre es pot accedir dins de l\u2019espai expositiu on trobareu totes les figures acompanyades d\u2019un extens plaf\u00f3 explicatiu amb la hist\u00f2ria, an\u00e8cdotes, t\u00e8cniques de construcci\u00f3\u2026 de cada una d\u2019elles.<\/li>\n<\/ul>\n<p>\u00a0<\/p>\n<p><span style=\"color: #99cc00;\">[Exposici\u00f3] <span style=\"color: #ff0000;\"><a style=\"color: #ff0000;\" href=\"https:\/\/ajuntament.barcelona.cat\/santmarti\/es\/guia-del-distrito\/agenda\/lista-actividades\/exposicio-planeta-vida_99400267961\" target=\"_blank\" rel=\"noopener\"><span data-sheets-value=\"{&quot;1&quot;:2,&quot;2&quot;:&quot;LaboratoriA in progress (Cia. LaboratoriA)&quot;}\" data-sheets-userformat=\"{&quot;2&quot;:8961,&quot;3&quot;:{&quot;1&quot;:0},&quot;11&quot;:4,&quot;12&quot;:0,&quot;16&quot;:10}\">Planeta Vida<\/span><\/a><\/span><\/span><\/p>\n<ul style=\"list-style-type: square;\">\n<li>De dimarts a divendres fins les 18h<\/li>\n<li>Museu de Ci\u00e8ncies Naturals de Barcelona<\/li>\n<li>Infants, joves i adolescents<\/li>\n<li>Gratu\u00eft per persones menors de 16 anys o persones registrades al programa Gaudir+BCN. Entrada redu\u00efda (2.70\u20ac) persones entre 16 i 29 anys o Carnets de Biblioteques.<\/li>\n<li><strong>Qu\u00e8 \u00e9s? <\/strong>\u201cPlaneta Vida\u201d interpreta la Terra actual com a resultat de la interacci\u00f3 entre els ambients qu\u00edmic i f\u00edsic del planeta i els \u00e9ssers vius. L\u2019exposici\u00f3 de refer\u00e8ncia \u201cPlaneta Vida\u201d, del Museu Blau, integra totes les disciplines de les ci\u00e8ncies naturals i s\u2019estructura en tres \u00e0mbits: \u201cLa biografia de la Terra\u201d, \u201cLa Terra avui\u201d i \u201cLes illes de ci\u00e8ncia\u201d. \u201cLa biografia de la Terra\u201d descriu un viatge per la hist\u00f2ria de la vida i la seva coevoluci\u00f3 amb el nostre planeta. \u201cLa Terra avui\u201d \u00e9s la part que explica com \u00e9s la Terra actualment. Aquests dos \u00e0mbits mostren el fons patrimonial del museu. \u201cLes illes de ci\u00e8ncia\u201d, \u00e0rees semipermanents i renovables, s\u00f3n petites exposicions en espais a\u00efllats dins de l\u2019exposici\u00f3 de refer\u00e8ncia que tracten aspectes com ara l\u2019evoluci\u00f3, la nomenclatura i la classificaci\u00f3, la Mediterr\u00e0nia, el comportament animal, etc.<\/li>\n<\/ul>\n<p>\u00a0<\/p>\n<p><span style=\"color: #99cc00;\">[Teatre] <span style=\"color: #ff0000;\"><a style=\"color: #ff0000;\" href=\"https:\/\/ajuntament.barcelona.cat\/ccivics\/parcsandaru\/p\/48120\/escnic-rbls-presenta-ludere-de-la-cia-inhabitants-\" target=\"_blank\" rel=\"noopener\"><span data-sheets-value=\"{&quot;1&quot;:2,&quot;2&quot;:&quot;LaboratoriA in progress (Cia. LaboratoriA)&quot;}\" data-sheets-userformat=\"{&quot;2&quot;:8961,&quot;3&quot;:{&quot;1&quot;:0},&quot;11&quot;:4,&quot;12&quot;:0,&quot;16&quot;:10}\">\u201cLudere\u201d de la Cia. Inhabitants<br \/><\/span><\/a><\/span><\/span><\/p>\n<ul style=\"list-style-type: square;\">\n<li>Dimecres 23 de novembre a les 19.30h<\/li>\n<li>Centre Civic Parc Sandaru<\/li>\n<li>Joves i adolescents<\/li>\n<li>Gratu\u00eft, amb inscripci\u00f3 pr\u00e8via<\/li>\n<li><strong>Qu\u00e8 \u00e9s? <\/strong>Un bosc, la casa de l\u2019\u00e0via, un cam\u00ed d\u2019anada i un perill: no retornar mai m\u00e9s. Es fa de nit a poc a poc, tot \u00e9s fosc, per\u00f2 uns ulls vigilen: els llops estan afamats. Ludere proposa un joc entre els boscos. Una segona lectura del conte de la Caputxeta Vermella. Una barreja de ficci\u00f3 i realitat. Un reclam per un futur segur, lliure de llops.<\/li>\n<\/ul>\n<p>\u00a0<\/p>\n<p><span style=\"color: #99cc00;\">[Arts esc\u00e8niques] <span style=\"color: #ff0000;\"><a style=\"color: #ff0000;\" href=\"https:\/\/ajuntament.barcelona.cat\/ccivics\/parcsandaru\/p\/48436\/escnic-presenta-transmissions-conferencia-ballada-sobre-danses-urbanes\" target=\"_blank\" rel=\"noopener\"><span data-sheets-value=\"{&quot;1&quot;:2,&quot;2&quot;:&quot;LaboratoriA in progress (Cia. LaboratoriA)&quot;}\" data-sheets-userformat=\"{&quot;2&quot;:8961,&quot;3&quot;:{&quot;1&quot;:0},&quot;11&quot;:4,&quot;12&quot;:0,&quot;16&quot;:10}\">\u00abTransmissions: confer\u00e8ncia ballada sobre danses urbanes\u00bb<br \/><\/span><\/a><\/span><\/span><\/p>\n<ul style=\"list-style-type: square;\">\n<li>Dimecres 16 de novembre a les 19.30h.<\/li>\n<li>Centre C\u00edvic Parc Sandaru<\/li>\n<li>A partir de 12 anys<\/li>\n<li>Gratu\u00eft, amb inscripci\u00f3 pr\u00e8via<\/li>\n<li><strong>Qu\u00e8 \u00e9s? <\/strong>\u201cTransmissions\u201d \u00e9s fruit d\u2019una recerca iniciada el 2015 per Guille Vidal-Ribas i Javi Casado, amb el suport del HOP Festival i el Mercat de les Flors. El seu treball recull el coneixement adquirit durant dues d\u00e8cades com a ballarins de dansa urbana i el combina amb informaci\u00f3 extreta d\u2019una \u00e0mplia base documental i d\u2019entrevistes a pioners i altres referents nacionals i internacionals en aquest \u00e0mbit. Confer\u00e8ncia que combina m\u00fasica, v\u00eddeo, fotografia, paraula i moviment en viu per oferir un discurs din\u00e0mic i accessible a tots els p\u00fablics. Els ballarins Javier Casado i Guille Vidal-Ribas connecten passat i present per poder comprendre les danses urbanes en totes les seves dimensions.<\/li>\n<\/ul>\n<p>\u00a0<\/p>\n<p><span style=\"color: #99cc00;\">[Concerts] <span style=\"color: #ff0000;\"><a style=\"color: #ff0000;\" href=\"https:\/\/ajuntament.barcelona.cat\/ccivics\/parcsandaru\/p\/48119\/en-concert-presenta-efectes-secundaris-\" target=\"_blank\" rel=\"noopener\"><span data-sheets-value=\"{&quot;1&quot;:2,&quot;2&quot;:&quot;LaboratoriA in progress (Cia. LaboratoriA)&quot;}\" data-sheets-userformat=\"{&quot;2&quot;:8961,&quot;3&quot;:{&quot;1&quot;:0},&quot;11&quot;:4,&quot;12&quot;:0,&quot;16&quot;:10}\">\u00abEfectes Secundaris\u00bb. Presentaci\u00f3 del disc \u201cStigma\u201d<\/span><\/a><\/span><\/span><\/p>\n<ul style=\"list-style-type: square;\">\n<li>Dilluns 21 de novembre a les 19.30h<\/li>\n<li>Centre C\u00edvic Parc Sandaru<\/li>\n<li>Joves i adolescents<\/li>\n<li>Gratu\u00eft<\/li>\n<li><strong><strong>Qu\u00e8 \u00e9s? <\/strong><\/strong>Els \u00abEfectes Secundaris\u00bb toquen diferents estils al voltant del rock, pop i blues. Entre temes m\u00e9s introspectius i altres m\u00e9s animats, els agrada compartir les seves creacions i gaudir plegats. El grup est\u00e0 vinculat a Aixec i far\u00e0 la presentaci\u00f3 del disc de temes propis \u00abStigma\u00bb, que va comen\u00e7ar a gravar abans de la pand\u00e8mia. Volen fer-vos ballar, emocionar, vibrar amb la seva m\u00fasica!<\/li>\n<\/ul>\n<p>\u00a0<\/p>\n<p><span style=\"color: #99cc00;\">[Teatre] <span style=\"color: #ff0000;\"><a style=\"color: #ff0000;\" href=\"https:\/\/ajuntament.barcelona.cat\/ccivics\/parcsandaru\/p\/49075\/mostrat-presenta-nomeolvides-dlvar-triay\" target=\"_blank\" rel=\"noopener\"><span data-sheets-value=\"{&quot;1&quot;:2,&quot;2&quot;:&quot;LaboratoriA in progress (Cia. LaboratoriA)&quot;}\" data-sheets-userformat=\"{&quot;2&quot;:8961,&quot;3&quot;:{&quot;1&quot;:0},&quot;11&quot;:4,&quot;12&quot;:0,&quot;16&quot;:10}\">Mostra&#8217;T presenta: \u00abNomeolvides\u00bb d&#8217;\u00c0lvar Triay<\/span><\/a><\/span><\/span><\/p>\n<ul style=\"list-style-type: square;\">\n<li>Divendres 25 de novembre a les 19.30h<\/li>\n<li>Centre C\u00edvic Parc Sandaru<\/li>\n<li>Joves i adolescents<\/li>\n<li>Gratu\u00eft, amb inscripci\u00f3 pr\u00e8via<\/li>\n<li><strong><strong>Qu\u00e8 \u00e9s? <\/strong><\/strong>Un nebot recorda un tiet que va morir fa uns anys. El dia fat\u00eddic va quedar gravat en familiars, amics i ve\u00efns. Per homenatjar-lo comen\u00e7a un viatge per la vida del seu oncle. I sense adonar-se\u2019n el nebot passa a ser l\u2019objecte de la hist\u00f2ria, i recorda. Nomeolvides parla d\u2019una vida feli\u00e7, lluminosa, de jocs, de despertars, per\u00f2 tamb\u00e9 de lloses, de records amagats, d\u2019obligacions, d\u2019homosexualitat. El tiet tenia una bessona, la mare del protagonista. Nomeolvides parla tamb\u00e9 de la p\u00e8rdua, dels que marxen i dels que queden. Nomeolvides \u00e9s un crit a viure la vida i un clam a la llibertat.<\/li>\n<\/ul>\n<p>\u00a0<\/p>\n<p><span style=\"color: #99cc00;\">[Arts esc\u00e8niques] <span style=\"color: #ff0000;\"><a style=\"color: #ff0000;\" href=\"https:\/\/ajuntament.barcelona.cat\/biblioteques\/ca\/canal\/anime-un-recorregut-lanimaci%C3%B3-japonesa\" target=\"_blank\" rel=\"noopener\"><span data-sheets-value=\"{&quot;1&quot;:2,&quot;2&quot;:&quot;LaboratoriA in progress (Cia. LaboratoriA)&quot;}\" data-sheets-userformat=\"{&quot;2&quot;:8961,&quot;3&quot;:{&quot;1&quot;:0},&quot;11&quot;:4,&quot;12&quot;:0,&quot;16&quot;:10}\">FragMenTs i el HOP presenten: \u00abFer les maletes\u00bb II part<br \/><\/span><\/a><\/span><\/span><\/p>\n<ul style=\"list-style-type: square;\">\n<li>Dimecres 30 de novembre a les 19.30h<\/li>\n<li>Centre C\u00edvic Parc Sandaru<\/li>\n<li>Adolescents i joves<\/li>\n<li>Gratu\u00eft, cal inscripci\u00f3 pr\u00e8via<\/li>\n<li><strong><strong>Qu\u00e8 \u00e9s? <\/strong><\/strong>Un sorprenent cabaret que fusiona els m\u00f3n del circ i la cultura urbana. Per gaudir d&#8217;una bona tarda amb clau d&#8217;humor, m\u00e0gia i espectacularitat.<\/li>\n<\/ul>\n<p>\u00a0<\/p>\n<p><span style=\"color: #99cc00;\">[Cinema] <span style=\"color: #ff0000;\"><a style=\"color: #ff0000;\" href=\"https:\/\/ajuntament.barcelona.cat\/ccivics\/elbesosielmaresme\/p\/48415\/petit-cine-club-ratolins-i-guineus\" target=\"_blank\" rel=\"noopener\"><span data-sheets-value=\"{&quot;1&quot;:2,&quot;2&quot;:&quot;LaboratoriA in progress (Cia. LaboratoriA)&quot;}\" data-sheets-userformat=\"{&quot;2&quot;:8961,&quot;3&quot;:{&quot;1&quot;:0},&quot;11&quot;:4,&quot;12&quot;:0,&quot;16&quot;:10}\">Petit Cine Club: Ratolins i guineus<\/span><\/a><\/span><\/span><\/p>\n<ul style=\"list-style-type: square;\">\n<li>Dimarts 22 de novembre a les 17.30h<\/li>\n<li>Centre C\u00edvic del Bes\u00f2s i el Maresme<\/li>\n<li>Infants<\/li>\n<li>Gratu\u00eft<\/li>\n<li><strong><strong>Qu\u00e8 \u00e9s? <\/strong><\/strong>Despr\u00e9s d\u2019un accident, un ratol\u00ed i una guineu es troben al parad\u00eds dels animals. En aquest nou m\u00f3n hauran de renunciar als seus antics instints i seguir un cam\u00ed cap a una nova vida, on un ratol\u00ed i una guineu tamb\u00e9 poden ser amics.<\/li>\n<\/ul>\n<p>\u00a0<\/p>\n<p><span style=\"color: #99cc00;\">[Teatre] <span style=\"color: #ff0000;\"><a style=\"color: #ff0000;\" href=\"https:\/\/www.cccanfelipa.cat\/arts-esceniques\/1864-espectacle-de-teatre-forum-sort-dhumanitat-a-carrec-de-la-cia-les-nheures\/\" target=\"_blank\" rel=\"noopener\"><span data-sheets-value=\"{&quot;1&quot;:2,&quot;2&quot;:&quot;LaboratoriA in progress (Cia. LaboratoriA)&quot;}\" data-sheets-userformat=\"{&quot;2&quot;:8961,&quot;3&quot;:{&quot;1&quot;:0},&quot;11&quot;:4,&quot;12&quot;:0,&quot;16&quot;:10}\">Espectacle de teatre f\u00f2rum Sort d&#8217;humanitat, a c\u00e0rrec de la Cia les n(H)eures<br \/><\/span><\/a><\/span><\/span><\/p>\n<ul style=\"list-style-type: square;\">\n<li>Dimarts 8 de novembre a les 18.30h<\/li>\n<li>Biblioteca Poblenou Manuel Arranz<\/li>\n<li>Joves i adolescents<\/li>\n<li>Gratu\u00eft<\/li>\n<li><strong><strong>Qu\u00e8 \u00e9s? <\/strong><\/strong>L&#8217;acci\u00f3. L&#8217;acollida d&#8217;uns ulls. Quan hi ha comunicaci\u00f3, no cal medicaci\u00f3. Un pa\u00eds sense educaci\u00f3.<\/li>\n<\/ul>\n<p>\u00a0<\/p>\n<p><span style=\"color: #99cc00;\">[Espectacle] <span style=\"color: #ff0000;\"><a style=\"color: #ff0000;\" href=\"https:\/\/www.cccanfelipa.cat\/arts-esceniques\/1836-a-vos-%7C-laura-maria-gonzalez-artista-resident\/\" target=\"_blank\" rel=\"noopener\"><span data-sheets-value=\"{&quot;1&quot;:2,&quot;2&quot;:&quot;LaboratoriA in progress (Cia. LaboratoriA)&quot;}\" data-sheets-userformat=\"{&quot;2&quot;:8961,&quot;3&quot;:{&quot;1&quot;:0},&quot;11&quot;:4,&quot;12&quot;:0,&quot;16&quot;:10}\">A V\u00d3S | Laura Mar\u00eda Gonz\u00e1lez<br \/><\/span><\/a><\/span><\/span><\/p>\n<ul style=\"list-style-type: square;\">\n<li>Divendres 18 de novembre a les 19.30h<\/li>\n<li>Centre C\u00edvic Can Felipa<\/li>\n<li>Joves i adolescents<\/li>\n<li>Gratu\u00eft, amb inscripci\u00f3 pr\u00e8via<\/li>\n<li><strong>Qu\u00e8 \u00e9s? <\/strong>AV\u00d3S \u00e9s una petita pe\u00e7a art\u00edstica on es fusionen diverses disciplines amb l&#8217;objectiu de salvaguardar la mem\u00f2ria dels meus avis. Un retorn als or\u00edgens i a les arrels per aclarir el present. Un recull de les hist\u00f2ries que van Viure i que, inevitablement, formen part de mi.<\/li>\n<\/ul>\n<p>\u00a0<\/p>\n<p><span style=\"color: #99cc00;\">[Espectacle] <span style=\"color: #ff0000;\"><a style=\"color: #ff0000;\" href=\"https:\/\/www.cccanfelipa.cat\/arts-esceniques\/1863-forum-de-salut-mental.-mostra-d%C2%92espectacles-multidisciplinar\/\" target=\"_blank\" rel=\"noopener\"><span data-sheets-value=\"{&quot;1&quot;:2,&quot;2&quot;:&quot;LaboratoriA in progress (Cia. LaboratoriA)&quot;}\" data-sheets-userformat=\"{&quot;2&quot;:8961,&quot;3&quot;:{&quot;1&quot;:0},&quot;11&quot;:4,&quot;12&quot;:0,&quot;16&quot;:10}\">F\u00f2rum de Salut Mental. Mostra d&#8217;espectacles multidisciplinar<\/span><\/a><\/span><\/span><\/p>\n<ul style=\"list-style-type: square;\">\n<li>Divendres 11 de novembre a les 17 h<\/li>\n<li>Centre C\u00edvic Can Felipa<\/li>\n<li>Joves i adolescents<\/li>\n<li>Gratu\u00eft, amb inscripci\u00f3 pr\u00e8via<\/li>\n<li><strong><strong>Qu\u00e8 \u00e9s? <\/strong><\/strong>Una mostra dels grups d&#8217;arts esc\u00e8niques dels clubs socials del F\u00f2rum de Salut Mental fidels al festival com cada any. Aquesta edici\u00f3, un tastet de representacions curtes de 10-15 minuts. Mostrarem els resultats de projectes d&#8217;algunes entitats de F\u00f2rum amb entitats i\/o equipaments culturals que donaran pas al col\u00b7loqui final. Tot plegat, amb la cobertura d&#8217;un grup d&#8217;aficionats a la r\u00e0dio d&#8217;una altra de les entitats del F\u00f2rum.<\/li>\n<\/ul>\n<p>\u00a0<\/p>\n<p><span style=\"color: #99cc00;\">[Club de lectura] <span style=\"color: #ff0000;\"><a style=\"color: #ff0000;\" href=\"https:\/\/www.cccanfelipa.cat\/altres-activitats\/1850-club-de-lectura-feminista-els-homes-mexpliquen-coses\/\" target=\"_blank\" rel=\"noopener\"><span data-sheets-value=\"{&quot;1&quot;:2,&quot;2&quot;:&quot;LaboratoriA in progress (Cia. LaboratoriA)&quot;}\" data-sheets-userformat=\"{&quot;2&quot;:8961,&quot;3&quot;:{&quot;1&quot;:0},&quot;11&quot;:4,&quot;12&quot;:0,&quot;16&quot;:10}\">ELS HOMES M&#8217;EXPLIQUEN COSES (25-N Dia Internacional per a l&#8217;eliminaci\u00f3 de la viol\u00e8ncia envers les dones)<br \/><\/span><\/a><\/span><\/span><\/p>\n<ul style=\"list-style-type: square;\">\n<li>Divendres 25 de novembre a les 17:30h<\/li>\n<li>Centre C\u00edvic Can Felipa<\/li>\n<li>Joves<\/li>\n<li>Gratu\u00eft, amb inscripci\u00f3 pr\u00e8via<\/li>\n<li><strong><strong>Qu\u00e8 \u00e9s? <\/strong><\/strong>Un club de lectura conjunta no mixt en el marc del 25N, Dia Internacional per a l&#8217;eliminaci\u00f3 de la viol\u00e8ncia envers les dones, per con\u00e8ixer i aprofundir en el text \u00abEls homes m&#8217;expliquen coses\u00bb de Rebecca Solint. A c\u00e0rrec de La Carbonera.<\/li>\n<\/ul>\n<p>\u00a0<\/p>\n<p><span style=\"color: #99cc00;\">[Com\u00e8dia] <span style=\"color: #ff0000;\"><a style=\"color: #ff0000;\" href=\"https:\/\/www.cccanfelipa.cat\/arts-esceniques\/1856-ai-cony-deva-barcelo\/\" target=\"_blank\" rel=\"noopener\"><span data-sheets-value=\"{&quot;1&quot;:2,&quot;2&quot;:&quot;LaboratoriA in progress (Cia. LaboratoriA)&quot;}\" data-sheets-userformat=\"{&quot;2&quot;:8961,&quot;3&quot;:{&quot;1&quot;:0},&quot;11&quot;:4,&quot;12&quot;:0,&quot;16&quot;:10}\">Ai CONY! d&#8217;Eva Barcel\u00f3<\/span><\/a><\/span><\/span><\/p>\n<ul style=\"list-style-type: square;\">\n<li>Dijous 24 de novembre a les 19h<\/li>\n<li>Centre C\u00edvic Can Felipa<\/li>\n<li>Joves<\/li>\n<li>Gratu\u00eft, amb inscripci\u00f3 pr\u00e8via<\/li>\n<li><strong><strong>Qu\u00e8 \u00e9s? <\/strong><\/strong>S\u00f3c dona i c\u00f2mica, i aix\u00f2 no \u00e9s un acudit. Va de deb\u00f2. Ja s\u00e9 que sona fort, per\u00f2 les dones no nom\u00e9s riuen de les bromes dels homes, de fet, tamb\u00e9 podem fer com\u00e8dia. A \u00abAi CONY!\u00bb parlar\u00e9 del masclisme, del feminisme, dels homes, de les dones i de la tia Carmen, que juga en una altra lliga. Espectacle apte, i tamb\u00e9 recomanat, per a homes. Espectacle impulsat pel programa Sant Mart\u00ed en Femen\u00ed per donar suport a dones creadores.<\/li>\n<\/ul>\n<p>\u00a0<\/p>\n<p><span style=\"color: #99cc00;\">[Festes populars] <span style=\"color: #ff0000;\"><a style=\"color: #ff0000;\" href=\"https:\/\/www.evern.org\/wp-content\/uploads\/2022\/10\/Programa-FM-Sant-Marti_web_final.pdf\" target=\"_blank\" rel=\"noopener\"><span data-sheets-value=\"{&quot;1&quot;:2,&quot;2&quot;:&quot;LaboratoriA in progress (Cia. LaboratoriA)&quot;}\" data-sheets-userformat=\"{&quot;2&quot;:8961,&quot;3&quot;:{&quot;1&quot;:0},&quot;11&quot;:4,&quot;12&quot;:0,&quot;16&quot;:10}\">Festa Major de la Verneda \u2013 Sant Mart\u00ed 2022<\/span><\/a><\/span><\/span><\/p>\n<ul style=\"list-style-type: square;\">\n<li>Del 3 al 13 de novembre<\/li>\n<li>Al barri de La Verneda i Sant Mart\u00ed<\/li>\n<li>Infants, adolescents i joves<\/li>\n<li>Gratu\u00eft<\/li>\n<\/ul>\n<p>\u00a0<\/p>\n<p><span style=\"color: #99cc00;\">[Oci] <span style=\"color: #ff0000;\"><a style=\"color: #ff0000;\" href=\"https:\/\/ajuntament.barcelona.cat\/ccivics\/santmarti\/p\/49381\/tarda-jove-de-festa-major\" target=\"_blank\" rel=\"noopener\"><span data-sheets-value=\"{&quot;1&quot;:2,&quot;2&quot;:&quot;LaboratoriA in progress (Cia. LaboratoriA)&quot;}\" data-sheets-userformat=\"{&quot;2&quot;:8961,&quot;3&quot;:{&quot;1&quot;:0},&quot;11&quot;:4,&quot;12&quot;:0,&quot;16&quot;:10}\">Tarda jove<\/span><\/a><\/span><\/span><\/p>\n<ul style=\"list-style-type: square;\">\n<li>Divendres 4 de novembre a partir de les 17 hores<\/li>\n<li>Centre C\u00edvic Sant Mart\u00ed<\/li>\n<li>Joves i adolescents (entre 12 i 17 anys)<\/li>\n<li>Gratu\u00eft, amb inscripci\u00f3 pr\u00e8via<\/li>\n<li><strong><strong>Qu\u00e8 \u00e9s? <\/strong><\/strong>M\u00edtica tarda de Festa Major amb premis i m\u00e9s activitats per adolescents i joves. Si tens entre 12 i 17 anys i t\u2019agrada jugar al futbol\u00ed, t\u2019esperem! Inscripci\u00f3 per parelles i categoria la mateixa tarda.<br \/><br \/><\/li>\n<\/ul>\n<p><span style=\"color: #99cc00;\">[Exposici\u00f3] <span style=\"color: #ff0000;\"><a style=\"color: #ff0000;\" href=\"https:\/\/ajuntament.barcelona.cat\/ccivics\/santmarti\/p\/45185\" target=\"_blank\" rel=\"noopener\"><span data-sheets-value=\"{&quot;1&quot;:2,&quot;2&quot;:&quot;LaboratoriA in progress (Cia. LaboratoriA)&quot;}\" data-sheets-userformat=\"{&quot;2&quot;:8961,&quot;3&quot;:{&quot;1&quot;:0},&quot;11&quot;:4,&quot;12&quot;:0,&quot;16&quot;:10}\">De La Gaud\u00ed al Centre C\u00edvic Sant Mart\u00ed<br \/><\/span><\/a><\/span><\/span><\/p>\n<ul style=\"list-style-type: square;\">\n<li>De dimarts a divendres<\/li>\n<li>Centre C\u00edvic Sant Mart\u00ed<\/li>\n<li>Joves i adolescents<\/li>\n<li>Gratu\u00eft<\/li>\n<li><strong><strong>Qu\u00e8 \u00e9s? <\/strong><\/strong>Exposici\u00f3 creada a partir de fotografies que retraten els m\u00e9s de quaranta anys de l\u2019edifici, els serveis i les persones que formen part de la hist\u00f2ria d\u2019aquest equipament. A la sala d\u2019exposicions trobareu les obres de dues fot\u00f2grafes ve\u00efnes del barri, la Carme Oller i l\u2019Esther Riera.<\/li>\n<\/ul>\n<p>\u00a0<\/p>\n<p><span style=\"color: #99cc00;\">[Cinema] <span style=\"color: #ff0000;\"><a style=\"color: #ff0000;\" href=\"https:\/\/ajuntament.barcelona.cat\/ccivics\/santmarti\/p\/45185\" target=\"_blank\" rel=\"noopener\"><span data-sheets-value=\"{&quot;1&quot;:2,&quot;2&quot;:&quot;LaboratoriA in progress (Cia. LaboratoriA)&quot;}\" data-sheets-userformat=\"{&quot;2&quot;:8961,&quot;3&quot;:{&quot;1&quot;:0},&quot;11&quot;:4,&quot;12&quot;:0,&quot;16&quot;:10}\">Cinema a la fresca: Intocable<br \/><\/span><\/a><\/span><\/span><\/p>\n<ul style=\"list-style-type: square;\">\n<li>Dijous 10 de novembre a les 18h<\/li>\n<li>Masia Can Planas<\/li>\n<li>Joves i adolescents<\/li>\n<li>Gratu\u00eft<\/li>\n<li><strong>Qu\u00e8 \u00e9s? <\/strong>Visualitzaci\u00f3 de la pe\u0140l\u00edcula \u201cIntocable\u201d .<\/li>\n<\/ul>\n<p>\u00a0<\/p>\n<p><span style=\"color: #99cc00;\">[Festa popular] <span style=\"color: #ff0000;\"><a style=\"color: #ff0000;\" href=\"https:\/\/www.evern.org\/wp-content\/uploads\/2022\/10\/Programa-FM-Sant-Marti_web_final.pdf\" target=\"_blank\" rel=\"noopener\"><span data-sheets-value=\"{&quot;1&quot;:2,&quot;2&quot;:&quot;LaboratoriA in progress (Cia. LaboratoriA)&quot;}\" data-sheets-userformat=\"{&quot;2&quot;:8961,&quot;3&quot;:{&quot;1&quot;:0},&quot;11&quot;:4,&quot;12&quot;:0,&quot;16&quot;:10}\">FESTA 50 ANIVERSARI AVSMP<br \/><\/span><\/a><\/span><\/span><\/p>\n<ul style=\"list-style-type: square;\">\n<li>Dimecres 9 de novembre de 18h a 20h<\/li>\n<li>Auditori Sant Mart\u00ed<\/li>\n<li>Infants, joves i adolescents<\/li>\n<li>Gratu\u00eft<\/li>\n<li><strong>Qu\u00e8 \u00e9s? <\/strong>Vine a celebrar i gaudir amb nosaltres d\u2019una tarda plena d\u2019emocions i sorpreses. Rebuda inicial a c\u00e0rrec de Trabucaires de Sant Mart\u00ed i grup de gralles Pamtomacat.<\/li>\n<\/ul>\n<p>\u00a0<\/p>\n<p><span style=\"color: #99cc00;\">[Concert] <span style=\"color: #ff0000;\"><a style=\"color: #ff0000;\" href=\"https:\/\/www.evern.org\/wp-content\/uploads\/2022\/10\/Programa-FM-Sant-Marti_web_final.pdf\" target=\"_blank\" rel=\"noopener\"><span data-sheets-value=\"{&quot;1&quot;:2,&quot;2&quot;:&quot;LaboratoriA in progress (Cia. LaboratoriA)&quot;}\" data-sheets-userformat=\"{&quot;2&quot;:8961,&quot;3&quot;:{&quot;1&quot;:0},&quot;11&quot;:4,&quot;12&quot;:0,&quot;16&quot;:10}\">Raxar i HoneyBlood<br \/><\/span><\/a><\/span><\/span><\/p>\n<ul style=\"list-style-type: square;\">\n<li>Dimecres 9 de novembre de 18h a 20h<\/li>\n<li>Auditori Sant Mart\u00ed<\/li>\n<li>Infants, joves i adolescents<\/li>\n<li>Gratu\u00eft<\/li>\n<li><strong>Qu\u00e8 \u00e9s? <\/strong>Vine a celebrar i gaudir amb nosaltres d\u2019una tarda plena d\u2019emocions i sorpreses. Rebuda inicial a c\u00e0rrec de Trabucaires de Sant Mart\u00ed i grup de gralles Pamtomacat.<\/li>\n<\/ul>\n<p>\u00a0<\/p>\n<p>\u00a0<\/p>\n<h2>Nou Barris<\/h2>\n<p>\u00a0<\/p>\n<p><span style=\"color: #99cc00;\">[Exposici\u00f3] <span style=\"color: #ff0000;\"><a style=\"color: #ff0000;\" href=\"https:\/\/guia.barcelona.cat\/es\/detall\/exposicio-fronteres-i-limits-de-nou-barris_99400698592.html\" target=\"_blank\" rel=\"noopener\"><span data-sheets-value=\"{&quot;1&quot;:2,&quot;2&quot;:&quot;LaboratoriA in progress (Cia. LaboratoriA)&quot;}\" data-sheets-userformat=\"{&quot;2&quot;:8961,&quot;3&quot;:{&quot;1&quot;:0},&quot;11&quot;:4,&quot;12&quot;:0,&quot;16&quot;:10}\">Fronteres i l\u00edmits de Nou Barris<\/span><\/a><\/span><\/span><\/p>\n<ul style=\"list-style-type: square;\">\n<li>Fins l&#8217;11 de novembre<\/li>\n<li>Castell de Torre Bar\u00f3<\/li>\n<li>Joves i adolescents<\/li>\n<li>Gratu\u00eft<\/li>\n<li><strong>Qu\u00e8 \u00e9s? <\/strong>Amb l\u2019objectiu de captar el districte des de l\u2019aire, tres voluntaris de l\u2019Arxiu Hist\u00f2ric de Roquetes-Nou Barris es van enfilat als terrats, balcons i miradors c\u00e0mera en m\u00e0. Durant un any han realitzat m\u00e9s de 3.000 fotografies. Les imatges mostren la transformaci\u00f3 en les darreres d\u00e8cades de les prop de 800 hect\u00e0rees que configuren Nou Barris i han servit tamb\u00e9 per actualitzar el fons gr\u00e0fic de l\u2019entitat.<\/li>\n<\/ul>\n<p>\u00a0<\/p>\n<p><span style=\"color: #99cc00;\">[Taller] <span style=\"color: #ff0000;\"><a style=\"color: #ff0000;\" href=\"https:\/\/ajuntament.barcelona.cat\/centrescivics\/detall\/taller-iniciacio-al-comic_99400687405.html\" target=\"_blank\" rel=\"noopener\"><span data-sheets-value=\"{&quot;1&quot;:2,&quot;2&quot;:&quot;LaboratoriA in progress (Cia. LaboratoriA)&quot;}\" data-sheets-userformat=\"{&quot;2&quot;:8961,&quot;3&quot;:{&quot;1&quot;:0},&quot;11&quot;:4,&quot;12&quot;:0,&quot;16&quot;:10}\">Iniciaci\u00f3 al c\u00f2mic<\/span><\/a><\/span><\/span><\/p>\n<ul style=\"list-style-type: square;\">\n<li>Fins el 9 de desembre, els divendres de 17.30 a 19.00 h<\/li>\n<li>Centre C\u00edvic Bar\u00f3 de Viver<\/li>\n<li>Infants fins els 12 anys<\/li>\n<li>Gratu\u00eft, cal inscripci\u00f3 pr\u00e8via<\/li>\n<li><strong>Qu\u00e8 \u00e9s?<\/strong> En aquest taller es vol fomentar la passi\u00f3 per crear c\u00f2mics, l\u2019estil \u00e9s indiferent. Es fomentaran bases de dibuix, perspectiva i narrativa, entendre la vinyeta, crear el gui\u00f3, i a partir d\u2019aquestes bases ajudarem els alumnes a crear all\u00f2 que m\u00e9s els agradi, a desenvolupar la seva pr\u00f2pia hist\u00f2ria i a millorar dia rere dia.<\/li>\n<\/ul>\n<p>\u00a0<\/p>\n<p><span style=\"color: #99cc00;\">[Concert] <span style=\"color: #ff0000;\"><a style=\"color: #ff0000;\" href=\"https:\/\/ajuntament.barcelona.cat\/culturaieducacio\/es\/detail\/concert-gisele-cornejo-claudio-cesar_99400672243\" target=\"_blank\" rel=\"noopener\"><span data-sheets-value=\"{&quot;1&quot;:2,&quot;2&quot;:&quot;LaboratoriA in progress (Cia. LaboratoriA)&quot;}\" data-sheets-userformat=\"{&quot;2&quot;:8961,&quot;3&quot;:{&quot;1&quot;:0},&quot;11&quot;:4,&quot;12&quot;:0,&quot;16&quot;:10}\">Gisele Cornejo &amp; Claudio C\u00e9sar<br \/><\/span><\/a><\/span><\/span><\/p>\n<ul style=\"list-style-type: square;\">\n<li>Divendres 4 de novembre a les 19h<\/li>\n<li>Centre Civic Can Veraguer<\/li>\n<li>Infants, joves i adolescents<\/li>\n<li>Gratu\u00eft<\/li>\n<li><strong><strong>Qu\u00e8 \u00e9s? <\/strong><\/strong>El tango \u00e9s per a Gisele un viatge cap als sentiments m\u00e9s profunds de l&#8217;\u00e0nima. \u00c9s la manera de poder expressar la intensitat de la vida. D&#8217;explicar hist\u00f2ries silenciades. Tamb\u00e9 \u00e9s una reivindicaci\u00f3 de la dona, dins d&#8217;un estil en el qual encara avui es q\u00fcestiona si les dones podem cantar-lo. L\u2019artista ens prepara una proposta d&#8217;homenatge a les cantautores que van estar exiliades, explicar una mica la seva hist\u00f2ria i com van desenvolupar la seva creativitat en aquella situaci\u00f3: Mercedes Sosa, Violeta Parra&#8230;<\/li>\n<\/ul>\n<p>\u00a0<\/p>\n<p><span style=\"color: #99cc00;\">[Exposici\u00f3] <span style=\"color: #ff0000;\"><a style=\"color: #ff0000;\" href=\"https:\/\/www.canbaste.com\/events\/ghost-stories-de-federico-clavarino\/?occurrence=2022-10-01\" target=\"_blank\" rel=\"noopener\"><span data-sheets-value=\"{&quot;1&quot;:2,&quot;2&quot;:&quot;LaboratoriA in progress (Cia. LaboratoriA)&quot;}\" data-sheets-userformat=\"{&quot;2&quot;:8961,&quot;3&quot;:{&quot;1&quot;:0},&quot;11&quot;:4,&quot;12&quot;:0,&quot;16&quot;:10}\">\u00abGhost Stories\u00bb de Federico Clavarino<br \/><\/span><\/a><\/span><\/span><\/p>\n<ul style=\"list-style-type: square;\">\n<li>Fins el 12 de novembre<\/li>\n<li>Centre C\u00edvic Can Bast\u00e9<\/li>\n<li>Joves i adolescents<\/li>\n<li>Gratu\u00eft<\/li>\n<li><strong><strong>Qu\u00e8 \u00e9s? <\/strong><\/strong>\u00c9s un treball fotogr\u00e0fic de Federico Clavarino que entreteixeix una s\u00e8rie d\u2019esdeveniments ocorreguts en el mateix espai, l\u2019arxip\u00e8lag de Frioul, per\u00f2 en \u00e8poques diferents.\n<p>L\u2019arxip\u00e8lag de Frioul es troba enfront del golf de Marsella, i est\u00e0 compost per les illes Ratonneau, Pom\u00e8gues, If i Tiboulen. Frioul \u00e9s un arxip\u00e8lag, no sols en l\u2019espai, sin\u00f3 tamb\u00e9 en el temps: aquestes illes han estat escenari d\u2019esdeveniments aparentment inconnexos entre si que formen una constel\u00b7laci\u00f3 misteriosa. El 1516 el rei Francesc I va ordenar construir a l\u2019illa d\u2019If una fortalesa que en el segle XVII s\u2019utilitzaria com a pres\u00f3.<\/p>\n<\/li>\n<\/ul>\n<p>\u00a0<\/p>\n<p><span style=\"color: #99cc00;\">[Taller] <span style=\"color: #ff0000;\"><a style=\"color: #ff0000;\" href=\"https:\/\/www.barcelona.cat\/casalsdebarri\/verdun\/ca\/agenda\/taller-rol\" target=\"_blank\" rel=\"noopener\"><span data-sheets-value=\"{&quot;1&quot;:2,&quot;2&quot;:&quot;LaboratoriA in progress (Cia. LaboratoriA)&quot;}\" data-sheets-userformat=\"{&quot;2&quot;:8961,&quot;3&quot;:{&quot;1&quot;:0},&quot;11&quot;:4,&quot;12&quot;:0,&quot;16&quot;:10}\">\u00abTaller &#8216;Rol\u00bb<br \/><\/span><\/a><\/span><\/span><\/p>\n<ul style=\"list-style-type: square;\">\n<li>Tots els dijous a la tarda<\/li>\n<li>Casal de barri de Verdum<\/li>\n<li>Infants, joves i adolescents<\/li>\n<li>Gratu\u00eft, cal inscripci\u00f3 pr\u00e8via<\/li>\n<li><strong>Qu\u00e8 \u00e9s? <\/strong>Si t&#8217;agraden els jocs de rol de taula, t&#8217;esperem els dijous! En aquest espai els i les joves del barri de Verdum disposen de partides dinamitzades de rol a c\u00e0rrec de l&#8217;entitat Espai Coneix.<\/li>\n<\/ul>\n<p>\u00a0<\/p>\n<p><span style=\"color: #99cc00;\">[Exposici\u00f3] <span style=\"color: #ff0000;\"><a style=\"color: #ff0000;\" href=\"https:\/\/www.barcelona.cat\/casalsdebarri\/verdun\/ca\/agenda\/taller-rol\" target=\"_blank\" rel=\"noopener\"><span data-sheets-value=\"{&quot;1&quot;:2,&quot;2&quot;:&quot;LaboratoriA in progress (Cia. LaboratoriA)&quot;}\" data-sheets-userformat=\"{&quot;2&quot;:8961,&quot;3&quot;:{&quot;1&quot;:0},&quot;11&quot;:4,&quot;12&quot;:0,&quot;16&quot;:10}\">\u00abMirar i veure\u00bb<br \/><\/span><\/a><\/span><\/span><\/p>\n<ul style=\"list-style-type: square;\">\n<li>Del 4 al 26 de novembre<\/li>\n<li>Centre C\u00edvic Can Verdaguer<\/li>\n<li>Joves i adolescents<\/li>\n<li>Gratu\u00eft<\/li>\n<li><strong>Qu\u00e8 \u00e9s? <\/strong>En les societats est\u00e0 present l\u2019atorgament de g\u00e8nere d\u2019acord amb les creences culturals. Els ulls s\u00f3n uns \u00f2rgans petits, per\u00f2 molt expressius, que poden estar subjectes a aquestes creences. Si nom\u00e9s veiem de la persona aquesta petita part, es pot fer m\u00e9s dif\u00edcil el judici d\u2019imposar un g\u00e8nere espec\u00edfic. S\u2019han de tenir en compte i cuidar les dues mirades: aquella que mira des de la superf\u00edcie, per\u00f2 no veu, i aquella que s\u2019ha de veure des de l\u2019interior per con\u00e8ixer-se. Cadasc\u00fa \u00e9s al mateix temps observador i observat.<\/li>\n<\/ul>\n<p>\u00a0<\/p>\n<p><span style=\"color: #99cc00;\">[Xerrada] <span style=\"color: #ff0000;\"><a style=\"color: #ff0000;\" href=\"https:\/\/ajuntament.barcelona.cat\/biblioteques\/ca\/canal\/anime-un-recorregut-lanimaci%C3%B3-japonesa\" target=\"_blank\" rel=\"noopener\"><span data-sheets-value=\"{&quot;1&quot;:2,&quot;2&quot;:&quot;LaboratoriA in progress (Cia. LaboratoriA)&quot;}\" data-sheets-userformat=\"{&quot;2&quot;:8961,&quot;3&quot;:{&quot;1&quot;:0},&quot;11&quot;:4,&quot;12&quot;:0,&quot;16&quot;:10}\">De Ghibli a Shinkai: els grans noms de l\u2019anime contemporani<br \/><\/span><\/a><\/span><\/span><\/p>\n<ul style=\"list-style-type: square;\">\n<li>Dimarts 15 de novembre, a les 18.30 h<\/li>\n<li>Biblioteca Vilapicina i la Torre Llobeta<\/li>\n<li>Adolescents i joves<\/li>\n<li>Gratu\u00eft, cal inscripci\u00f3 pr\u00e8via<\/li>\n<li><strong>Qu\u00e8 \u00e9s? <\/strong>Tot i els estralls causats a les sales de cinema de tot el m\u00f3n per la covid, la ind\u00fastria de l&#8217;anime al Jap\u00f3 s&#8217;ha mantingut forta i inalterable sent la salvaguarda de la taquilla japonesa. A m\u00e9s d&#8217;estudis coneguts com Ghibli o Madhouse, nous noms s&#8217;han introdu\u00eft a l&#8217;univers de l&#8217;aficionat: Hososa, Shinkai, Yuasa&#8230; Assistim a un nou boom de l\u2019anime?<\/li>\n<\/ul>\n<p>\u00a0<\/p>\n<h2>Bar\u00f3 de Viver &#8211; Bon Pastor<\/h2>\n<p>\u00a0<\/p>\n<p><span style=\"color: #99cc00;\">[Espectacle de \u00abclown\u00bb] <span style=\"color: #ff0000;\"><a style=\"color: #ff0000;\" href=\"https:\/\/ajuntament.barcelona.cat\/ccivics\/barodeviver\/p\/48275\/bombea\" target=\"_blank\" rel=\"noopener\"><span data-sheets-value=\"{&quot;1&quot;:2,&quot;2&quot;:&quot;LaboratoriA in progress (Cia. LaboratoriA)&quot;}\" data-sheets-userformat=\"{&quot;2&quot;:8961,&quot;3&quot;:{&quot;1&quot;:0},&quot;11&quot;:4,&quot;12&quot;:0,&quot;16&quot;:10}\">BOMBEA. Cia. La Pulpa<br \/><\/span><\/a><\/span><\/span><\/p>\n<ul style=\"list-style-type: square;\">\n<li>Divendres 11 de novembre a les18h<\/li>\n<li>Centre C\u00edvic i Espai de Gent Gran Bar\u00f3 de Viver<\/li>\n<li>Infants<\/li>\n<li>Gratu\u00eft, cal inscripci\u00f3 pr\u00e8via<\/li>\n<li><strong><strong><strong>Qu\u00e8 \u00e9s? <\/strong><\/strong><\/strong>Benvinguts a un espectacle de clown, directe, senzill i divertit, amb una est\u00e8tica molt cuidada. Bombea! ens parla de com s\u00f3n les relacions entre les persones i de la necessitat de cuidar-les. Aconsegueix transmetre i fer-ne c\u00f2mplice petits i grans en un viatge intergeneracional amb un final sorprenent..<\/li>\n<\/ul>\n<p>\u00a0<\/p>\n<p><span style=\"color: #99cc00;\">[Teatre] <span style=\"color: #ff0000;\"><a style=\"color: #ff0000;\" href=\"https:\/\/ajuntament.barcelona.cat\/ccivics\/barodeviver\/p\/48277\/poi\" target=\"_blank\" rel=\"noopener\"><span data-sheets-value=\"{&quot;1&quot;:2,&quot;2&quot;:&quot;LaboratoriA in progress (Cia. LaboratoriA)&quot;}\" data-sheets-userformat=\"{&quot;2&quot;:8961,&quot;3&quot;:{&quot;1&quot;:0},&quot;11&quot;:4,&quot;12&quot;:0,&quot;16&quot;:10}\">POI. Cia. D&#8217;es Tro<\/span><\/a><\/span><\/span><\/p>\n<ul style=\"list-style-type: square;\">\n<li>Divendres 18 de novembre a les 18h<\/li>\n<li>Centre C\u00edvic i Espai de Gent Gran Bar\u00f3 de Viver<\/li>\n<li>Joves i adolescents<\/li>\n<li>Gratu\u00eft, cal inscripci\u00f3 pr\u00e8via<\/li>\n<li><strong><strong>Qu\u00e8 \u00e9s? <\/strong><\/strong>Un personatge atrapat des de la inf\u00e0ncia per l&#8217;efecte girosc\u00f2pic de la seva baldufa. Un viatge d&#8217;embolics i girs que ens transporta al joc, un dels estats m\u00e9s importants de la vida.<\/li>\n<\/ul>\n<p>\u00a0<\/p>\n<p><span style=\"color: #99cc00;\">[Teatre] <span style=\"color: #ff0000;\"><a style=\"color: #ff0000;\" href=\"https:\/\/ajuntament.barcelona.cat\/ccivics\/bonpastor\/p\/48706\/aix-s-amor-cia-trama\" target=\"_blank\" rel=\"noopener\"><span data-sheets-value=\"{&quot;1&quot;:2,&quot;2&quot;:&quot;LaboratoriA in progress (Cia. LaboratoriA)&quot;}\" data-sheets-userformat=\"{&quot;2&quot;:8961,&quot;3&quot;:{&quot;1&quot;:0},&quot;11&quot;:4,&quot;12&quot;:0,&quot;16&quot;:10}\">AIX\u00d2 \u00c9S AMOR? (Cia. Trama)<br \/><\/span><\/a><\/span><\/span><\/p>\n<ul style=\"list-style-type: square;\">\n<li>Dijous 24 de Novembre a les 18.30h<\/li>\n<li>Centre C\u00edvic Bon Pastor<\/li>\n<li>Adolescents i joves<\/li>\n<li>Gratu\u00eft, cal inscripci\u00f3 pr\u00e8via<\/li>\n<li><strong><strong>Qu\u00e8 \u00e9s? <\/strong><\/strong>Viatjarem a trav\u00e9s de la hist\u00f2ria d\u2019una parella i ho farem anant enrere en el temps fins als seus inicis per reflexionar i entendre all\u00f2 que els ha portat fins on s\u00f3n ara. Destaparem els mites de l\u2019amor rom\u00e0ntic, les viol\u00e8ncies quotidianes i invisibles, q\u00fcestionarem els rols de g\u00e8nere, identificarem les viol\u00e8ncies masclistes i actuarem per canviar la hist\u00f2ria.<\/li>\n<\/ul>\n<p>\u00a0<\/p>\n<p><span style=\"color: #99cc00;\">[Concert] <span style=\"color: #ff0000;\"><a style=\"color: #ff0000;\" href=\"https:\/\/ajuntament.barcelona.cat\/ccivics\/bonpastor\/p\/48591\/biel-harper-aura-mauri-duet\" target=\"_blank\" rel=\"noopener\"><span data-sheets-value=\"{&quot;1&quot;:2,&quot;2&quot;:&quot;LaboratoriA in progress (Cia. LaboratoriA)&quot;}\" data-sheets-userformat=\"{&quot;2&quot;:8961,&quot;3&quot;:{&quot;1&quot;:0},&quot;11&quot;:4,&quot;12&quot;:0,&quot;16&quot;:10}\">BIEL HARPER-AURA MAURI DUET<br \/><\/span><\/a><\/span><\/span><\/p>\n<ul style=\"list-style-type: square;\">\n<li>Divendres 11 de novembre a les 19h.<\/li>\n<li>Centre C\u00edvic Bon Pastor<\/li>\n<li>Adolescents i joves<\/li>\n<li>Gratu\u00eft, cal inscripci\u00f3 pr\u00e8via<\/li>\n<li><strong><strong><strong>Qu\u00e8 \u00e9s? <\/strong><\/strong><\/strong>El duet format pel pianista Biel Harper i la cantant Aura Mauri \u00e9s un homenatge al m\u00f3n de les emocions i les subtileses. A trav\u00e9s del joc, la sensibilitat, el risc i la forta simbiosi que comparteixen, aquests joves ofereixen una experi\u00e8ncia \u00fanica i diferent a cada concert; la seva m\u00fasica est\u00e0 viva i traspassa tot idioma i estil musical. Durant una hora ens conviden a endinsar-nos en un viatge sonor i emotiu, a trav\u00e9s de can\u00e7ons populars i del m\u00f3n.<\/li>\n<\/ul>\n<p>\u00a0<\/p>\n<p><span style=\"color: #99cc00;\">[Exposici\u00f3] <span style=\"color: #ff0000;\"><a style=\"color: #ff0000;\" href=\"https:\/\/ajuntament.barcelona.cat\/ccivics\/bonpastor\/p\/49331\/juntes-i-visibles\" target=\"_blank\" rel=\"noopener\"><span data-sheets-value=\"{&quot;1&quot;:2,&quot;2&quot;:&quot;LaboratoriA in progress (Cia. LaboratoriA)&quot;}\" data-sheets-userformat=\"{&quot;2&quot;:8961,&quot;3&quot;:{&quot;1&quot;:0},&quot;11&quot;:4,&quot;12&quot;:0,&quot;16&quot;:10}\">Juntes i Visibles<\/span><\/a><\/span><\/span><\/p>\n<ul style=\"list-style-type: square;\">\n<li>Fins el 21 de novembre<\/li>\n<li>Centre C\u00edvic Bon Pastor<\/li>\n<li>Adolescents i joves<\/li>\n<li>Gratu\u00eft<\/li>\n<li><strong>Qu\u00e8 \u00e9s? <\/strong>L&#8217;exposici\u00f3 \u00abJuntes i Visibles\u2019, de Barabara Educaci\u00f3, \u00e9s una mostra fotogr\u00e0fica que ens submergeix en els testimonis de deu dones. Deu hist\u00f2ries diferents sobre precarietat laboral, assetjament, desigualtats, que les dones vivim en l\u2019entorn laboral, pel fet de ser dones. Barabara crea aquesta mostra per conscienciar d\u2019aquest fet i denunciar aquests casos partint de testimonis reals, que de manera an\u00f2nima ens expliquen les seves experi\u00e8ncies laborals, transformades en imatges (amb la col\u00b7laboraci\u00f3 de la fot\u00f2grafa Daniela Medina).<\/li>\n<\/ul>\n<p>\u00a0<\/p>\n<p><span style=\"color: #99cc00;\">[Visita] <span style=\"color: #ff0000;\"><a style=\"color: #ff0000;\" href=\"https:\/\/grajove.playoffinformatica.com\/activitat\/67\/Zona-Jove-Esportiva\/\" target=\"_blank\" rel=\"noopener\"><span data-sheets-value=\"{&quot;1&quot;:2,&quot;2&quot;:&quot;LaboratoriA in progress (Cia. LaboratoriA)&quot;}\" data-sheets-userformat=\"{&quot;2&quot;:8961,&quot;3&quot;:{&quot;1&quot;:0},&quot;11&quot;:4,&quot;12&quot;:0,&quot;16&quot;:10}\">MURAL TEM\u00c0TIC COL\u00b7LABORATIU \u201c25 N\u201d<br \/><\/span><\/a><\/span><\/span><\/p>\n<ul style=\"list-style-type: square;\">\n<li><span style=\"color: initial;\">Des del 21 de novembre<\/span><\/li>\n<li>Centre C\u00edvic Bon Pastor<\/li>\n<li>Adolescents i joves<\/li>\n<li>Gratu\u00eft<\/li>\n<li><strong>Qu\u00e8 \u00e9s? <\/strong>Activitat dinamitzada conjuntament pels equipaments culturals del territori destinada a la creaci\u00f3 col\u00b7lectiva de Murals comunitaris relacionats amb el Dia Internacional per a l\u2019Eliminaci\u00f3 de la Viol\u00e8ncia contra les Dones.\n<p>\u00a0<\/p>\n<\/li>\n<\/ul>\n<p><span style=\"color: #99cc00;\">[Espectacle de titelles] <span style=\"color: #ff0000;\"><a style=\"color: #ff0000;\" href=\"https:\/\/ajuntament.barcelona.cat\/ccivics\/bonpastor\/p\/48567\/blaur-cia-la-boia-teatre\" target=\"_blank\" rel=\"noopener\"><span data-sheets-value=\"{&quot;1&quot;:2,&quot;2&quot;:&quot;LaboratoriA in progress (Cia. LaboratoriA)&quot;}\" data-sheets-userformat=\"{&quot;2&quot;:8961,&quot;3&quot;:{&quot;1&quot;:0},&quot;11&quot;:4,&quot;12&quot;:0,&quot;16&quot;:10}\">\u00abBLAUR\u00d3\u00bb (Cia. La Boia Teatre)<\/span><\/a><\/span><\/span><\/p>\n<ul style=\"list-style-type: square;\">\n<li>Divendres 18 de Novembre a les 17.30h.<\/li>\n<li>Centre C\u00edvic Bon Pastor<\/li>\n<li>Infants fins els 10 anys<\/li>\n<li>Gratu\u00eft, cal inscripci\u00f3 pr\u00e8via<\/li>\n<li><strong><strong>Qu\u00e8 \u00e9s? <\/strong><\/strong>Si mai us hi heu fixat b\u00e9, sabreu que hi ha un poble al nord de Catalunya on hi passa un tren una vegada a l&#8217;any, coincidint amb lluna plena. \u201cPropera parada: Blaur\u00f3, el poble que nom\u00e9s coneixia dos colors\u201d. Una hist\u00f2ria que parla sobre la identitat de ser qui vulguis ser a trav\u00e9s dels colors.<\/li>\n<\/ul>\n<p>\u00a0<\/p>\n<p><span style=\"color: #99cc00;\">[Jocs de taula] <span style=\"color: #ff0000;\"><a style=\"color: #ff0000;\" href=\"https:\/\/ajuntament.barcelona.cat\/ccivics\/barodeviver\/p\/38074\/dau-als-barris\" target=\"_blank\" rel=\"noopener\"><span data-sheets-value=\"{&quot;1&quot;:2,&quot;2&quot;:&quot;LaboratoriA in progress (Cia. LaboratoriA)&quot;}\" data-sheets-userformat=\"{&quot;2&quot;:8961,&quot;3&quot;:{&quot;1&quot;:0},&quot;11&quot;:4,&quot;12&quot;:0,&quot;16&quot;:10}\">Dau als barris<br \/><\/span><\/a><\/span><\/span><\/p>\n<ul style=\"list-style-type: square;\">\n<li>\u00a0Dilluns 14 de novembre de 17:30 a 19h<\/li>\n<li>Centre C\u00edvic Bar\u00f3 de Viver<\/li>\n<li>Infants, adolescents i joves<\/li>\n<li>Gratu\u00eft, cal inscripci\u00f3 pr\u00e8via<\/li>\n<li><strong>Qu\u00e8 \u00e9s? <\/strong>Dau Barcelona, la gran festa del joc. El festival promou la participaci\u00f3 i la creativitat a trav\u00e9s de la cosa l\u00fadica, i s\u2019hi ofereixen jocs de tot tipus i per a totes les edats. Jocs infantils, jocs de taula, jocs de rol, jocs populars, jocs de simulaci\u00f3 hist\u00f2rica, jocs d\u2019escapada&#8230; tothom qui estigui avesat als jocs hi trobar\u00e0 el seu \u00e0mbit.\n<p>\u00a0<\/p>\n<\/li>\n<\/ul>\n<p><span style=\"color: #99cc00;\">[Cicle] <span style=\"color: #ff0000;\"><a style=\"color: #ff0000;\" href=\"https:\/\/ajuntament.barcelona.cat\/ccivics\/barodeviver\/p\/43808\/25-n\" target=\"_blank\" rel=\"noopener\"><span data-sheets-value=\"{&quot;1&quot;:2,&quot;2&quot;:&quot;LaboratoriA in progress (Cia. LaboratoriA)&quot;}\" data-sheets-userformat=\"{&quot;2&quot;:8961,&quot;3&quot;:{&quot;1&quot;:0},&quot;11&quot;:4,&quot;12&quot;:0,&quot;16&quot;:10}\">25-N Dia Internacional per a l&#8217;eliminaci\u00f3 de la viol\u00e8ncia vers les dones<\/span><\/a><\/span><\/span><\/p>\n<ul style=\"list-style-type: square;\">\n<li>23, 24 i 25 novembre<\/li>\n<li>Centre C\u00edvic Bar\u00f3 de Viver<\/li>\n<li>Adolescents i joves<\/li>\n<li>Gratu\u00eft<\/li>\n<li><strong>Qu\u00e8 \u00e9s? <\/strong>Des del CC Bar\u00f3 de Viver volem fer un treball comunitari de conscienciaci\u00f3 i prevenci\u00f3 de la viol\u00e8ncia masclista focalitzant-nos en els aspectes positius de l\u2019amor, la cooperaci\u00f3 i l\u2019harmonia entre tothom. \u00c9s per aix\u00f2 que hem preparat la seg\u00fcent programaci\u00f3 pel 25N.<\/li>\n<\/ul>\n<p>\u00a0<\/p>\n<p><span style=\"color: #99cc00;\">[Taller] <span style=\"color: #ff0000;\"><a style=\"color: #ff0000;\" href=\"https:\/\/ajuntament.barcelona.cat\/biblioteques\/bibbonpastor\/ca\/agendes\/taller-amor-romantic-amb-raiz-violeta_99400696160\" target=\"_blank\" rel=\"noopener\"><span data-sheets-value=\"{&quot;1&quot;:2,&quot;2&quot;:&quot;LaboratoriA in progress (Cia. LaboratoriA)&quot;}\" data-sheets-userformat=\"{&quot;2&quot;:8961,&quot;3&quot;:{&quot;1&quot;:0},&quot;11&quot;:4,&quot;12&quot;:0,&quot;16&quot;:10}\">Amor rom\u00e0ntic<\/span><\/a><\/span><\/span><\/p>\n<ul style=\"list-style-type: square;\">\n<li>Dimarts, 22 de novembre a les 18:30h<\/li>\n<li>Biblioteca Bon Pastor<\/li>\n<li>Adolescents i joves<\/li>\n<li>Gratu\u00eft, cal inscripci\u00f3 pr\u00e8via<\/li>\n<li><strong>Qu\u00e8 \u00e9s? <\/strong>El taller q\u00fcestiona els mites de l\u2019amor rom\u00e0ntic, amb la intenci\u00f3 d\u2019identificar-los i desmuntar-los, i aix\u00ed trobar formes saludables de relaci\u00f3 afectivosexual allunyades de la idea de l\u2019amor que tenim inculcada i que propicia relacions t\u00f2xiques, sobretot entre els\/les adolescents. La intenci\u00f3 \u00e9s proposar relacions basades en el respecte i la confian\u00e7a. L\u2019espai vital de cada persona \u00e9s imprescindible per portar a terme cada projecte de vida, aix\u00ed com la resoluci\u00f3 de conflictes a partir del di\u00e0leg.<\/li>\n<\/ul>\n<p>\u00a0<\/p>\n<h2>El Carmel<\/h2>\n<p>\u00a0<\/p>\n<p><span style=\"color: #99cc00;\">[Festival] <span style=\"color: #ff0000;\"><a style=\"color: #ff0000;\" href=\"https:\/\/www.instagram.com\/fokarmel\/\" target=\"_blank\" rel=\"noopener\"><span data-sheets-value=\"{&quot;1&quot;:2,&quot;2&quot;:&quot;Tarda jove: T\u00f3mbola ( Cia. Gespalka'p)&quot;}\" data-sheets-userformat=\"{&quot;2&quot;:13187,&quot;3&quot;:{&quot;1&quot;:0},&quot;4&quot;:{&quot;1&quot;:2,&quot;2&quot;:16777215},&quot;10&quot;:2,&quot;11&quot;:4,&quot;12&quot;:0,&quot;15&quot;:&quot;Arial&quot;,&quot;16&quot;:10}\">F.O.K (Festes de l\u2019Orgull del Karmel)<br \/><\/span><\/a><\/span><\/span><\/p>\n<ul style=\"list-style-type: square;\">\n<li>De l&#8217;11 al 19 de novembre<\/li>\n<li>A tot el barri del Carmel<\/li>\n<li>Joves i adolescents<\/li>\n<li>Gratu\u00eft<\/li>\n<li><strong>Qu\u00e8 \u00e9s? <\/strong>Una setmana d\u2019activitats de tem\u00e0tica LGTBI al barri del Carmel. El FOK pret\u00e9n enlla\u00e7ar una s\u00e8rie d\u2019actes, activitats i intervencions per part d\u2019equipaments, associacions, entitats i persones a t\u00edtol individual per donar visibilitat al col\u00b7lectiu LGTBI, com tamb\u00e9 que el barri del Carmel, pioner en el terreny social al llarg dels anys, sigui un referent en la lluita pels col\u00b7lectius LGTBI.<\/li>\n<\/ul>\n<p>\u00a0<\/p>\n<p><span style=\"color: #99cc00;\">[Exposici\u00f3] <span style=\"color: #ff0000;\"><a style=\"color: #ff0000;\" href=\"https:\/\/ajuntament.barcelona.cat\/bocanord\/exposicio-soc-jove-soc-trans\/\" target=\"_blank\" rel=\"noopener\"><span data-sheets-value=\"{&quot;1&quot;:2,&quot;2&quot;:&quot;Tarda jove: T\u00f3mbola ( Cia. Gespalka'p)&quot;}\" data-sheets-userformat=\"{&quot;2&quot;:13187,&quot;3&quot;:{&quot;1&quot;:0},&quot;4&quot;:{&quot;1&quot;:2,&quot;2&quot;:16777215},&quot;10&quot;:2,&quot;11&quot;:4,&quot;12&quot;:0,&quot;15&quot;:&quot;Arial&quot;,&quot;16&quot;:10}\">Soc Jove, soc Trans<br \/><\/span><\/a><\/span><\/span><\/p>\n<ul style=\"list-style-type: square;\">\n<li>Fins l&#8217;11 de novembre<\/li>\n<li>Espai Jove Boca Nord<\/li>\n<li>Joves i adolescents<\/li>\n<li>Gratu\u00eft<\/li>\n<li><strong><strong>Qu\u00e8 \u00e9s? <\/strong><\/strong>Fruit del seu treball de recerca, l\u2019Etna, estudiant de 2n de batxillerat cient\u00edfic de l\u2019Escola Gravi, ens convida a compartir una mirada diversa i inclusiva del col\u00b7lectiu trans*, aix\u00ed com de la identitat i del proc\u00e9s de transici\u00f3 des d\u2019un punt de vista adolescent, per tal de seguir refor\u00e7ant l\u2019encara necess\u00e0ria visibilitzaci\u00f3 del col\u00b7lectiu.\n<p>L\u2019exposici\u00f3 Soc Jove, soc Trans* s\u00f3n en Nil, la Jessica, la Julieta i en Sash que ens mostren a trav\u00e9s d\u2019unes fotografies en blanc i negre, fetes per l\u2019Albert Armengol, els seus cossos per normalitzar-los i per plasmar la diversitat. Tamb\u00e9 ens parlen sobre la identitat, la transici\u00f3, els amics, la fam\u00edlia i l\u2019escola a trav\u00e9s d\u2019un v\u00eddeo i uns textos. A m\u00e9s a m\u00e9s, s\u2019inclouen activitats interactives per fer reflexionar i fomentar el respecte i la toler\u00e0ncia<span style=\"color: initial;\">.<\/span><\/p>\n<\/li>\n<\/ul>\n<p>\u00a0<\/p>\n<p><span style=\"color: #99cc00;\">[Exposici\u00f3] <span style=\"color: #ff0000;\"><a style=\"color: #ff0000;\" href=\"https:\/\/ajuntament.barcelona.cat\/ccivics\/files\/1662034667_Torre%20Llobeta%20SETEMBRE%202022%20DEFINITIU.pdf\" target=\"_blank\" rel=\"noopener\"><span data-sheets-value=\"{&quot;1&quot;:2,&quot;2&quot;:&quot;Tarda jove: T\u00f3mbola ( Cia. Gespalka'p)&quot;}\" data-sheets-userformat=\"{&quot;2&quot;:13187,&quot;3&quot;:{&quot;1&quot;:0},&quot;4&quot;:{&quot;1&quot;:2,&quot;2&quot;:16777215},&quot;10&quot;:2,&quot;11&quot;:4,&quot;12&quot;:0,&quot;15&quot;:&quot;Arial&quot;,&quot;16&quot;:10}\">\u00abSetmana del humor\u00bb<br \/><\/span><\/a><\/span><\/span><\/p>\n<ul style=\"list-style-type: square;\">\n<li><span style=\"color: initial;\">Del 4 al 25 de novembre<\/span><\/li>\n<li><span style=\"color: initial;\">Centre C\u00edvic Torre Llobeta<\/span><\/li>\n<li>Joves i adolescents<\/li>\n<li>Gratu\u00eft<\/li>\n<li><strong>Qu\u00e8 \u00e9s? <\/strong>Aquest temps ha donat per molt, moltes obres, molts artistes, molts cartells, moltes propostes\u2026 per\u00f2 sobretot ens ha donat per riure, per riure molt. En aquesta mostra trobareu una mica de tot aix\u00f2..<\/li>\n<\/ul>\n<p>\u00a0<\/p>\n<p><span style=\"color: #99cc00;\">[Concert] <span style=\"color: #ff0000;\"><a style=\"color: #ff0000;\" href=\"https:\/\/torrellobeta.inscripcionscc.com\/MiramModular\/buscador\/buscador.jsp?g=1&amp;c=54&amp;t=CE&amp;f=MU&amp;p=1\" target=\"_blank\" rel=\"noopener\"><span data-sheets-value=\"{&quot;1&quot;:2,&quot;2&quot;:&quot;Tarda jove: T\u00f3mbola ( Cia. Gespalka'p)&quot;}\" data-sheets-userformat=\"{&quot;2&quot;:13187,&quot;3&quot;:{&quot;1&quot;:0},&quot;4&quot;:{&quot;1&quot;:2,&quot;2&quot;:16777215},&quot;10&quot;:2,&quot;11&quot;:4,&quot;12&quot;:0,&quot;15&quot;:&quot;Arial&quot;,&quot;16&quot;:10}\">RAP AMB VALORS CONCERT JOVE De donde vengo<br \/><\/span><\/a><\/span><\/span><\/p>\n<ul style=\"list-style-type: square;\">\n<li><span style=\"color: initial;\">Divendres 18 de novembre a les 19h<\/span><\/li>\n<li><span style=\"color: initial;\">Centre C\u00edvic Torre Llobeta<\/span><\/li>\n<li>Joves i adolescents<\/li>\n<li>Gratu\u00eft<\/li>\n<li><strong><strong>Qu\u00e8 \u00e9s? <\/strong><\/strong>Divendres 18, a les 19 h El raper terrassenc ens presenta el seu darrer disc que vol trencar t\u00f2pics i estereotips sobre la immigraci\u00f3. A c\u00e0rrec de Mohi Lee.\n<p>\u00a0<\/p>\n<\/li>\n<\/ul>\n<p><span style=\"color: #99cc00;\">[Exposici\u00f3] <span style=\"color: #ff0000;\"><a style=\"color: #ff0000;\" href=\"https:\/\/ajuntament.barcelona.cat\/ccivics\/carmel\/p\/49008\/exposicio-identitats-plurals\" target=\"_blank\" rel=\"noopener\"><span data-sheets-value=\"{&quot;1&quot;:2,&quot;2&quot;:&quot;Tarda jove: T\u00f3mbola ( Cia. Gespalka'p)&quot;}\" data-sheets-userformat=\"{&quot;2&quot;:13187,&quot;3&quot;:{&quot;1&quot;:0},&quot;4&quot;:{&quot;1&quot;:2,&quot;2&quot;:16777215},&quot;10&quot;:2,&quot;11&quot;:4,&quot;12&quot;:0,&quot;15&quot;:&quot;Arial&quot;,&quot;16&quot;:10}\">\u00abExposici\u00f3: Identitats plurals\u00bb<br \/><\/span><\/a><\/span><\/span><\/p>\n<ul style=\"list-style-type: square;\">\n<li>Fins al 27 de novembre<\/li>\n<li>Centre C\u00edvic El Carmel<\/li>\n<li>Joves i adolescents<\/li>\n<li>Gratu\u00eft<\/li>\n<li><strong>Qu\u00e8 \u00e9s? <\/strong>Il\u00b7lustracions a c\u00e0rrec dels alumnes de l&#8217;escola Piaget. Forma part de la \u00abFesta Orgull Karmel\u00bb del 12 al 19 de noviembre.<\/li>\n<\/ul>\n<p>\u00a0<\/p>\n<p><span style=\"color: #99cc00;\">[Exposici\u00f3] <span style=\"color: #ff0000;\"><a style=\"color: #ff0000;\" href=\"https:\/\/peopleartfactory.com\/g\/R4FTBtoGlsHwsCl5sSA8\" target=\"_blank\" rel=\"noopener\"><span data-sheets-value=\"{&quot;1&quot;:2,&quot;2&quot;:&quot;Tarda jove: T\u00f3mbola ( Cia. Gespalka'p)&quot;}\" data-sheets-userformat=\"{&quot;2&quot;:13187,&quot;3&quot;:{&quot;1&quot;:0},&quot;4&quot;:{&quot;1&quot;:2,&quot;2&quot;:16777215},&quot;10&quot;:2,&quot;11&quot;:4,&quot;12&quot;:0,&quot;15&quot;:&quot;Arial&quot;,&quot;16&quot;:10}\">\u00abAIBTISAMA\u00bb<br \/><\/span><\/a><\/span><\/span><\/p>\n<ul style=\"list-style-type: square;\">\n<li>Fins el 19 de desembre<\/li>\n<li>Centre C\u00edvic Teixonera<\/li>\n<li>Infants, joves i adolescents<\/li>\n<li>Gratu\u00eft<\/li>\n<li><strong>Qu\u00e8 \u00e9s? <\/strong>Exposici\u00f3 fotogr\u00e0fica a c\u00e0rrec d\u2019\u00c0lex Carmona sobre l\u2019experi\u00e8ncia viscuda durant l\u2019expedici\u00f3 per escoles i camps de refugiats al L\u00edban, duta a terme per Pallassos Sense Fronteres i encap\u00e7alada pel pallasso Tortell Poltrona al gener de 2020.<\/li>\n<\/ul>\n<p>\u00a0<\/p>\n<h2>Barber\u00e0 &#8211; Badia del Vall\u00e8s<\/h2>\n<p>\u00a0<\/p>\n<p><span style=\"color: #99cc00;\">[Cinema] <\/span><span style=\"color: #ff0000;\"><a style=\"color: #ff0000;\" href=\"https:\/\/www.bdv.cat\/docsdelmes\" target=\"_blank\" rel=\"noopener\">Estimada Sara, de Patricia Franquesa<\/a><\/span><span style=\"color: #99cc00;\"><br \/><\/span><\/p>\n<ul style=\"list-style-type: square;\">\n<li>Dimecres 30 de novembre a les 18.30h<\/li>\n<li>Auditori Maria Feliu (Barber\u00e0 del Vall\u00e8s)<\/li>\n<li>Joves i adolescents<\/li>\n<li>Gratu\u00eft<\/li>\n<li><strong><strong>Qu\u00e8 \u00e9s? <\/strong><\/strong>Un emotiu retrat de la Sara, la primera dona taxista de l\u2019Afganistan. La cineasta Patricia Franquesa captura la for\u00e7a d\u2019una dona poderosa que trenca barreres en una societat marcadament patriarcal. El rostre de la Sara mostra uns ulls brillants, incansables per defensar els drets de les dones i aconseguir all\u00f2 que semblava impossible. Una inspiradora hist\u00f2ria d\u2019amistat entre dues dones plenes de vida, un cant a l\u2019empatia i al di\u00e0leg entre cultures. El relat circular de la hist\u00f2ria vital de la Sara gira de la por a l\u2019amor i de l\u2019amor a la por. Un testimoni d\u2019una realitat que ja no existeix.\n<p>\u00a0<\/p>\n<\/li>\n<\/ul>\n<p><span style=\"color: #99cc00;\">[Esports] <\/span><span style=\"color: #ff0000;\"><a style=\"color: #ff0000;\" href=\"https:\/\/ajuntament.barcelona.cat\/sants-montjuic\/es\/guia-del-distrito\/agenda\/exposicio-llum-i-silenci_99400689419\" target=\"_blank\" rel=\"noopener\">Esports al carrer<\/a><\/span><span style=\"color: #99cc00;\"><br \/><\/span><\/p>\n<ul style=\"list-style-type: square;\">\n<li>Dimecres 16 de novembre de 18 a 19h<\/li>\n<li>Pla\u00e7a de la Constituci\u00f3<\/li>\n<li>Joves i adolescents<\/li>\n<li>Gratu\u00eft<\/li>\n<li><strong><strong>Qu\u00e8 \u00e9s? <\/strong><\/strong>Si t\u2019agrada el ping pong o t\u2019agradaria aprendre, acompanya l\u2019equip de medi obert amb amics i amigues gaudint dels esports a l\u2019aire lliure.\n<p>Qualsevol jove de Barber\u00e0 del Vall\u00e8s que tingui inter\u00e8s en participar a les activitats pot contactar amb el Servei Socioeducatiu per adolescents i joves a trav\u00e8s de les xarxes socials @adolescents.barbera \/ @joves.barbera, apropant-se a La Roma, enviant un correu a\u00a0<a href=\"mailto:laroma@bdv.cat\">laroma@bdv.cat<\/a> o trucant al tel\u00e8fon 620 242 191.<\/p>\n<\/li>\n<\/ul>\n<p>\u00a0<\/p>\n<p><span style=\"color: #99cc00;\">[Visita guiada] <\/span><span style=\"color: #ff0000;\"><a style=\"color: #ff0000;\" href=\"https:\/\/www.bdv.cat\/es\/agenda\/ruta-feminista-el-raco\" target=\"_blank\" rel=\"noopener\">Ruta feminista &#8211; El Rac\u00f3<\/a><\/span><span style=\"color: #99cc00;\"><br \/><\/span><\/p>\n<ul style=\"list-style-type: square;\">\n<li>Divendres 18 de novembre a les 17:30h<\/li>\n<li>Espai Jove el Rac\u00f3<\/li>\n<li>Joves i adolescents<\/li>\n<li>Gratu\u00eft, amb inscripci\u00f3 pr\u00e8via<\/li>\n<li><strong><strong>Qu\u00e8 \u00e9s? <\/strong><\/strong>Descobrim els carrers amb nom de dones de Barber\u00e0, la seva hist\u00f2ria i reflexionar com ens sentim en els carrers. Seguim les rutes a peu per descobrir Barber\u00e0 del Vall\u00e8s!<\/li>\n<\/ul>\n<p>\u00a0<\/p>\n<p><span style=\"color: #99cc00;\">[Karaoke] <\/span><span style=\"color: #ff0000;\"><a style=\"color: #ff0000;\" href=\"https:\/\/ajuntament.barcelona.cat\/ccivics\/teixonera\/p\/45722\/fem-bombes-de-sab-per-al-bany\" target=\"_blank\" rel=\"noopener\">Karaoke &#8211; La Roma<\/a><\/span><span style=\"color: #99cc00;\"><br \/><\/span><\/p>\n<ul style=\"list-style-type: square;\">\n<li>Divendres 18 de novembre de 18h a 19:30h<\/li>\n<li>Espai Jove La Roma<\/li>\n<li>Joves i adolescents<\/li>\n<li>Gratu\u00eft<\/li>\n<li><strong><strong>Qu\u00e8 \u00e9s? <\/strong><\/strong>Vine a passar-ho b\u00e9 al karaoke de La Roma!<\/li>\n<\/ul>\n<p>\u00a0<\/p>\n<p><span style=\"color: #99cc00;\">[Taller] <\/span><span style=\"color: #ff0000;\"><a style=\"color: #ff0000;\" href=\"https:\/\/www.bdv.cat\/agenda\/taller-autodefensa-digital-feminista-la-roma\" target=\"_blank\" rel=\"noopener\">Autodefensa digital feminista<\/a><\/span><span style=\"color: #99cc00;\"><br \/><\/span><\/p>\n<ul style=\"list-style-type: square;\">\n<li>Dilluns 21 de novembre de 18 a 20h<\/li>\n<li>Espai Jove La Roma<\/li>\n<li>Joves i adolescents (no mixte)<\/li>\n<li>Gratu\u00eft, amb inscrici\u00f3 pr\u00e8via<\/li>\n<li><strong><strong>Qu\u00e8 \u00e9s? <\/strong><\/strong>Les viol\u00e8ncies masclistes digitals s\u00f3n un fenomen creixent i d&#8217;abast mundial. En aquest taller s&#8217;explicaran els aspectes clau de les ciber-viol\u00e8ncies digitals per poder identificar-les i entendre l&#8217;ecosistema digital en qu\u00e8 es produeixen, alhora que es proporcionaran eines per a l&#8217;autodefensa digital feminista.\n<p>\u00a0<\/p>\n<\/li>\n<\/ul>\n<p><span style=\"color: #99cc00;\">[Taller] <span style=\"color: #ff0000;\"><a style=\"color: #ff0000;\" href=\"https:\/\/www.bdv.cat\/agenda\/creem-lultim-calendari-de-lany-el-raco\" target=\"_blank\" rel=\"noopener\">Creem l\u2019\u00faltim calendari de l\u2019any!<\/a><\/span><\/span><span style=\"color: #99cc00;\"><br \/><\/span><\/p>\n<ul style=\"list-style-type: square;\">\n<li>Del dilluns 28 al dimecres 30 de novembre de 17 a 20h<\/li>\n<li>Espai jove El Rac\u00f3<\/li>\n<li>Joves i adolescents<\/li>\n<li>Gratu\u00eft, amb inscripci\u00f3 pr\u00e8via<\/li>\n<li><strong><strong>Qu\u00e8 \u00e9s? <\/strong><\/strong>Amb ganes d\u2019arribar als dies de festa? Vols fer un compte enrere fins a acabar l\u2019any? Doncs est\u00e0s de sort, a El Rac\u00f3 els \u00faltims dies de novembre volem preparar calendaris de desembre d\u2019all\u00f2 m\u00e9s originals! I plens de sorpreses\u2026 Vine i emportat el teu a casa!<\/li>\n<\/ul>\n<p>\u00a0<\/p>\n<p><span style=\"color: #99cc00;\">[Taller] <span style=\"color: #ff0000;\"><a style=\"color: #ff0000;\" href=\"https:\/\/www.bdv.cat\/agenda\/descobrim-i-practiquem-jocs-de-magia-la-roma\" target=\"_blank\" rel=\"noopener\">Descobrim i practiquem jocs de m\u00e0gia<\/a><\/span><\/span><span style=\"color: #99cc00;\"><br \/><\/span><\/p>\n<ul style=\"list-style-type: square;\">\n<li>Divendres 11 de novembre de 17 a 20h<\/li>\n<li>Espai Jove La Roma<\/li>\n<li>Joves i adolescents<\/li>\n<li>Gratu\u00eft, amb inscripci\u00f3 pr\u00e8via<\/li>\n<li><strong>Qu\u00e8 \u00e9s? <\/strong>Entre totes investigarem jocs de m\u00e0gia hi ho practicarem. Vine a aprendre!<\/li>\n<\/ul>\n<p>\u00a0<\/p>\n<p><span style=\"color: #99cc00;\">[Xerrada] <span style=\"color: #ff0000;\"><a style=\"color: #ff0000;\" href=\"https:\/\/www.bdv.cat\/agenda\/parlem-de-drogues-el-raco\" target=\"_blank\" rel=\"noopener\">Parlem de drogues<\/a><\/span><\/span><span style=\"color: #99cc00;\"><br \/><\/span><\/p>\n<ul style=\"list-style-type: square;\">\n<li>Dimecres 9 de novembre de 18 a 19h<\/li>\n<li>Espai Jove El Rac\u00f3<\/li>\n<li>Joves i adolescents<\/li>\n<li>Gratu\u00eft, amb inscripci\u00f3 pr\u00e8via<\/li>\n<li><strong><strong><strong>Qu\u00e8 \u00e9s? <\/strong><\/strong><\/strong>Trenquem tab\u00fas parlant de les drogues, un espai on informar-te sobre quines drogues hi ha, quins efectes tenen\u2026<\/li>\n<\/ul>\n<p>\u00a0<\/p>\n<p><span style=\"color: #99cc00;\">[Xerrada] <span style=\"color: #ff0000;\"><a style=\"color: #ff0000;\" href=\"https:\/\/www.bdv.cat\/agenda\/trenquem-tabus-el-raco\" target=\"_blank\" rel=\"noopener\">Trenquem tab\u00fas<\/a><\/span><\/span><span style=\"color: #99cc00;\"><br \/><\/span><\/p>\n<ul style=\"list-style-type: square;\">\n<li>Del dilluns 14 al divendres 18 de novembre de 17 a 20 h<\/li>\n<li>Espai Jove El Rac\u00f3<\/li>\n<li>Joves i adolescents<\/li>\n<li>Gratu\u00eft, amb inscripci\u00f3 pr\u00e8via<\/li>\n<li><strong>Qu\u00e8 \u00e9s? <\/strong>Tens ganes de parlar de sexe i diversitat sexoafectiva? Creus que encara existeixen tab\u00fas al voltant de la sexualitat? Doncs no tinguis vergonya! A El Rac\u00f3 hem preparat una setmana plena d\u2019activitats per descobrir juntes la sexualitat. Anima\u2019t a participar!<\/li>\n<\/ul>\n<p>\u00a0<\/p>\n<p><span style=\"color: #99cc00;\">[Taller] <span style=\"color: #ff0000;\"><a style=\"color: #ff0000;\" href=\"https:\/\/www.bdv.cat\/es\/agenda\/kahoot-de-las-its-la-roma\" target=\"_blank\" rel=\"noopener\">Kahoot de les its<\/a><\/span><\/span><span style=\"color: #99cc00;\"><br \/><\/span><\/p>\n<ul style=\"list-style-type: square;\">\n<li>Dilluns 14 de novembre de 18 a 19h<\/li>\n<li>Espai Jove La Roma<\/li>\n<li>Joves i adolescents<\/li>\n<li>Gratu\u00eft, amb inscripci\u00f3 pr\u00e8via<\/li>\n<li><strong>Qu\u00e8 \u00e9s? <\/strong>Saps tot el que s\u2019ha de saber de les infeccions de transmissions sexuals? Juguem i aprenem!<\/li>\n<\/ul>\n<p>\u00a0<\/p>\n<p><span style=\"color: #99cc00;\">[Taller] <span style=\"color: #ff0000;\"><a style=\"color: #ff0000;\" href=\"https:\/\/www.bdv.cat\/agenda\/celebrem-la-setmana-de-lalbum-illustrat-fem-un-taller-de-mascares-amb-lexpo-ideal\" target=\"_blank\" rel=\"noopener\">Celebrem la Setmana de l\u2019\u00c0lbum il\u00b7lustrat: Fem un taller de m\u00e0scares amb l\u2019Expo Ideal!<\/a><\/span><\/span><span style=\"color: #99cc00;\"><br \/><\/span><\/p>\n<ul style=\"list-style-type: square;\">\n<li>Dilluns 7 de novembre a les 18h<\/li>\n<li>Biblioteca Esteve Paluzie<\/li>\n<li>Infants<\/li>\n<li>Gratu\u00eft, amb inscripci\u00f3 pr\u00e8via<\/li>\n<li><strong>Qu\u00e8 \u00e9s? <\/strong>En aquest taller ens aproparem a l\u2019obra de l\u2019autor Herv\u00e9 Tullet i aprendrem a construir entre els participants una exposici\u00f3 en forma de m\u00e0scara. Una proposta l\u00fadica i de col.laboraci\u00f3 on fent servir els colors, les tisores, la cola, per\u00f2 sobretot la nostra imaginaci\u00f3 els infants podran desenvolupar les seves actituds art\u00edstiques. Es podran endur les seves obres a casa o exposar-les a la Biblioteca.<\/li>\n<\/ul>\n<p>\u00a0<\/p>\n<p><span style=\"color: #99cc00;\">[Jocs de taula] <span style=\"color: #ff0000;\"><a style=\"color: #ff0000;\" href=\"https:\/\/www.bdv.cat\/agenda\/escacs-infants-3\" target=\"_blank\" rel=\"noopener\">Escacs per a infants<\/a><\/span><\/span><span style=\"color: #99cc00;\"><br \/><\/span><\/p>\n<ul style=\"list-style-type: square;\">\n<li>Dimarts de 17h a 18:30h i Dijous de 17:30h a 19h.<\/li>\n<li>Biblioteca Esteve Paluzie<\/li>\n<li>Infants, a partir de 6 anys<\/li>\n<li>Gratu\u00eft, amb inscripci\u00f3 pr\u00e8via<\/li>\n<li><strong>Qu\u00e8 \u00e9s? <\/strong>Activitat d&#8217;escacs perqu\u00e8 els infants puguin iniciar-se en aquest joc tan fascinant. Amb una metodologia activa i participativa els infants aprendran els moviments de les peces i l&#8217;estrat\u00e8gia b\u00e0sica del joc a c\u00e0rrec del Club d&#8217;Escacs de Barber\u00e0 del Vall\u00e8s. Una entitat fundada l&#8217;any 1952 amb l&#8217;objectiu principal d&#8217;estimular la conviv\u00e8ncia social i cultural de la ciutadania de Barber\u00e0 a trav\u00e9s de la pr\u00e0ctica dels escacs. Des del final dels anys setanta organitza anualment l&#8217;Open Internacional d&#8217;Escacs de Barber\u00e0.\n<p>\u00a0<\/p>\n<\/li>\n<\/ul>\n<p><span style=\"color: #99cc00;\">[Taller] <span style=\"color: #ff0000;\"><a style=\"color: #ff0000;\" href=\"https:\/\/www.bdv.cat\/agenda\/fem-slime-la-roma\" target=\"_blank\" rel=\"noopener\">Fem slime!<\/a><\/span><\/span><span style=\"color: #99cc00;\"><br \/><\/span><\/p>\n<ul style=\"list-style-type: square;\">\n<li>Dilluns 30 de novembre de 18 a 19h<\/li>\n<li>Espai Jove La Roma<\/li>\n<li>Joves i adolescents<\/li>\n<li>Gratu\u00eft, amb inscripci\u00f3 pr\u00e8via<\/li>\n<li><strong>Qu\u00e8 \u00e9s? <\/strong>T&#8217;agradaria fer una joguina casolana? Vols tenir una joguina que t&#8217;ajudi a desestressar-te? Vine aquest dilluns a La Roma i apr\u00e8n com es fa un Slime, crea-ho per a tu i al teu gust. T&#8217;esperem!\n<p>\u00a0<\/p>\n<\/li>\n<\/ul>\n<p><span style=\"color: #99cc00;\">[Esports] <span style=\"color: #ff0000;\"><a style=\"color: #ff0000;\" href=\"https:\/\/www.bdv.cat\/agenda\/torneig-de-ping-pong-la-roma-0\" target=\"_blank\" rel=\"noopener\">Torneig de ping-pong<\/a><\/span><\/span><span style=\"color: #99cc00;\"><br \/><\/span><\/p>\n<ul style=\"list-style-type: square;\">\n<li>Dimarts 8 de novembre de 17 a 20h.<\/li>\n<li>Espai Jove La Roma<\/li>\n<li>Joves i adolescents<\/li>\n<li>Gratu\u00eft, cal inscripci\u00f3 pr\u00e8via<\/li>\n<li><strong><strong>Qu\u00e8 \u00e9s? <\/strong><\/strong>Es celebra el segon torneig del curs a La Roma. Vine amb les teves amistats i coneix d\u2019altres. T\u2019animes a jugar?<\/li>\n<\/ul>\n<p>\u00a0<\/p>\n<h2>Montcada i Reixac<\/h2>\n<p>\u00a0<\/p>\n<p><span style=\"color: #99cc00;\">[Exposici\u00f3] <span style=\"color: #ff0000;\"><a style=\"color: #ff0000;\" href=\"https:\/\/www.montcada.cat\/actualitat\/agenda\/exposicio-barbera-rookies-cfa.html\" target=\"_blank\" rel=\"noopener\">Barber\u00e0 Rookies CFA<\/a><\/span><\/span><span style=\"color: #99cc00;\"><br \/><\/span><\/p>\n<ul style=\"list-style-type: square;\">\n<li>Fins el 25 de novembre<\/li>\n<li>Espai Cultural Kursaal<\/li>\n<li>Infants, joves i adolescents<\/li>\n<li>Gratu\u00eft<\/li>\n<li><strong><strong>Qu\u00e8 \u00e9s? <\/strong><\/strong>Mostra fotogr\u00e0fica col\u00b7lectiva de membres de l&#8217;AFOTMiR<\/li>\n<\/ul>\n<p>\u00a0<\/p>\n<p><span style=\"color: #99cc00;\">[Exposici\u00f3] <span style=\"color: #ff0000;\"><a style=\"color: #ff0000;\" href=\"https:\/\/www.montcada.cat\/actualitat\/agenda\/exposicio-xiii-biennal-estatal-de-fotografia.html\" target=\"_blank\" rel=\"noopener\">XIII Biennal Estatal de Fotografia<\/a><\/span><\/span><span style=\"color: #99cc00;\"><br \/><\/span><\/p>\n<ul style=\"list-style-type: square;\">\n<li>Fins el 20 de novembre<\/li>\n<li>Casa de la Vila<\/li>\n<li>Joves i adolescents<\/li>\n<li>Gratu\u00eft<\/li>\n<li><strong>Qu\u00e8 \u00e9s? <\/strong>Selecci\u00f3 d&#8217;obres Premi Ciutat de Montcada i Reixac 2022.<\/li>\n<\/ul>\n<p>\u00a0<\/p>\n<p><span style=\"color: #99cc00;\">[Exposici\u00f3] <span style=\"color: #ff0000;\"><a style=\"color: #ff0000;\" href=\"https:\/\/www.montcada.cat\/actualitat\/agenda\/exposicio-pell-de-gallina.html\" target=\"_blank\" rel=\"noopener\">Pell de gallina<\/a><\/span><\/span><span style=\"color: #99cc00;\"><br \/><\/span><\/p>\n<ul style=\"list-style-type: square;\">\n<li>Fins l&#8217;11 de desembre<\/li>\n<li>Auditori municipal<\/li>\n<li>Joves i adolescents<\/li>\n<li>Gratu\u00eft<\/li>\n<li><strong><strong>Qu\u00e8 \u00e9s? <\/strong><\/strong>Mostra retrospectiva que intenta traslladar al paper l\u2019\u00e0nima dels objectes, seguint la t\u00e8cnica del stiacciato que usava l\u2019itali\u00e0 Donatello als seus bai\u00adxos relleus, i la del grec Fidias, a partir de draps mullats. El resultat s\u00f3n petits sudaris que recorden el sistema de lectura Braille que utilitzen les perso\u00adnes cegues. La mostra tamb\u00e9 inclou obres creades des del confinament i fins a l\u2019actua\u00adlitat, que reflecteixen la por i la incertesa viscudes durant l\u2019eta\u00adpa pand\u00e8mica.<\/li>\n<\/ul>\n<p>\u00a0<\/p>\n<p><span style=\"color: #99cc00;\">[Exposici\u00f3] <span style=\"color: #ff0000;\"><a style=\"color: #ff0000;\" href=\"https:\/\/www.montcada.cat\/actualitat\/agenda\/exposicio-resistencies-de-dones-a-catalunya-i-palestina.html\" target=\"_blank\" rel=\"noopener\">Resist\u00e8ncies de dones a Catalunya i Palestina<\/a><\/span><\/span><span style=\"color: #99cc00;\"><br \/><\/span><\/p>\n<ul style=\"list-style-type: square;\">\n<li>Fins l&#8217;11 de novembre<\/li>\n<li>Centre C\u00edvic Can Cui\u00e0s<\/li>\n<li>Joves i adolescents<\/li>\n<li>Gratu\u00eft<\/li>\n<li><strong><strong>Qu\u00e8 \u00e9s? <\/strong><\/strong>Recull testimonis reals de dones supervivents de viol\u00e8ncies masclistes, a trav\u00e9s de fotografies simb\u00f2liques i relats personals.<\/li>\n<\/ul>\n<p>\u00a0<\/p>\n<p><span style=\"color: #99cc00;\">[Taller] <span style=\"color: #ff0000;\"><a style=\"color: #ff0000;\" href=\"https:\/\/www.montcada.cat\/actualitat\/agenda\/taller-per-a-joves-insectes-i-aranyes-a-les-vostres-mans.html\" target=\"_blank\" rel=\"noopener\">Insectes i aranyes a les vostres mans<\/a><\/span><\/span><span style=\"color: #99cc00;\"><br \/><\/span><\/p>\n<ul style=\"list-style-type: square;\">\n<li>Dimarts 8 de novembre a les 18h<\/li>\n<li>Biblioteca Can Sant Joan<\/li>\n<li>Joves i adolescents<\/li>\n<li>Gratu\u00eft, amb inscripci\u00f3 pr\u00e8via<\/li>\n<li><strong>Qu\u00e8 \u00e9s? <\/strong>No tots els animals ens s\u00f3n atractius. La majoria d&#8217;invertebrats ens produeixen una sensaci\u00f3 de rebuig. Voleu saber si sou capa\u00e7os de tocar una aranya? En aquest taller podreu gaudir d&#8217;una mostra d&#8217;insectes i d&#8217;altres invertebrats a tocar de vosaltres.<\/li>\n<\/ul>\n<p>\u00a0<\/p>\n<p><span style=\"color: #99cc00;\">[Exposici\u00f3] <span style=\"color: #ff0000;\"><a style=\"color: #ff0000;\" href=\"https:\/\/www.montcada.cat\/actualitat\/agenda\/exposicio-fibromialgia-convivint-amb-ella-2a-part.html\" target=\"_blank\" rel=\"noopener\">Fibromi\u00e0lgia, convivint amb ella<\/a><\/span><\/span><span style=\"color: #99cc00;\"><br \/><\/span><\/p>\n<ul style=\"list-style-type: square;\">\n<li>Del 14 de novembre al 14 de desembre<\/li>\n<li>Centre C\u00edvic Can Cui\u00e0s<\/li>\n<li>Joves i adolescents<\/li>\n<li>Gratu\u00eft<\/li>\n<li><strong><strong>Qu\u00e8 \u00e9s? <\/strong><\/strong>Manoli Tapies ens porta per un viatge personal a trav\u00e9s de la pintura, on ens mostra les seves experi\u00e8ncies amb la fibromialgia.<\/li>\n<\/ul>\n<p>\u00a0<\/p>\n<p><span style=\"color: #99cc00;\">[Taller] <span style=\"color: #ff0000;\"><a style=\"color: #ff0000;\" href=\"https:\/\/www.montcada.cat\/actualitat\/agenda\/taller-per-a-joves-taller-daquarella-cientifiques-marines-i-illustracio-naturalista.html\" target=\"_blank\" rel=\"noopener\">Taller d&#8217;aquarel\u00b7la. Cient\u00edfiques marines i il\u00b7lustraci\u00f3 naturalista<\/a><\/span><\/span><span style=\"color: #99cc00;\"><br \/><\/span><\/p>\n<ul style=\"list-style-type: square;\">\n<li>Dimecres 23 de novembre a les 17h<\/li>\n<li>Biblioteca de Can Sant Joan<\/li>\n<li>Joves i adolescents<\/li>\n<li>Gratu\u00eft, amb inscripci\u00f3 pr\u00e8via<\/li>\n<li><strong>Qu\u00e8 \u00e9s? <\/strong>Parlem de cient\u00edfiques mediambientals vinculades als oceans i dibuixem una aquarel\u00b7la seguint les t\u00e8cniques de la il\u00b7lustraci\u00f3 naturalista.<\/li>\n<\/ul>\n<p>\u00a0<\/p>\n<p><span style=\"color: #99cc00;\">[Taller] <span style=\"color: #ff0000;\"><a style=\"color: #ff0000;\" href=\"https:\/\/www.montcada.cat\/actualitat\/agenda\/taller-toca-toca-coneguem-els-animals-vertebrats.html\" target=\"_blank\" rel=\"noopener\">Toca-toca: coneguem els animals vertebrats<\/a><\/span><\/span><span style=\"color: #99cc00;\"><br \/><\/span><\/p>\n<ul style=\"list-style-type: square;\">\n<li>Dilluns 28 de novembre a les 17.30h<\/li>\n<li>Biblioteca de Can Sant Joan<\/li>\n<li>Infants fins a 6\u00e8 de prim\u00e0ria<\/li>\n<li>Gratu\u00eft, amb inscripci\u00f3 pr\u00e8via<\/li>\n<li><strong>Qu\u00e8 \u00e9s? <\/strong>Taller molt pr\u00e0ctic i din\u00e0mic on els participants, toquen, observen i descobreixen directament, diferents animals vius (ocell, gerbo, xinxilla, eri\u00e7\u00f3, tortuga, gripau, etc.).<\/li>\n<\/ul>\n<p>\u00a0<\/p>\n<h2>Mollet del Vall\u00e8s<\/h2>\n<p>\u00a0<\/p>\n<p><span style=\"color: #99cc00;\">[Taller] <span style=\"color: #ff0000;\"><a style=\"color: #ff0000;\" href=\"https:\/\/cosmocaixa.org\/ca\/p\/el-sol_a33511124\" target=\"_blank\" rel=\"noopener\">\u00abCom dibuixar vampirs\u00bb<\/a><\/span><br \/><\/span><\/p>\n<ul style=\"list-style-type: square;\">\n<li>Dijous 3 de novembre de 18h a 19.30h<\/li>\n<li>Biblioteca Can Mul\u00e0 &#8211; Jordi Sol\u00e9 Tura<\/li>\n<li>Infants i adolescents a partir de 12 anys<\/li>\n<li>Gratu\u00eft, amb inscripci\u00f3 pr\u00e8via<\/li>\n<li><strong><strong>Qu\u00e8 \u00e9s? <\/strong><\/strong>A c\u00e0rrec de Harry Patos. Places limitades. Cal inscripci\u00f3 pr\u00e8via. Gratu\u00eft. A partir de 12 anys. Activitat inclosa dins del cicle Vampirs 2022.<\/li>\n<\/ul>\n<p>\u00a0<\/p>\n<p><span style=\"color: #99cc00;\">[Exposici\u00f3] <span style=\"color: #ff0000;\"><a style=\"color: #ff0000;\" href=\"https:\/\/www.molletvalles.cat\/continguts-es-es\/actualitat-es-es\/agenda-dactivitats-es-es\/show\/22727\" target=\"_blank\" rel=\"noopener\">\u00abDistopia\u00bb d&#8217;Anna Bannana<\/a><a style=\"color: #ff0000;\" href=\"https:\/\/ajuntament.barcelona.cat\/ccivics\/parcsandaru\/p\/44312\/escnic-presenta-blanca-desvelada-de-la-cia-aleteo-teatro-bdc\" target=\"_blank\" rel=\"noopener\"><br \/><\/a><\/span><\/span><\/p>\n<ul style=\"list-style-type: square;\">\n<li>De dilluns a divendres<\/li>\n<li>Centre Cultural La Marineta<\/li>\n<li>Adolescents i joves<\/li>\n<li><span style=\"color: initial;\">Gratu\u00eft, amb inscripci\u00f3 pr\u00e8via<\/span><\/li>\n<li><strong><strong>Qu\u00e8 \u00e9s? <\/strong><\/strong>A c\u00e0rrec de Harry Patos. Places limitades. Cal inscripci\u00f3 pr\u00e8via. Gratu\u00eft. A partir de 12 anys. Activitat inclosa dins del cicle Vampirs 2022.<\/li>\n<\/ul>\n<p>\u00a0<\/p>\n<p><span style=\"color: #99cc00;\">[Club de lectura] <span style=\"color: #ff0000;\"><a style=\"color: #ff0000;\" href=\"https:\/\/www.molletvalles.cat\/continguts-es-es\/actualitat-es-es\/agenda-dactivitats-es-es\/show\/22653\" target=\"_blank\" rel=\"noopener\"><span data-sheets-value=\"{&quot;1&quot;:2,&quot;2&quot;:&quot;4\u00aa edici\u00f3 Biennal d\u2019art contra el maltractament animal&quot;}\" data-sheets-userformat=\"{&quot;2&quot;:8960,&quot;11&quot;:4,&quot;12&quot;:0,&quot;16&quot;:10}\">\u00abEndrapallibres\u00bb<\/span><\/a><\/span><\/span><\/p>\n<ul style=\"list-style-type: square;\">\n<li>Divendres 4 de novembre a les 17:30h<\/li>\n<li>Biblioteca Can Mul\u00e0 &#8211; Jordi Sol\u00e9 Tura<\/li>\n<li><span style=\"color: initial;\">Infants entre 8 a 12 anys<\/span><\/li>\n<li><span style=\"color: initial;\">Gratu\u00eft, amb inscripci\u00f3 pr\u00e8via<\/span><br \/>\n<p>\u00a0<\/p>\n<\/li>\n<\/ul>\n<p><span style=\"color: #99cc00;\">[Espectacle] <span style=\"color: #ff0000;\"><a style=\"color: #ff0000;\" href=\"https:\/\/www.molletvalles.cat\/continguts-es-es\/actualitat-es-es\/agenda-dactivitats-es-es\/show\/22701\" target=\"_blank\" rel=\"noopener\"><span data-sheets-value=\"{&quot;1&quot;:2,&quot;2&quot;:&quot;Exposici\u00f3 pict\u00f2rica: referent \u00e9s nom de dona&quot;}\" data-sheets-userformat=\"{&quot;2&quot;:8961,&quot;3&quot;:{&quot;1&quot;:0},&quot;11&quot;:4,&quot;12&quot;:0,&quot;16&quot;:10}\">Espectacle de Playback Prenadal dels Amics de l&#8217;Art<\/span><\/a><\/span><\/span><\/p>\n<ul style=\"list-style-type: square;\">\n<li>Dimecres 30 de novembre a les 17h<\/li>\n<li>Mercat Vell<\/li>\n<li>Joves i adolescents<\/li>\n<li>Gratu\u00eft<\/li>\n<\/ul>\n<p>\u00a0<\/p>\n<div>\n<h2>Santa Coloma de Gramenet<\/h2>\n<p>\u00a0<\/p>\n<p><span style=\"color: #99cc00;\">[Circ]<\/span> <span style=\"color: #ff0000;\"><a style=\"color: #ff0000;\" href=\"https:\/\/teatresagarra.koobin.cat\/index.php\" target=\"_blank\" rel=\"noopener\">De tu a tu<\/a><\/span><\/p>\n<ul>\n<li>Divendres 25 de novembre a les 19h<\/li>\n<li>Teatre Segarra<\/li>\n<li>Joves i adolescents<\/li>\n<li>Gratu\u00eft, amb inscripci\u00f3 pr\u00e8via<\/li>\n<li><strong>Qu\u00e8 \u00e9s? <\/strong>Un espectacle de circ integrador que ens porta de viatge a la introspecci\u00f3 de les relacions personals que sorgeixen en el duo, quan un individu est\u00e0 davant d\u2019un altre. Una mostra diversa i de qualitat de t\u00e8cniques circenses, arquitect\u00f2niques i musicals. Aquesta nova proposta vol ser, sens dubte, un manifest i una demostraci\u00f3 de la igualtat de les persones, que podem i hem de mirar-nos des un mateix pla, ni per sobre ni per sota.<\/li>\n<\/ul>\n<\/div>\n<h2>\u00a0<\/h2>\n<h2>Matar\u00f3<\/h2>\n<p>\u00a0<\/p>\n<p><span style=\"color: #99cc00;\">[Taller]<\/span> <span style=\"color: #ff0000;\"><a style=\"color: #ff0000;\" href=\"https:\/\/drive.google.com\/file\/d\/1GHUPsJ3PH0KC1k5GuboV88W0znmgUok_\/view\" target=\"_blank\" rel=\"noopener\">Ciutats defensores<\/a><\/span><\/p>\n<ul>\n<li>Dimecres 16 de novembre de 18h a 20h<\/li>\n<li>Espai Jove Cerdanyola<\/li>\n<li>Joves i adolescents<\/li>\n<li>Gratu\u00eft, amb inscripci\u00f3 pr\u00e8via<\/li>\n<\/ul>\n<p>\u00a0<\/p>\n<p><span style=\"color: #99cc00;\">[Taller]<\/span> <span style=\"color: #ff0000;\"><a style=\"color: #ff0000;\" href=\"https:\/\/drive.google.com\/file\/d\/1GHUPsJ3PH0KC1k5GuboV88W0znmgUok_\/view\" target=\"_blank\" rel=\"noopener\">Taller de maquillatge<\/a><\/span><\/p>\n<ul>\n<li>Dimarts 15 de novembre de 18h a 19:30h<\/li>\n<li>Espai Jove Rocafonda &#8211; El Palau<\/li>\n<li>Joves i adolescents<\/li>\n<li>Gratu\u00eft, amb inscripci\u00f3 pr\u00e8via<\/li>\n<li><strong>Qu\u00e8 \u00e9s? <\/strong>Pressions est\u00e8tiques, salut i interculturalitat.<\/li>\n<\/ul>\n<p>\u00a0<\/p>\n<p><span style=\"color: #99cc00;\">[Taller]<\/span> <span style=\"color: #ff0000;\"><a style=\"color: #ff0000;\" href=\"https:\/\/drive.google.com\/file\/d\/1GHUPsJ3PH0KC1k5GuboV88W0znmgUok_\/view\" target=\"_blank\" rel=\"noopener\">Taller d&#8217;elaboraci\u00f3 de fanalets\/ll\u00e0nties<\/a><\/span><\/p>\n<ul>\n<li>Dilluns 7 i dimarts 8 de novembre de 18h a 20h<\/li>\n<li>Espai Jove La Ll\u00e0ntia<\/li>\n<li>Joves i adolescents<\/li>\n<li>Gratu\u00eft, amb inscripci\u00f3 pr\u00e8via<\/li>\n<li><strong>Qu\u00e8 \u00e9s? <\/strong>Festivitat Divali.<\/li>\n<\/ul>\n<p>\u00a0<\/p>\n<p><span style=\"color: #99cc00;\">[Cicle]<\/span> <span style=\"color: #ff0000;\"><a style=\"color: #ff0000;\" href=\"https:\/\/drive.google.com\/file\/d\/1GHUPsJ3PH0KC1k5GuboV88W0znmgUok_\/view\" target=\"_blank\" rel=\"noopener\">Campanya 25N: Dia internacional contra les viol\u00e8ncies masclistes<\/a><\/span><\/p>\n<ul>\n<li>3,8,10 de novembre de 18h a 19:30h<\/li>\n<li>Espai Jove Cerdanyola<\/li>\n<li>Joves i adolescents<\/li>\n<li>Gratu\u00eft<\/li>\n<\/ul>\n<p>\u00a0<\/p>\n<div>\n<p>\u00a0<\/p>\n<\/div>\n","protected":false},"excerpt":{"rendered":"<p>Comencem un altre curs de mentoria amb m\u00e9s energia que mai! Aquest mes de novembre s&#8217;inicien la majoria de t\u00e0ndems, aix\u00ed que us proposem un munt d&#8217;activitats per fer a les primeres sessions. Aix\u00ed podeu anar generant el vincle! En aquesta agenda cultural destaquen les activitats recomanades pel Dia Internacional de l&#8217;Eliminaci\u00f3 de la Viol\u00e8ncia &hellip; <a href=\"https:\/\/entandem.cat\/es\/recursos-es\/agenda-cultural-novembre-2022-bcn\/\">Continued<\/a><\/p>\n","protected":false},"author":1,"featured_media":10021,"comment_status":"closed","ping_status":"open","sticky":false,"template":"","format":"standard","meta":{"footnotes":""},"categories":[320],"tags":[],"class_list":["post-10018","post","type-post","status-publish","format-standard","has-post-thumbnail","hentry","category-recursos-es"],"yoast_head":"<!-- This site is optimized with the Yoast SEO plugin v27.0 - https:\/\/yoast.com\/product\/yoast-seo-wordpress\/ -->\n<title>Agenda cultural - Novembre 2022 (BCN) - enT\u00e0ndem<\/title>\n<meta name=\"robots\" content=\"index, follow, max-snippet:-1, max-image-preview:large, max-video-preview:-1\" \/>\n<link rel=\"canonical\" href=\"https:\/\/entandem.cat\/es\/recursos-es\/agenda-cultural-novembre-2022-bcn\/\" \/>\n<meta property=\"og:locale\" content=\"es_ES\" \/>\n<meta property=\"og:type\" content=\"article\" \/>\n<meta property=\"og:title\" content=\"Agenda cultural - Novembre 2022 (BCN) - enT\u00e0ndem\" \/>\n<meta property=\"og:description\" content=\"Comencem un altre curs de mentoria amb m\u00e9s energia que mai! Aquest mes de novembre s&#8217;inicien la majoria de t\u00e0ndems, aix\u00ed que us proposem un munt d&#8217;activitats per fer a les primeres sessions. Aix\u00ed podeu anar generant el vincle! En aquesta agenda cultural destaquen les activitats recomanades pel Dia Internacional de l&#8217;Eliminaci\u00f3 de la Viol\u00e8ncia &hellip; Continued\" \/>\n<meta property=\"og:url\" content=\"https:\/\/entandem.cat\/es\/recursos-es\/agenda-cultural-novembre-2022-bcn\/\" \/>\n<meta property=\"og:site_name\" content=\"enT\u00e0ndem\" \/>\n<meta property=\"article:publisher\" content=\"https:\/\/www.facebook.com\/afevcat\" \/>\n<meta property=\"article:published_time\" content=\"2022-11-02T16:13:24+00:00\" \/>\n<meta property=\"article:modified_time\" content=\"2022-11-02T16:13:25+00:00\" \/>\n<meta property=\"og:image\" content=\"https:\/\/entandem.cat\/wp-content\/uploads\/2022\/11\/Agenda-cultural-novembre.png\" \/>\n\t<meta property=\"og:image:width\" content=\"1200\" \/>\n\t<meta property=\"og:image:height\" content=\"800\" \/>\n\t<meta property=\"og:image:type\" content=\"image\/png\" \/>\n<meta name=\"author\" content=\"adminTandem\" \/>\n<meta name=\"twitter:card\" content=\"summary_large_image\" \/>\n<meta name=\"twitter:creator\" content=\"@afevcat\" \/>\n<meta name=\"twitter:site\" content=\"@afevcat\" \/>\n<meta name=\"twitter:label1\" content=\"Escrito por\" \/>\n\t<meta name=\"twitter:data1\" content=\"adminTandem\" \/>\n\t<meta name=\"twitter:label2\" content=\"Tiempo de lectura\" \/>\n\t<meta name=\"twitter:data2\" content=\"24 minutos\" \/>\n<script type=\"application\/ld+json\" class=\"yoast-schema-graph\">{\"@context\":\"https:\/\/schema.org\",\"@graph\":[{\"@type\":\"Article\",\"@id\":\"https:\/\/entandem.cat\/es\/recursos-es\/agenda-cultural-novembre-2022-bcn\/#article\",\"isPartOf\":{\"@id\":\"https:\/\/entandem.cat\/es\/recursos-es\/agenda-cultural-novembre-2022-bcn\/\"},\"author\":{\"name\":\"adminTandem\",\"@id\":\"https:\/\/entandem.cat\/#\/schema\/person\/2111428ce1954193a11054a1e2b5b0da\"},\"headline\":\"Agenda cultural &#8211; Novembre 2022 (BCN)\",\"datePublished\":\"2022-11-02T16:13:24+00:00\",\"dateModified\":\"2022-11-02T16:13:25+00:00\",\"mainEntityOfPage\":{\"@id\":\"https:\/\/entandem.cat\/es\/recursos-es\/agenda-cultural-novembre-2022-bcn\/\"},\"wordCount\":5882,\"publisher\":{\"@id\":\"https:\/\/entandem.cat\/#organization\"},\"image\":{\"@id\":\"https:\/\/entandem.cat\/es\/recursos-es\/agenda-cultural-novembre-2022-bcn\/#primaryimage\"},\"thumbnailUrl\":\"https:\/\/entandem.cat\/wp-content\/uploads\/2022\/11\/Agenda-cultural-novembre.png\",\"articleSection\":[\"Recursos\"],\"inLanguage\":\"es\"},{\"@type\":\"WebPage\",\"@id\":\"https:\/\/entandem.cat\/es\/recursos-es\/agenda-cultural-novembre-2022-bcn\/\",\"url\":\"https:\/\/entandem.cat\/es\/recursos-es\/agenda-cultural-novembre-2022-bcn\/\",\"name\":\"Agenda cultural - Novembre 2022 (BCN) - enT\u00e0ndem\",\"isPartOf\":{\"@id\":\"https:\/\/entandem.cat\/#website\"},\"primaryImageOfPage\":{\"@id\":\"https:\/\/entandem.cat\/es\/recursos-es\/agenda-cultural-novembre-2022-bcn\/#primaryimage\"},\"image\":{\"@id\":\"https:\/\/entandem.cat\/es\/recursos-es\/agenda-cultural-novembre-2022-bcn\/#primaryimage\"},\"thumbnailUrl\":\"https:\/\/entandem.cat\/wp-content\/uploads\/2022\/11\/Agenda-cultural-novembre.png\",\"datePublished\":\"2022-11-02T16:13:24+00:00\",\"dateModified\":\"2022-11-02T16:13:25+00:00\",\"breadcrumb\":{\"@id\":\"https:\/\/entandem.cat\/es\/recursos-es\/agenda-cultural-novembre-2022-bcn\/#breadcrumb\"},\"inLanguage\":\"es\",\"potentialAction\":[{\"@type\":\"ReadAction\",\"target\":[\"https:\/\/entandem.cat\/es\/recursos-es\/agenda-cultural-novembre-2022-bcn\/\"]}]},{\"@type\":\"ImageObject\",\"inLanguage\":\"es\",\"@id\":\"https:\/\/entandem.cat\/es\/recursos-es\/agenda-cultural-novembre-2022-bcn\/#primaryimage\",\"url\":\"https:\/\/entandem.cat\/wp-content\/uploads\/2022\/11\/Agenda-cultural-novembre.png\",\"contentUrl\":\"https:\/\/entandem.cat\/wp-content\/uploads\/2022\/11\/Agenda-cultural-novembre.png\",\"width\":1200,\"height\":800},{\"@type\":\"BreadcrumbList\",\"@id\":\"https:\/\/entandem.cat\/es\/recursos-es\/agenda-cultural-novembre-2022-bcn\/#breadcrumb\",\"itemListElement\":[{\"@type\":\"ListItem\",\"position\":1,\"name\":\"Inici\",\"item\":\"https:\/\/entandem.cat\/es\/\"},{\"@type\":\"ListItem\",\"position\":2,\"name\":\"Agenda cultural &#8211; Novembre 2022 (BCN)\"}]},{\"@type\":\"WebSite\",\"@id\":\"https:\/\/entandem.cat\/#website\",\"url\":\"https:\/\/entandem.cat\/\",\"name\":\"enT\u00e0ndem\",\"description\":\"Voluntariat Social Universitari\",\"publisher\":{\"@id\":\"https:\/\/entandem.cat\/#organization\"},\"potentialAction\":[{\"@type\":\"SearchAction\",\"target\":{\"@type\":\"EntryPoint\",\"urlTemplate\":\"https:\/\/entandem.cat\/?s={search_term_string}\"},\"query-input\":{\"@type\":\"PropertyValueSpecification\",\"valueRequired\":true,\"valueName\":\"search_term_string\"}}],\"inLanguage\":\"es\"},{\"@type\":\"Organization\",\"@id\":\"https:\/\/entandem.cat\/#organization\",\"name\":\"enT\u00e0ndem\",\"url\":\"https:\/\/entandem.cat\/\",\"logo\":{\"@type\":\"ImageObject\",\"inLanguage\":\"es\",\"@id\":\"https:\/\/entandem.cat\/#\/schema\/logo\/image\/\",\"url\":\"https:\/\/entandem.cat\/wp-content\/uploads\/2016\/12\/logo-entandem.png\",\"contentUrl\":\"https:\/\/entandem.cat\/wp-content\/uploads\/2016\/12\/logo-entandem.png\",\"width\":166,\"height\":44,\"caption\":\"enT\u00e0ndem\"},\"image\":{\"@id\":\"https:\/\/entandem.cat\/#\/schema\/logo\/image\/\"},\"sameAs\":[\"https:\/\/www.facebook.com\/afevcat\",\"https:\/\/x.com\/afevcat\",\"https:\/\/www.instagram.com\/afevcat\/\"]},{\"@type\":\"Person\",\"@id\":\"https:\/\/entandem.cat\/#\/schema\/person\/2111428ce1954193a11054a1e2b5b0da\",\"name\":\"adminTandem\"}]}<\/script>\n<!-- \/ Yoast SEO plugin. -->","yoast_head_json":{"title":"Agenda cultural - Novembre 2022 (BCN) - enT\u00e0ndem","robots":{"index":"index","follow":"follow","max-snippet":"max-snippet:-1","max-image-preview":"max-image-preview:large","max-video-preview":"max-video-preview:-1"},"canonical":"https:\/\/entandem.cat\/es\/recursos-es\/agenda-cultural-novembre-2022-bcn\/","og_locale":"es_ES","og_type":"article","og_title":"Agenda cultural - Novembre 2022 (BCN) - enT\u00e0ndem","og_description":"Comencem un altre curs de mentoria amb m\u00e9s energia que mai! Aquest mes de novembre s&#8217;inicien la majoria de t\u00e0ndems, aix\u00ed que us proposem un munt d&#8217;activitats per fer a les primeres sessions. Aix\u00ed podeu anar generant el vincle! En aquesta agenda cultural destaquen les activitats recomanades pel Dia Internacional de l&#8217;Eliminaci\u00f3 de la Viol\u00e8ncia &hellip; Continued","og_url":"https:\/\/entandem.cat\/es\/recursos-es\/agenda-cultural-novembre-2022-bcn\/","og_site_name":"enT\u00e0ndem","article_publisher":"https:\/\/www.facebook.com\/afevcat","article_published_time":"2022-11-02T16:13:24+00:00","article_modified_time":"2022-11-02T16:13:25+00:00","og_image":[{"width":1200,"height":800,"url":"https:\/\/entandem.cat\/wp-content\/uploads\/2022\/11\/Agenda-cultural-novembre.png","type":"image\/png"}],"author":"adminTandem","twitter_card":"summary_large_image","twitter_creator":"@afevcat","twitter_site":"@afevcat","twitter_misc":{"Escrito por":"adminTandem","Tiempo de lectura":"24 minutos"},"schema":{"@context":"https:\/\/schema.org","@graph":[{"@type":"Article","@id":"https:\/\/entandem.cat\/es\/recursos-es\/agenda-cultural-novembre-2022-bcn\/#article","isPartOf":{"@id":"https:\/\/entandem.cat\/es\/recursos-es\/agenda-cultural-novembre-2022-bcn\/"},"author":{"name":"adminTandem","@id":"https:\/\/entandem.cat\/#\/schema\/person\/2111428ce1954193a11054a1e2b5b0da"},"headline":"Agenda cultural &#8211; Novembre 2022 (BCN)","datePublished":"2022-11-02T16:13:24+00:00","dateModified":"2022-11-02T16:13:25+00:00","mainEntityOfPage":{"@id":"https:\/\/entandem.cat\/es\/recursos-es\/agenda-cultural-novembre-2022-bcn\/"},"wordCount":5882,"publisher":{"@id":"https:\/\/entandem.cat\/#organization"},"image":{"@id":"https:\/\/entandem.cat\/es\/recursos-es\/agenda-cultural-novembre-2022-bcn\/#primaryimage"},"thumbnailUrl":"https:\/\/entandem.cat\/wp-content\/uploads\/2022\/11\/Agenda-cultural-novembre.png","articleSection":["Recursos"],"inLanguage":"es"},{"@type":"WebPage","@id":"https:\/\/entandem.cat\/es\/recursos-es\/agenda-cultural-novembre-2022-bcn\/","url":"https:\/\/entandem.cat\/es\/recursos-es\/agenda-cultural-novembre-2022-bcn\/","name":"Agenda cultural - Novembre 2022 (BCN) - enT\u00e0ndem","isPartOf":{"@id":"https:\/\/entandem.cat\/#website"},"primaryImageOfPage":{"@id":"https:\/\/entandem.cat\/es\/recursos-es\/agenda-cultural-novembre-2022-bcn\/#primaryimage"},"image":{"@id":"https:\/\/entandem.cat\/es\/recursos-es\/agenda-cultural-novembre-2022-bcn\/#primaryimage"},"thumbnailUrl":"https:\/\/entandem.cat\/wp-content\/uploads\/2022\/11\/Agenda-cultural-novembre.png","datePublished":"2022-11-02T16:13:24+00:00","dateModified":"2022-11-02T16:13:25+00:00","breadcrumb":{"@id":"https:\/\/entandem.cat\/es\/recursos-es\/agenda-cultural-novembre-2022-bcn\/#breadcrumb"},"inLanguage":"es","potentialAction":[{"@type":"ReadAction","target":["https:\/\/entandem.cat\/es\/recursos-es\/agenda-cultural-novembre-2022-bcn\/"]}]},{"@type":"ImageObject","inLanguage":"es","@id":"https:\/\/entandem.cat\/es\/recursos-es\/agenda-cultural-novembre-2022-bcn\/#primaryimage","url":"https:\/\/entandem.cat\/wp-content\/uploads\/2022\/11\/Agenda-cultural-novembre.png","contentUrl":"https:\/\/entandem.cat\/wp-content\/uploads\/2022\/11\/Agenda-cultural-novembre.png","width":1200,"height":800},{"@type":"BreadcrumbList","@id":"https:\/\/entandem.cat\/es\/recursos-es\/agenda-cultural-novembre-2022-bcn\/#breadcrumb","itemListElement":[{"@type":"ListItem","position":1,"name":"Inici","item":"https:\/\/entandem.cat\/es\/"},{"@type":"ListItem","position":2,"name":"Agenda cultural &#8211; Novembre 2022 (BCN)"}]},{"@type":"WebSite","@id":"https:\/\/entandem.cat\/#website","url":"https:\/\/entandem.cat\/","name":"enT\u00e0ndem","description":"Voluntariat Social Universitari","publisher":{"@id":"https:\/\/entandem.cat\/#organization"},"potentialAction":[{"@type":"SearchAction","target":{"@type":"EntryPoint","urlTemplate":"https:\/\/entandem.cat\/?s={search_term_string}"},"query-input":{"@type":"PropertyValueSpecification","valueRequired":true,"valueName":"search_term_string"}}],"inLanguage":"es"},{"@type":"Organization","@id":"https:\/\/entandem.cat\/#organization","name":"enT\u00e0ndem","url":"https:\/\/entandem.cat\/","logo":{"@type":"ImageObject","inLanguage":"es","@id":"https:\/\/entandem.cat\/#\/schema\/logo\/image\/","url":"https:\/\/entandem.cat\/wp-content\/uploads\/2016\/12\/logo-entandem.png","contentUrl":"https:\/\/entandem.cat\/wp-content\/uploads\/2016\/12\/logo-entandem.png","width":166,"height":44,"caption":"enT\u00e0ndem"},"image":{"@id":"https:\/\/entandem.cat\/#\/schema\/logo\/image\/"},"sameAs":["https:\/\/www.facebook.com\/afevcat","https:\/\/x.com\/afevcat","https:\/\/www.instagram.com\/afevcat\/"]},{"@type":"Person","@id":"https:\/\/entandem.cat\/#\/schema\/person\/2111428ce1954193a11054a1e2b5b0da","name":"adminTandem"}]}},"_links":{"self":[{"href":"https:\/\/entandem.cat\/es\/wp-json\/wp\/v2\/posts\/10018","targetHints":{"allow":["GET"]}}],"collection":[{"href":"https:\/\/entandem.cat\/es\/wp-json\/wp\/v2\/posts"}],"about":[{"href":"https:\/\/entandem.cat\/es\/wp-json\/wp\/v2\/types\/post"}],"author":[{"embeddable":true,"href":"https:\/\/entandem.cat\/es\/wp-json\/wp\/v2\/users\/1"}],"replies":[{"embeddable":true,"href":"https:\/\/entandem.cat\/es\/wp-json\/wp\/v2\/comments?post=10018"}],"version-history":[{"count":1,"href":"https:\/\/entandem.cat\/es\/wp-json\/wp\/v2\/posts\/10018\/revisions"}],"predecessor-version":[{"id":10025,"href":"https:\/\/entandem.cat\/es\/wp-json\/wp\/v2\/posts\/10018\/revisions\/10025"}],"wp:featuredmedia":[{"embeddable":true,"href":"https:\/\/entandem.cat\/es\/wp-json\/wp\/v2\/media\/10021"}],"wp:attachment":[{"href":"https:\/\/entandem.cat\/es\/wp-json\/wp\/v2\/media?parent=10018"}],"wp:term":[{"taxonomy":"category","embeddable":true,"href":"https:\/\/entandem.cat\/es\/wp-json\/wp\/v2\/categories?post=10018"},{"taxonomy":"post_tag","embeddable":true,"href":"https:\/\/entandem.cat\/es\/wp-json\/wp\/v2\/tags?post=10018"}],"curies":[{"name":"wp","href":"https:\/\/api.w.org\/{rel}","templated":true}]}}